{"id":40495,"date":"2026-07-09T08:21:09","date_gmt":"2026-07-09T08:21:09","guid":{"rendered":"https:\/\/www.europesays.com\/afrika\/40495\/"},"modified":"2026-07-09T08:21:09","modified_gmt":"2026-07-09T08:21:09","slug":"marokko-geschockt-bittere-wm-nachricht-fuer-bayern-star-saibari-fussball","status":"publish","type":"post","link":"https:\/\/www.europesays.com\/afrika\/40495\/","title":{"rendered":"Marokko geschockt: Bittere WM-Nachricht f\u00fcr Bayern-Star Saibari | Fu\u00dfball"},"content":{"rendered":"<p>Marokko steht wieder im Viertelfinale der <a href=\"https:\/\/sportbild.bild.de\/fussball\/wm-yTCPXgTTl9P1AhquZhcL.sport.html\" class=\"text-link\" rel=\"nofollow noopener\" target=\"_blank\">Weltmeisterschaft<\/a>. Als erstes afrikanisches Team \u00fcberhaupt hat es die Mannschaft zum zweiten Mal in der Geschichte des Landes in die Runde der letzten acht Teams bei einer WM geschafft. In Katar kam Marokko vor vier Jahren sogar sensationell ins Halbfinale. Dort scheiterte man an Frankreich. <\/p>\n<p>Jetzt kommt es zur Neuauflage dieses WM-Krachers. Allerdings muss Marokko vor dem Viertelfinal-Duell gegen Frankreich \u2013 ab 22 Uhr <a href=\"https:\/\/sportdaten.sportbild.bild.de\/fussball\/fifa-wm\/ma10714031\/frankreich_marokko\/liveticker\/\" rel=\"noopener nofollow\" class=\"text-link\" target=\"_blank\">hier im Liveticker<\/a> \u2013 eine Schocknachricht verkraften. Ismael Saibari (25) wird das Spiel verletzungsbedingt verpassen. <\/p>\n<p>Bittere Nachricht f\u00fcr Bayern-Star Saibari<\/p>\n<p>Bitter: Der k\u00fcnftige <a href=\"https:\/\/sportbild.bild.de\/bundesliga\/vereine\/bayern-muenchen\/home-33283572.sport.html\" class=\"text-link\" rel=\"nofollow noopener\" target=\"_blank\">Bayern<\/a>-Star ist nach seiner fr\u00fchen Auswechslung im Achtelfinale gegen Kanada (3:0) doch nicht rechtzeitig fit geworden. Das best\u00e4tigte Nationaltrainer Mohamed Ouahbi auf der Pressekonferenz vor dem Spiel.<\/p>\n<p>Es ging fast unter: DAS war das gr\u00f6\u00dfte Skandalspiel der WM<a class=\"anchor video-teaser__anchor\" href=\"https:\/\/sportbild.bild.de\/fussball\/fussball-wm\/es-ging-fast-unter-das-war-das-groesste-skandalspiel-der-wm-6a4f4702bb0cf80de56a2ff8\" rel=\"nofollow noopener\" target=\"_blank\"><img decoding=\"async\" width=\"992\" height=\"558\" alt=\"\" loading=\"lazy\" src=\"https:\/\/www.europesays.com\/afrika\/wp-content\/uploads\/2026\/07\/11b4df0e241fa9d5a520dc544ccfec01-landscape,1f98c700.jpeg\"   class=\"landscape teaser__image\"\/><\/a><\/p>\n<p>Quelle: BILD09.07.2026<\/p>\n<p>\u201eAbgesehen von Saibari stehen alle zur Verf\u00fcgung\u201c, sagte der Coach. F\u00fcr den Offensivspieler komme die Partie gegen Frankreich noch zu fr\u00fch. Gleichzeitig machte Ouahbi Hoffnung auf eine R\u00fcckkehr im weiteren Turnierverlauf. Er hoffe, dass Saibari nicht f\u00fcr den Rest der Weltmeisterschaft ausfalle.<\/p>\n<p>Der 25-J\u00e4hrige hatte sich beim Sieg gegen Kanada eine Muskelverletzung zugezogen. Zuletzt war von einer leichten Zerrung die Rede gewesen. Bislang geh\u00f6rt Saibari mit drei Treffern zu den auff\u00e4lligsten Spielern Marokkos. Erst in der vergangenen Woche war sein Wechsel von der PSV Eindhoven zum FC Bayern offiziell geworden.<\/p>\n<p>Mehr zum ThemaMarokko schreibt erneut WM-Geschichte<\/p>\n<p>Trotz des Ausfalls glaubt Ouahbi an den n\u00e4chsten Coup seines Teams. \u201eIch mag es nicht, wenn Leute sagen, dass unsere WM bereits ein Erfolg ist\u201c, erkl\u00e4rte der Nationaltrainer. Eine Bilanz ziehe man erst nach dem Turnier. Jetzt gelte der volle Fokus dem Viertelfinale gegen Frankreich.<\/p>\n<p>Die Marokkaner wollen zum zweiten Mal in Folge das Halbfinale einer <a href=\"https:\/\/sportbild.bild.de\/fussball\/fussball-wm\/neue-attacke-gegen-frankreich-star-skandal-politikerin-nennt-mbappe-huren-6a4f25e6bb0cf80de56a2e89\" class=\"text-link\" rel=\"nofollow noopener\" target=\"_blank\">Weltmeisterschaft<\/a> erreichen. In Katar war ihnen als erster afrikanischer Nation der Sprung unter die letzten vier gelungen. Diesmal soll Frankreich aber nicht wieder Endstation bedeuten \u2026<\/p>\n","protected":false},"excerpt":{"rendered":"Marokko steht wieder im Viertelfinale der Weltmeisterschaft. Als erstes afrikanisches Team \u00fcberhaupt hat es die Mannschaft zum zweiten&hellip;\n","protected":false},"author":2,"featured_media":40496,"comment_status":"","ping_status":"","sticky":false,"template":"","format":"standard","meta":{"footnotes":"","_share_on_mastodon":"0"},"categories":[10],"tags":[2340,152,1147,95,96,8055,665,2648],"class_list":["post-40495","post","type-post","status-publish","format-standard","has-post-thumbnail","category-marokko","tag-fc-bayern-muenchen","tag-fussball","tag-fussball-wm-2026","tag-marokko","tag-morocco","tag-nationalmannschaft-frankreich","tag-nationalmannschaft-marokko","tag-viertelfinale"],"share_on_mastodon":{"url":"https:\/\/pubeurope.com\/@afrika\/116889051715874580","error":""},"_links":{"self":[{"href":"https:\/\/www.europesays.com\/afrika\/wp-json\/wp\/v2\/posts\/40495","targetHints":{"allow":["GET"]}}],"collection":[{"href":"https:\/\/www.europesays.com\/afrika\/wp-json\/wp\/v2\/posts"}],"about":[{"href":"https:\/\/www.europesays.com\/afrika\/wp-json\/wp\/v2\/types\/post"}],"author":[{"embeddable":true,"href":"https:\/\/www.europesays.com\/afrika\/wp-json\/wp\/v2\/users\/2"}],"replies":[{"embeddable":true,"href":"https:\/\/www.europesays.com\/afrika\/wp-json\/wp\/v2\/comments?post=40495"}],"version-history":[{"count":0,"href":"https:\/\/www.europesays.com\/afrika\/wp-json\/wp\/v2\/posts\/40495\/revisions"}],"wp:featuredmedia":[{"embeddable":true,"href":"https:\/\/www.europesays.com\/afrika\/wp-json\/wp\/v2\/media\/40496"}],"wp:attachment":[{"href":"https:\/\/www.europesays.com\/afrika\/wp-json\/wp\/v2\/media?parent=40495"}],"wp:term":[{"taxonomy":"category","embeddable":true,"href":"https:\/\/www.europesays.com\/afrika\/wp-json\/wp\/v2\/categories?post=40495"},{"taxonomy":"post_tag","embeddable":true,"href":"https:\/\/www.europesays.com\/afrika\/wp-json\/wp\/v2\/tags?post=40495"}],"curies":[{"name":"wp","href":"https:\/\/api.w.org\/{rel}","templated":true}]}}