{"id":40984,"date":"2026-07-11T08:08:46","date_gmt":"2026-07-11T08:08:46","guid":{"rendered":"https:\/\/www.europesays.com\/afrika\/40984\/"},"modified":"2026-07-11T08:08:46","modified_gmt":"2026-07-11T08:08:46","slug":"viertelfinale-gegen-marokko-fehlverhalten-wird-nicht-toleriert-frankreich-versetzt-sicherheitskraefte-in-alarmbereitschaft","status":"publish","type":"post","link":"https:\/\/www.europesays.com\/afrika\/40984\/","title":{"rendered":"Viertelfinale gegen Marokko: \u201eFehlverhalten wird nicht toleriert\u201c \u2013 Frankreich versetzt Sicherheitskr\u00e4fte in Alarmbereitschaft"},"content":{"rendered":"<p class=\"is-first-paragraph\" data-external=\"Article.FirstParagraph\">Das erste Viertelfinale bei der Weltmeisterschaft birgt viel Brisanz. Weniger am Spielort, sondern in Frankreich. <a class=\"is-link c-block-items__link c-link--rich-text-renderer\" href=\"https:\/\/www.welt.de\/sport\/fussball\/wm\/article6a4f8d84fe4170d03593b792\/wm-2026-warum-schlagen-sie-mich-eklat-auf-marokkos-pressekonferenz.html\" data-internal-tracking-enabled=\"true\" data-internal-tracking=\"{&quot;action&quot;:&quot;click&quot;,&quot;label&quot;:&quot;link&quot;,&quot;name&quot;:&quot;Inline Element&quot;,&quot;data&quot;:{&quot;source&quot;:&quot;&quot;,&quot;target&quot;:&quot;https:\/\/www.welt.de\/sport\/fussball\/wm\/article6a4f8d84fe4170d03593b792\/wm-2026-warum-schlagen-sie-mich-eklat-auf-marokkos-pressekonferenz.html&quot;,&quot;trackingName&quot;:&quot;&quot;,&quot;trackingLabel&quot;:&quot;&quot;}}\" rel=\"nofollow noopener\" target=\"_blank\">Wenn Marokko<\/a> und Frankreich am Donnerstagabend (22 Uhr, ARD, MagentaTV und <a class=\"is-link c-block-items__link c-link--rich-text-renderer\" href=\"https:\/\/sportdaten.welt.de\/fussball\/wm\/ma10714031\/frankreich_marokko\/liveticker\/\" target=\"_blank\" title=\"Link wird in einem neuen Tab ge\u00f6ffnet\" rel=\"nofollow noopener\" data-internal-tracking-enabled=\"true\" data-internal-tracking=\"{&quot;action&quot;:&quot;click&quot;,&quot;label&quot;:&quot;link&quot;,&quot;name&quot;:&quot;Inline Element&quot;,&quot;data&quot;:{&quot;source&quot;:&quot;&quot;,&quot;target&quot;:&quot;https:\/\/sportdaten.welt.de\/fussball\/wm\/ma10714031\/frankreich_marokko\/liveticker\/&quot;,&quot;trackingName&quot;:&quot;&quot;,&quot;trackingLabel&quot;:&quot;&quot;}}\">im Liveticker bei WELT<\/a>) in Boston gegeneinander spielen, herrscht in Frankreich erh\u00f6hte Alarmbereitschaft. Die Beh\u00f6rden sind gewarnt, denn sie f\u00fcrchten nach der Partie \u00fcberall im Land Ausschreitungen.<\/p>\n<p>Vorsorglich haben die franz\u00f6sischen Beh\u00f6rden die Fu\u00dfballfans zu friedlichem Verhalten ermahnt. \u201eIch appelliere an das Verantwortungsbewusstsein aller. Es muss ein Fest bleiben\u201c, sagte Sportministerin Marina Ferrari dem Sender France Info. Innenminister Laurent Nu\u00f1ez erkl\u00e4rte, dass \u201ekeinerlei Fehlverhalten toleriert werde\u201c. Die Sicherheitskr\u00e4fte im ganzen Land w\u00fcrden in Alarmbereitschaft versetzt.<\/p>\n<p>Am Rande der Spiele der beiden Mannschaften hatte es in der Vergangenheit immer wieder Ausschreitungen gegeben. Als <a class=\"is-link c-block-items__link c-link--rich-text-renderer\" href=\"https:\/\/www.welt.de\/themen\/frankreich\/\" data-internal-tracking-enabled=\"true\" data-internal-tracking=\"{&quot;action&quot;:&quot;click&quot;,&quot;label&quot;:&quot;link&quot;,&quot;name&quot;:&quot;Inline Element&quot;,&quot;data&quot;:{&quot;source&quot;:&quot;&quot;,&quot;target&quot;:&quot;https:\/\/www.welt.de\/themen\/frankreich\/&quot;,&quot;trackingName&quot;:&quot;&quot;,&quot;trackingLabel&quot;:&quot;&quot;}}\" rel=\"nofollow noopener\" target=\"_blank\">Frankreich<\/a> im WM-Halbfinale 2022 gegen Marokko gewann, verliefen die Feierlichkeiten aber weitgehend friedlich. Wegen Ausschreitungen im Zuge der Feiern nach dem Champions-League-Triumph von <a class=\"is-link c-block-items__link c-link--rich-text-renderer\" href=\"https:\/\/www.welt.de\/themen\/paris-st-germain\/\" data-internal-tracking-enabled=\"true\" data-internal-tracking=\"{&quot;action&quot;:&quot;click&quot;,&quot;label&quot;:&quot;link&quot;,&quot;name&quot;:&quot;Inline Element&quot;,&quot;data&quot;:{&quot;source&quot;:&quot;&quot;,&quot;target&quot;:&quot;https:\/\/www.welt.de\/themen\/paris-st-germain\/&quot;,&quot;trackingName&quot;:&quot;&quot;,&quot;trackingLabel&quot;:&quot;&quot;}}\" rel=\"nofollow noopener\" target=\"_blank\">Paris Saint\u2011Germain<\/a> gegen den FC Arsenal Ende Mai hatte die franz\u00f6sische Polizei hunderte Menschen in Gewahrsam genommen.<\/p>\n<p>Gr\u00f6\u00dfte marokkanische Diaspora in Frankreich<\/p>\n<p>Marokko erlangte 1956 die Unabh\u00e4ngigkeit von Frankreich und unterh\u00e4lt heute weitgehend normale Beziehungen zur einstigen Kolonialmacht. Mehrere Spieler der marokkanischen Nationalmannschaft wurden in Frankreich geboren und stehen bei franz\u00f6sischen Vereinen unter Vertrag. Marokkos Kapit\u00e4n Achraf Hakimi spielt f\u00fcr Paris Saint-Germain. <\/p>\n<p>In Frankreich leben Sch\u00e4tzungen zufolge 2,5 Millionen Menschen mit marokkanischem Migrationshintergrund \u2013 rund 500.000 von ihnen besitzen noch die marokkanische Staatsb\u00fcrgerschaft. Frankreich beherbergt damit die gr\u00f6\u00dfte marokkanische Diaspora weltweit.<\/p>\n","protected":false},"excerpt":{"rendered":"Das erste Viertelfinale bei der Weltmeisterschaft birgt viel Brisanz. Weniger am Spielort, sondern in Frankreich. Wenn Marokko und&hellip;\n","protected":false},"author":2,"featured_media":40985,"comment_status":"","ping_status":"","sticky":false,"template":"","format":"standard","meta":{"footnotes":"","_share_on_mastodon":"0"},"categories":[10],"tags":[2428,331,12941,1147,95,1065,96,15989,74,10992],"class_list":["post-40984","post","type-post","status-publish","format-standard","has-post-thumbnail","category-marokko","tag-champions-league","tag-frankreich","tag-frankreich-fussballnationalmannschaft","tag-fussball-wm-2026","tag-marokko","tag-marokko-fussballnationalmannschaft","tag-morocco","tag-paris-st-germain","tag-texttospeech","tag-wm-2026-ad"],"share_on_mastodon":{"url":"https:\/\/pubeurope.com\/@afrika\/116900325255849359","error":""},"_links":{"self":[{"href":"https:\/\/www.europesays.com\/afrika\/wp-json\/wp\/v2\/posts\/40984","targetHints":{"allow":["GET"]}}],"collection":[{"href":"https:\/\/www.europesays.com\/afrika\/wp-json\/wp\/v2\/posts"}],"about":[{"href":"https:\/\/www.europesays.com\/afrika\/wp-json\/wp\/v2\/types\/post"}],"author":[{"embeddable":true,"href":"https:\/\/www.europesays.com\/afrika\/wp-json\/wp\/v2\/users\/2"}],"replies":[{"embeddable":true,"href":"https:\/\/www.europesays.com\/afrika\/wp-json\/wp\/v2\/comments?post=40984"}],"version-history":[{"count":0,"href":"https:\/\/www.europesays.com\/afrika\/wp-json\/wp\/v2\/posts\/40984\/revisions"}],"wp:featuredmedia":[{"embeddable":true,"href":"https:\/\/www.europesays.com\/afrika\/wp-json\/wp\/v2\/media\/40985"}],"wp:attachment":[{"href":"https:\/\/www.europesays.com\/afrika\/wp-json\/wp\/v2\/media?parent=40984"}],"wp:term":[{"taxonomy":"category","embeddable":true,"href":"https:\/\/www.europesays.com\/afrika\/wp-json\/wp\/v2\/categories?post=40984"},{"taxonomy":"post_tag","embeddable":true,"href":"https:\/\/www.europesays.com\/afrika\/wp-json\/wp\/v2\/tags?post=40984"}],"curies":[{"name":"wp","href":"https:\/\/api.w.org\/{rel}","templated":true}]}}