{"id":41990,"date":"2026-07-16T19:46:16","date_gmt":"2026-07-16T19:46:16","guid":{"rendered":"https:\/\/www.europesays.com\/afrika\/41990\/"},"modified":"2026-07-16T19:46:16","modified_gmt":"2026-07-16T19:46:16","slug":"merz-und-algeriens-praesident-tebboune-bauen-energiepartnerschaft-aus","status":"publish","type":"post","link":"https:\/\/www.europesays.com\/afrika\/41990\/","title":{"rendered":"Merz und Algeriens Pr\u00e4sident Tebboune bauen Energiepartnerschaft aus"},"content":{"rendered":"\n<p>Merz und Algeriens Pr\u00e4sident Tebboune bauen Energiepartnerschaft aus<\/p>\n<p>   Lesezeit: 3 Minuten    Erstellt: 16. Juli 2026    <img decoding=\"async\" class=\"caption\" title=\"Foto: \u00a9 kk \/ EU-Schwerbehinderung\" src=\"https:\/\/www.europesays.com\/afrika\/wp-content\/uploads\/2026\/07\/EUS_9945-2333-2026-DBT-ARC.jpg\" alt=\"Bildbeschreibung: Bundeskanzler Friedrich Merz (CDU) und der algerische Staatspr\u00e4sident Abdelmadjid Tebboune.\"\/>  <\/p>\n<p>Bundeskanzler Friedrich Merz (CDU) hat am Donnerstag, den 16. Juli 2026, den algerischen Staatspr\u00e4sidenten Abdelmadjid Tebboune zu einem offiziellen Besuch im Bundeskanzleramt empfangen. Im Mittelpunkt der Gespr\u00e4che standen der Ausbau der wirtschaftlichen Zusammenarbeit, insbesondere im Energie- und Rohstoffsektor, sowie die sicherheitspolitische Stabilit\u00e4t in der Region.<\/p>\n<p>Energiekooperation als strategisches Leuchtturmprojekt<\/p>\n<p>Deutschland und Algerien planen, ihre Energiepartnerschaft auf ein neues Niveau zu heben. Algerien, bereits jetzt einer der wichtigsten Erdgaslieferanten f\u00fcr die Europ\u00e4ische Union, soll k\u00fcnftig eine Schl\u00fcsselrolle bei der Wasserstoffversorgung Europas einnehmen.<\/p>\n<p>\u201eWir wollen auch den Export von Wasserstoff zwischen Algerien und Europa, zwischen Algerien und Deutschland weiter voranbringen. Wir werden daf\u00fcr gemeinsam mit Italien die Entwicklung eines s\u00fcdlichen Wasserstoffkorridors vorantreiben\u201c, erkl\u00e4rte Bundeskanzler Friedrich Merz.<\/p>\n<p>Pr\u00e4sident Tebboune best\u00e4tigte das gro\u00dfe Interesse seines Landes an dieser Zusammenarbeit und bezeichnete die Partnerschaft mit Deutschland als \u201estrategisch\u201c. Er betonte die Zuverl\u00e4ssigkeit Algeriens als Lieferant und verwies auf den Ausbau der wirtschaftlichen Kooperation, f\u00fcr die Algerien mittlerweile eine \u201eOne-Stop-Shop\u201c-L\u00f6sung zur Erleichterung ausl\u00e4ndischer Direktinvestitionen eingerichtet habe.<\/p>\n<p>Wirtschaftliche Dynamik und Investitionen<\/p>\n<p>\u00dcber den Energiesektor hinaus streben beide L\u00e4nder eine Intensivierung ihrer Handelsbeziehungen in weiteren Industriebereichen an. Merz nannte hierbei konkret die Automobilindustrie sowie die R\u00fcstungs- und Ausr\u00fcstungsinvestitionen als Schwerpunkte f\u00fcr die Zukunft.<\/p>\n<p>Pr\u00e4sident Tebboune hob hervor, dass Algerien zudem eine engere Kooperation in hochspezialisierten Sektoren anstrebe, beispielsweise in der Pharmaproduktion und der medizinischen Biotechnologie, in denen Deutschland als weltweit f\u00fchrend gilt. \u201eWir st\u00fctzen uns auf unsere Freundschaft mit der Bundesrepublik Deutschland, um solche Projekte durchzuf\u00fchren, die am Ende beiden L\u00e4ndern zum Vorteil gereichen\u201c, sagte Tebboune.<\/p>\n<p>Anteilnahme nach Brandkatastrophe<\/p>\n<p>Das Treffen war \u00fcberschattet von einer Trag\u00f6die in der algerischen Hauptstadt. Kurz vor Beginn des Besuchs war ein Waisenhaus in der N\u00e4he von Algier in Brand geraten, wobei zahlreiche Kinder ums Leben kamen.<\/p>\n<p>Sowohl der Bundeskanzler als auch der algerische Pr\u00e4sident dr\u00fcckten \u00f6ffentlich ihre tiefe Betroffenheit aus. \u201eHerr Pr\u00e4sident, ich m\u00f6chte Ihnen und Ihrem Land namens der Bundesrepublik Deutschland meine tiefe Anteilnahme aussprechen\u201c, so Merz in seiner Er\u00f6ffnung. Tebboune dankte f\u00fcr die Anteilnahme und sprach den betroffenen Familien sein Beileid aus.<\/p>\n<p>Ausblick: Fokus auf deutsch-franz\u00f6sische Konsultationen<\/p>\n<p>In der Pressekonferenz \u00e4u\u00dferte sich Merz zudem kurz zum anstehenden deutsch-franz\u00f6sischen Treffen in N\u00f6rvenich, das heute beginnt. Dabei sollen unter anderem strategische Fragen der Nuklearkooperation er\u00f6rtert werden. Der Kanzler betonte, den Ergebnissen dieser Beratungen nicht vorgreifen zu wollen und verwies auf das Abschlusskommuniqu\u00e9, das am morgigen Freitag ver\u00f6ffentlicht wird.<\/p>\n<p>Auf eine innenpolitische Frage zur Leihmutterschaft nach der Ank\u00fcndigung von Jens Spahn, Vater geworden zu sein, reagierte Merz kurz und formell: Er habe seinem Fraktionschef bereits zur Geburt gratuliert, werde sich jedoch in Anwesenheit eines hochrangigen Staatsgastes nicht weiter in Details der innenpolitischen Debatte einlassen.<\/p>\n<p>    NewsletterPost von der Redaktion EU-Schwerbehinderung<a href=\"https:\/\/www.eu-schwerbehinderung.eu\/index.php\/schwerbehinderung\/11-vl-list\" target=\"_blank\" rel=\"noopener nofollow\"><\/a>Kostenlos per E-Mail in Ihrem Posteingang<a id=\"rcorners2\" href=\"https:\/\/www.eu-schwerbehinderung.eu\/index.php\/schwerbehinderung\/11-vl-list\" target=\"_blank\" rel=\"noopener nofollow\">Newsletter bestellen<\/a>  <\/p>\n<p>Autor: dm \/ \u00a9 EU-Schwerbehinderung<\/p>\n<p>       EU-Schwerbehinderung Tag: Merz, Algeriens, Pr\u00e4sident, Tebboune, bauen, Energiepartnerschaft, aus, EUS, EUS-Nachrichten, Nachrichten, News, Behindertenpolitik, Inklusion, Teilhabe, Barrierefreiheit, Pflege, Schwerbehinderung, Behinderung, Gesundheit, Berichte, Informationen, Liveticker, Newsticker, Nachrichten-App, News-App, Medien, Politik, Wirtschaft, Finanzen, Kultur, Literatur   <\/p>\n<p class=\"cookieconsent-optout-marketing-header\">\n<p> EU-Schwerbehinderung Nachrichtenmagazin<\/p>\n<p style=\"line-height: 50%\">EU-Schwerbehinderung ist ein Nachrichtenmagazin und finanziert sich mit Werbung.<\/p>\n<p style=\"line-height: 50%\">Werbung unterst\u00fctzt uns unsere journalistischen Inhalte anzubieten, zu finanzieren und zu verbessern.<\/p>\n<p style=\"line-height: 50%\">Um diesen Artikel lesen zu k\u00f6nnen, m\u00fcssen Sie der Werbung zustimmen.<\/p>\n<p>Details zu Werbe- und Analyse-Trackern sowie zum jederzeit m\u00f6glichen Widerruf finden Sie in unserer <a href=\"http:\/\/datenschutz.eu-schwerbehinderung.eu\" target=\"_blank\" rel=\"noopener noreferrer nofollow\">Datenschutzerkl\u00e4rung<\/a> oder im <a href=\"https:\/\/www.eu-schwerbehinderung.eu\/index.php\/34-master\/5760-cookie-declaration\" target=\"_blank\" rel=\"noopener noreferrer nofollow\">Privacy Center<\/a> am Ende jeder Seite.<\/p>\n<p><a style=\"color: #000000;\" href=\"https:\/\/www.eu-schwerbehinderung.eu\/index.php\/richtlinien\/1318-impressum\" target=\"_blank\" rel=\"nofollow noopener noreferrer\">Impressum &#8211; <\/a> <a style=\"color: #000000;\" href=\"http:\/\/datenschutz.eu-schwerbehinderung.eu\" target=\"_blank\" rel=\"nofollow noopener noreferrer\">Datenschutz &#8211; <\/a> <a style=\"color: #000000;\" href=\"http:\/\/agb.eu-schwerbehinderung.eu\" target=\"_blank\" rel=\"nofollow noopener noreferrer\">Nutzungsbedingungen<\/a><\/p>\n<p>Werbeblocker aktiv !<\/p>\n<p>EU-Schwerbehinderung ist ein Nachrichtenmagazin und finanziert sich mit Werbung.<\/p>\n<p>Um diesen Inhalt lesen zu k\u00f6nnen, schalten sie<\/p>\n<p>bitte den Werbeblocker ab!<\/p>\n<p>HINWEIS: Wird die Seite &#8218;inPrivat&#8216; oder im &#8218;Inkonito&#8216; Modus aufgerufen, kann die Seite bei einigen Browsern nicht angezeigt werden.<\/p>\n<p>Wenn sie die Werbung zulassen, unterst\u00fctzen sie uns, auch in Zukunft unser Angebot kostenlos anbieten zu k\u00f6nnen.<\/p>\n<p><a style=\"color: #000000;\" href=\"https:\/\/www.eu-schwerbehinderung.eu\/index.php\/richtlinien\/1318-impressum\" target=\"_blank\" rel=\"nofollow noopener noreferrer\">Impressum<\/a> <a style=\"color: #000000;\" href=\"http:\/\/datenschutz.eu-schwerbehinderung.eu\" target=\"_blank\" rel=\"nofollow noopener noreferrer\">Datenschutz<\/a> <a style=\"color: #000000;\" href=\"http:\/\/agb.eu-schwerbehinderung.eu\" target=\"_blank\" rel=\"nofollow noopener noreferrer\">Nutzungsbedingungen<\/a> <a style=\"color: #000000;\" href=\"https:\/\/www.eu-schwerbehinderung.eu\/index.php\/34-master\/5760-cookie-declaration\" rel=\"nofollow noopener\" target=\"_blank\">Datenschutzeinstellung<\/a><\/p>\n","protected":false},"excerpt":{"rendered":"Merz und Algeriens Pr\u00e4sident Tebboune bauen Energiepartnerschaft aus Lesezeit: 3 Minuten Erstellt: 16. Juli 2026 Bundeskanzler Friedrich Merz&hellip;\n","protected":false},"author":2,"featured_media":41991,"comment_status":"","ping_status":"","sticky":false,"template":"","format":"standard","meta":{"footnotes":"","_share_on_mastodon":"0"},"categories":[9],"tags":[93,92,16336,4681,16343,16338,16342,10300,1353,16339,16340,16341,5397,335,2145,1317,1278,1731,971,730,16335,269,16346,56,16347,2566,16344,283,4264,16345,16337,2189,138],"class_list":["post-41990","post","type-post","status-publish","format-standard","has-post-thumbnail","category-algerien","tag-algeria","tag-algerien","tag-algeriens","tag-aus","tag-barrierefreiheit","tag-bauen","tag-behindertenpolitik","tag-behinderung","tag-berichte","tag-energiepartnerschaft","tag-eus","tag-eus-nachrichten","tag-finanzen","tag-gesundheit","tag-informationen","tag-inklusion","tag-kultur","tag-literatur","tag-liveticker","tag-medien","tag-merz","tag-nachrichten","tag-nachrichten-app","tag-news","tag-news-app","tag-newsticker","tag-pflege","tag-politik","tag-praesident","tag-schwerbehinderung","tag-tebboune","tag-teilhabe","tag-wirtschaft"],"share_on_mastodon":{"url":"https:\/\/pubeurope.com\/@afrika\/116931381439721414","error":""},"_links":{"self":[{"href":"https:\/\/www.europesays.com\/afrika\/wp-json\/wp\/v2\/posts\/41990","targetHints":{"allow":["GET"]}}],"collection":[{"href":"https:\/\/www.europesays.com\/afrika\/wp-json\/wp\/v2\/posts"}],"about":[{"href":"https:\/\/www.europesays.com\/afrika\/wp-json\/wp\/v2\/types\/post"}],"author":[{"embeddable":true,"href":"https:\/\/www.europesays.com\/afrika\/wp-json\/wp\/v2\/users\/2"}],"replies":[{"embeddable":true,"href":"https:\/\/www.europesays.com\/afrika\/wp-json\/wp\/v2\/comments?post=41990"}],"version-history":[{"count":0,"href":"https:\/\/www.europesays.com\/afrika\/wp-json\/wp\/v2\/posts\/41990\/revisions"}],"wp:featuredmedia":[{"embeddable":true,"href":"https:\/\/www.europesays.com\/afrika\/wp-json\/wp\/v2\/media\/41991"}],"wp:attachment":[{"href":"https:\/\/www.europesays.com\/afrika\/wp-json\/wp\/v2\/media?parent=41990"}],"wp:term":[{"taxonomy":"category","embeddable":true,"href":"https:\/\/www.europesays.com\/afrika\/wp-json\/wp\/v2\/categories?post=41990"},{"taxonomy":"post_tag","embeddable":true,"href":"https:\/\/www.europesays.com\/afrika\/wp-json\/wp\/v2\/tags?post=41990"}],"curies":[{"name":"wp","href":"https:\/\/api.w.org\/{rel}","templated":true}]}}