{"id":42253,"date":"2026-07-19T00:55:36","date_gmt":"2026-07-19T00:55:36","guid":{"rendered":"https:\/\/www.europesays.com\/afrika\/42253\/"},"modified":"2026-07-19T00:55:36","modified_gmt":"2026-07-19T00:55:36","slug":"wm-2026-kolumbien-ohne-muehe-gegen-ghana","status":"publish","type":"post","link":"https:\/\/www.europesays.com\/afrika\/42253\/","title":{"rendered":"WM 2026: Kolumbien ohne M\u00fche gegen Ghana"},"content":{"rendered":"<p data-testid=\"intro-paragraph\">Kolumbien komplettiert als letzte Mannschaft das Achtelfinale der Fu\u00dfball-Weltmeisterschaft 2026. Gegen Ghana geht das Team rund um Luis Diaz fr\u00fch in F\u00fchrung und bringt diese gegen harmlose &#8222;Black Stars&#8220; ohne Probleme \u00fcber die Zeit.<\/p>\n<p class=\"MuiTypography-root MuiTypography-body1 mui-1pymq60\" data-testid=\"paragraph\">Fiesta Colombiana in Kansas City: Angef\u00fchrt vom agilen Bayern-Star Luis D\u00edaz haben die &#8222;Cafeteros&#8220; ihre WM-Ambitionen zum Start der K.o.-Runde untermauert und mausern sich langsam zum Geheimfavoriten. Die Kolumbianer gewannen ihr gef\u00fchltes Heimspiel im US-Bundesstaat Missouri verdient mit 1:0 (1:0) gegen Ghana, auf den R\u00e4ngen kannte der Jubel der rund 50.000 mitgereisten Fans keine Grenzen. Gegner im Achtelfinale am Dienstag in Vancouver ist die Schweiz.<\/p>\n<p class=\"MuiTypography-root MuiTypography-body1 mui-1pymq60\" data-testid=\"paragraph\">Jhon Arias (14.) schoss die S\u00fcdamerikaner zum vierten Mal \u00fcberhaupt in die Runde der besten 16, es war nach 1990 und 2014 der dritte Sieg in einem K.o.-Spiel einer Weltmeisterschaft. Ghana konnte Marokko und \u00c4gypten dagegen nicht in die n\u00e4chste Runde folgen, zum ersten Mal \u00fcberhaupt h\u00e4tten drei afrikanische Teams das Achtelfinale erreichen k\u00f6nnen. Ihr bestes Ergebnis hatten die &#8222;Black Stars&#8220; bei der WM 2010 mit dem \u00fcberraschenden Viertelfinal-Einzug geliefert.<\/p>\n<p class=\"MuiTypography-root MuiTypography-body1 mui-1pymq60\" data-testid=\"paragraph\">Durch die starke Vorrunde mit dem Gruppensieg vor Portugal wuchsen in Kolumbien bereits gro\u00dfe Hoffnungen. &#8222;Es ist sch\u00f6n, dass wir von einigen als Mitfavorit gesehen werden. Aber das musst du auf dem Platz zeigen&#8220;, sagte Trainer Nestor Lorenzo: &#8222;Unser Team hat gelernt, mit der Rolle und der Verantwortung umzugehen.&#8220; Das zeigten die &#8222;Cafeteros&#8220; im nahezu komplett in Gelb gef\u00e4rbten Kansas-City-Stadion von Beginn an, auch wenn die Anfangsphase \u00e4u\u00dferst kurios verlief.<\/p>\n<p class=\"MuiTypography-root MuiTypography-body1 mui-1pymq60\" data-testid=\"paragraph\">Erst musste Ex-Bundesligaspieler Jhon Cordoba bei Kolumbien wegen einer Leistenverletzung von Luis Su\u00e1rez ersetzt werden (8.), ehe bei Ghana Marvin Senaya mit einer Muskelblessur f\u00fcr Alidu Seidu Platz machte (13.). W\u00e4hrend Su\u00e1rez sofort im Spiel war und traumhaft auf den zweiten Pfosten flankte, befand sich Seidu noch im Tiefschlaf und lie\u00df Arias vollkommen frei einschieben. Die S\u00fcdamerikaner rissen die Spielkontrolle komplett an sich, kombinierten fl\u00fcssig und gef\u00e4llig.<\/p>\n<p>Ghana offensiv komplett harmlos<\/p>\n<p class=\"MuiTypography-root MuiTypography-body1 mui-1pymq60\" data-testid=\"paragraph\">Gegen den auch nach dem R\u00fcckstand tief stehenden Block von Ghana gab es im letzten Drittel aber kaum L\u00fccken. Das Team von Carlos Queiroz, der von Februar 2019 bis Dezember 2020 ziemlich gl\u00fccklos auch Kolumbien trainiert hatte, tat f\u00fcr die Offensive im ersten Durchgang bis auf den fr\u00fchen Warnschuss von Thomas Partey nach 57 Sekunden nichts. Stattdessen musste sich hinten der nach Verletzung zur\u00fcckgekehrte Stammkeeper Lawrence Ati Zigi beim Kopfball von Johan Mojica auszeichnen (45.+1).<\/p>\n<p class=\"MuiTypography-root MuiTypography-body1 mui-1pymq60\" data-testid=\"paragraph\">Nach dem Wechsel verlagerte Ghana das Spiel etwas mutiger in die gegnerische H\u00e4lfte &#8211; und lief dabei gleich reihenweise in Konter: D\u00edaz&#8216; Treffer z\u00e4hlte wegen Abseits nicht (56.), dann scheiterte er allein vor Ati Zigi (58.). Den &#8222;Black-Stars&#8220; fehlten im Spiel nach vorne trotz aller Bem\u00fchungen und Topstar Antoine Semenyo g\u00e4nzlich die Mittel.<\/p>\n","protected":false},"excerpt":{"rendered":"Kolumbien komplettiert als letzte Mannschaft das Achtelfinale der Fu\u00dfball-Weltmeisterschaft 2026. Gegen Ghana geht das Team rund um Luis&hellip;\n","protected":false},"author":2,"featured_media":42254,"comment_status":"","ping_status":"","sticky":false,"template":"","format":"standard","meta":{"footnotes":"","_share_on_mastodon":"0"},"categories":[13],"tags":[12344,4606,152,151,11923,4598,4608,13065,13091,11922,1192,854],"class_list":["post-42253","post","type-post","status-publish","format-standard","has-post-thumbnail","category-ghana","tag-aufstellungen","tag-free-tv","tag-fussball","tag-ghana","tag-joyn","tag-kolumbien","tag-livestream","tag-magenta","tag-ran","tag-uebertragung","tag-weltmeisterschaft","tag-wm"],"share_on_mastodon":{"url":"https:\/\/pubeurope.com\/@afrika\/116943921023837757","error":""},"_links":{"self":[{"href":"https:\/\/www.europesays.com\/afrika\/wp-json\/wp\/v2\/posts\/42253","targetHints":{"allow":["GET"]}}],"collection":[{"href":"https:\/\/www.europesays.com\/afrika\/wp-json\/wp\/v2\/posts"}],"about":[{"href":"https:\/\/www.europesays.com\/afrika\/wp-json\/wp\/v2\/types\/post"}],"author":[{"embeddable":true,"href":"https:\/\/www.europesays.com\/afrika\/wp-json\/wp\/v2\/users\/2"}],"replies":[{"embeddable":true,"href":"https:\/\/www.europesays.com\/afrika\/wp-json\/wp\/v2\/comments?post=42253"}],"version-history":[{"count":0,"href":"https:\/\/www.europesays.com\/afrika\/wp-json\/wp\/v2\/posts\/42253\/revisions"}],"wp:featuredmedia":[{"embeddable":true,"href":"https:\/\/www.europesays.com\/afrika\/wp-json\/wp\/v2\/media\/42254"}],"wp:attachment":[{"href":"https:\/\/www.europesays.com\/afrika\/wp-json\/wp\/v2\/media?parent=42253"}],"wp:term":[{"taxonomy":"category","embeddable":true,"href":"https:\/\/www.europesays.com\/afrika\/wp-json\/wp\/v2\/categories?post=42253"},{"taxonomy":"post_tag","embeddable":true,"href":"https:\/\/www.europesays.com\/afrika\/wp-json\/wp\/v2\/tags?post=42253"}],"curies":[{"name":"wp","href":"https:\/\/api.w.org\/{rel}","templated":true}]}}