{"id":43655,"date":"2026-07-29T01:00:14","date_gmt":"2026-07-29T01:00:14","guid":{"rendered":"https:\/\/www.europesays.com\/afrika\/43655\/"},"modified":"2026-07-29T01:00:14","modified_gmt":"2026-07-29T01:00:14","slug":"drogenboss-nach-jahren-der-flucht-in-nigeria-gefasst","status":"publish","type":"post","link":"https:\/\/www.europesays.com\/afrika\/43655\/","title":{"rendered":"Drogenboss nach Jahren der Flucht in Nigeria gefasst"},"content":{"rendered":"<p>&#13;<br \/>\n&#13;<br \/>\n                            &#13;<br \/>\n                            Seit 2019 fl\u00fcchtig, wurde er in Nigeria festgenommen: Er muss eine Freiheitsstrafe von 21 Jahren und 11 Monaten wegen Mitgliedschaft in einer kriminellen Vereinigung zum internationalen Handel mit Bet\u00e4ubungsmitteln verb\u00fc\u00dfen. Im Rahmen des Projekts \u201eWanted 2025\u201c wurde nach intensiven Ermittlungen, die von der mobilen Einsatzgruppe von Caserta, dem Zentralen operativen Dienst der Staatspolizei und dem Dienst f\u00fcr internationale polizeiliche Zusammenarbeit unter der Leitung der Generalstaatsanwaltschaft Neapel durchgef\u00fchrt wurden, die National Drug Law Enforcement Agency in Nigeria t\u00e4tig und verhaftete Rowana Isah Ebisan, einen 64-j\u00e4hrigen Nigerianer, der zu 22 Jahren Haft wegen Mitgliedschaft in einer kriminellen Vereinigung zum Kokainhandel und mehrerer F\u00e4lle von Drogenverkauf verurteilt wurde.<\/p>\n<p>Der Mann galt als Kopf und F\u00f6rderer einer weit verzweigten kriminellen Organisation, die durch einen starken ethnischen und kulturellen Zusammenhalt der Mitglieder gepr\u00e4gt war und sich auf den Handel gro\u00dfer Mengen Kokain spezialisierte, das aus dem Ausland durch sogenannte \u201eSchluckerkuriere\u201c eingef\u00fchrt und in Castel Volturno verkauft werden sollte, wo sich die Basis in einem Callcenter befand, das direkt vom Festgenommenen geleitet wurde. Er wurde w\u00e4hrend der Ermittlungen festgenommen und im ersten Prozess freigelassen, setzte sich aber seit 2019 ab und entzog sich so der Vollstreckung der Reststrafe von 21 Jahren, 11 Monaten und 16 Tagen Freiheitsentzug.<\/p>\n<p>Die Suche nach dem Verurteilten wurde der mobilen Einsatzgruppe Caserta von der Generalstaatsanwaltschaft Neapel im Rahmen eines gr\u00f6\u00dferen institutionellen Kooperationsprojekts \u00fcbertragen, das darauf abzielte, endg\u00fcltige Urteile tats\u00e4chlich zu vollstrecken, bei denen die Verurteilten nicht auffindbar waren. Die mobile Einsatzgruppe leitete Ermittlungen auch gegen Familienangeh\u00f6rige und andere dem Festgenommenen nahestehende Personen ein. Diese Ermittlungen ergaben zun\u00e4chst, dass Ebisan tats\u00e4chlich im S\u00fcdosten Nigerias anwesend war, und erm\u00f6glichten es dann, den Suchbereich auf die Stadt Sapele einzugrenzen.<\/p>\n<p>Die Festnahme erfolgte durch das Zusammenwirken und die Zusammenarbeit zwischen der Justizbeh\u00f6rde, der mobilen Einsatzgruppe Caserta, dem Zentralen operativen Dienst und dem Dienst f\u00fcr internationale polizeiliche Zusammenarbeit. Entscheidend war auch das Eingreifen der National Drug Law Enforcement Agency, die \u2013 auf Ersuchen der Polizeibeh\u00f6rden \u2013 den Mann lokalisierte und festnahm.                        <\/p>\n<p>\u00a9 ALLE RECHTE VORBEHALTEN <br \/>Dieser Artikel wird automatisch \u00fcbersetzt<\/p>\n","protected":false},"excerpt":{"rendered":"&#13; &#13; &#13; Seit 2019 fl\u00fcchtig, wurde er in Nigeria festgenommen: Er muss eine Freiheitsstrafe von 21 Jahren&hellip;\n","protected":false},"author":2,"featured_media":43656,"comment_status":"","ping_status":"","sticky":false,"template":"","format":"standard","meta":{"footnotes":"","_share_on_mastodon":"0"},"categories":[8],"tags":[16890,16891,16892,77],"class_list":["post-43655","post","type-post","status-publish","format-standard","has-post-thumbnail","category-nigeria","tag-castel-volturno","tag-droga","tag-latitante","tag-nigeria"],"share_on_mastodon":{"url":"https:\/\/pubeurope.com\/@afrika\/117000564117402892","error":""},"_links":{"self":[{"href":"https:\/\/www.europesays.com\/afrika\/wp-json\/wp\/v2\/posts\/43655","targetHints":{"allow":["GET"]}}],"collection":[{"href":"https:\/\/www.europesays.com\/afrika\/wp-json\/wp\/v2\/posts"}],"about":[{"href":"https:\/\/www.europesays.com\/afrika\/wp-json\/wp\/v2\/types\/post"}],"author":[{"embeddable":true,"href":"https:\/\/www.europesays.com\/afrika\/wp-json\/wp\/v2\/users\/2"}],"replies":[{"embeddable":true,"href":"https:\/\/www.europesays.com\/afrika\/wp-json\/wp\/v2\/comments?post=43655"}],"version-history":[{"count":0,"href":"https:\/\/www.europesays.com\/afrika\/wp-json\/wp\/v2\/posts\/43655\/revisions"}],"wp:featuredmedia":[{"embeddable":true,"href":"https:\/\/www.europesays.com\/afrika\/wp-json\/wp\/v2\/media\/43656"}],"wp:attachment":[{"href":"https:\/\/www.europesays.com\/afrika\/wp-json\/wp\/v2\/media?parent=43655"}],"wp:term":[{"taxonomy":"category","embeddable":true,"href":"https:\/\/www.europesays.com\/afrika\/wp-json\/wp\/v2\/categories?post=43655"},{"taxonomy":"post_tag","embeddable":true,"href":"https:\/\/www.europesays.com\/afrika\/wp-json\/wp\/v2\/tags?post=43655"}],"curies":[{"name":"wp","href":"https:\/\/api.w.org\/{rel}","templated":true}]}}