{"id":44770,"date":"2026-08-03T19:04:13","date_gmt":"2026-08-03T19:04:13","guid":{"rendered":"https:\/\/www.europesays.com\/afrika\/44770\/"},"modified":"2026-08-03T19:04:13","modified_gmt":"2026-08-03T19:04:13","slug":"nach-migrationschaos-in-ceuta-marokko-macht-fake-news-im-netz-fuer-massenansturm-verantwortlich","status":"publish","type":"post","link":"https:\/\/www.europesays.com\/afrika\/44770\/","title":{"rendered":"Nach Migrationschaos in Ceuta: Marokko macht Fake News im Netz f\u00fcr Massenansturm verantwortlich"},"content":{"rendered":"<p>Marokko macht Falschinformationen in sozialen Netzwerken und die Fehlinterpretation eines spanischen Gerichtsurteils f\u00fcr den Massenansturm auf die spanische Exklave Ceuta verantwortlich. Das <a href=\"https:\/\/www.bild.de\/politik\/ausland-und-internationales\/ceuta-marokko-nennt-zwei-gruende-fuer-ansturm-6a6ff4d1dd06dd5ef2e42984?t_ref=https%3A%2F%2Fm.bild.de%2Fpolitik%2Fausland-und-internationales%2Fceuta-marokko-nennt-zwei-gruende-fuer-ansturm-6a6ff4d1dd06dd5ef2e42984\" rel=\"nofollow noopener\" target=\"_blank\">teilte das marokkanische Innenministerium<\/a> mit und wies zugleich den Vorwurf zur\u00fcck, der Grenz\u00fcbertritt sei von marokkanischer Seite organisiert worden.<\/p>\n<p>                <img src=\"https:\/\/www.europesays.com\/afrika\/wp-content\/uploads\/2026\/08\/721551045_highres-1024x683.jpg\" alt=\"Copyright 2026 The Associated Press. All rights reserved.\" itemprop=\"contentUrl\" class=\"story-img story-img--landscape\" loading=\"lazy\" decoding=\"async\"\/><\/p>\n<p>                                                                            Migrants who crossed into Spain from Morocco gather on a beach in the Spanish enclave of Ceuta, Sunday, Aug<br \/>\n                                                                            <\/p>\n<p>                                        Copyright 2026 The Associated Press. All rights reserved.<\/p>\n<p>Nach Angaben des marokkanischen Innenministeriums seien auf Plattformen wie Tiktok Ger\u00fcchte \u00fcber eine angeblich ge\u00f6ffnete Grenze verbreitet worden. Zudem h\u00e4tten viele Migranten ein Urteil des spanischen Obersten Gerichtshofs falsch interpretiert, wonach Migranten, die Ceuta schwimmend erreichen oder aus dem Meer gerettet werden, nicht mehr unmittelbar nach Marokko zur\u00fcckgewiesen werden d\u00fcrfen, sondern ihr Fall zun\u00e4chst einzeln gepr\u00fcft werden muss. Diese Kombination habe den spontanen Ansturm ausgel\u00f6st. Die Darstellung deckt sich nach marokkanischen Angaben mit der Einsch\u00e4tzung des spanischen Aussenministeriums. Gleichzeitig bekr\u00e4ftigte Rabat, weiterhin gegen illegale Migration vorzugehen.<\/p>\n<p>Spanische Sicherheitskreise geben an, marokkanische Grenzpolizisten h\u00e4tten sich kurz vor Beginn des Ansturms von Teilen der Grenze zur\u00fcckgezogen. Mehrere Migranten berichteten spanischen und internationalen Medien zudem, sie seien nicht aufgehalten, sondern teilweise sogar zum Grenz\u00fcbertritt ermuntert worden. Erst sp\u00e4ter h\u00e4tten marokkanische Sicherheitskr\u00e4fte mit Tr\u00e4nengas und Wasserwerfern eingegriffen, um den Zustrom einzud\u00e4mmen. F\u00fcr zus\u00e4tzliche politische Brisanz sorgt der Zeitpunkt der Ereignisse. Wenige Tage vor dem Ansturm hatte Spaniens Ministerpr\u00e4sident Pedro S\u00e1nchez die Beziehungen zu Algerien wieder intensiviert. <a href=\"https:\/\/www.bild.de\/politik\/ausland-und-internationales\/ceuta-ansturm-kurz-davor-zog-marokko-seine-grenzpolizisten-ab-6a6d86f8ef632fe6ede67720\" rel=\"nofollow noopener\" target=\"_blank\">Bereits 2021 war es nach einer Lockerung<\/a> der marokkanischen Grenzkontrollen zu einem \u00e4hnlichen Massenansturm auf Ceuta gekommen.<\/p>\n<p>\u00dcber das Ausmass des Ansturms machen Spanien und Marokko unterschiedliche Angaben. Madrid spricht von mehr als 50.000 beteiligten Menschen, Rabat von rund 40.000. Auch bei den Todesopfern weichen die Zahlen erheblich voneinander ab: Marokko meldet elf Tote, Spanien 72. Inzwischen habe sich die Lage weitgehend beruhigt: Spaniens Aussenminister Jos\u00e9 Manuel Albares erkl\u00e4rte, nahezu alle nach Ceuta gelangten Migranten seien inzwischen nach Marokko zur\u00fcckgekehrt. Dennoch halten sich nach spanischen Angaben weiterhin rund 2500 Marokkaner in der Exklave auf.<\/p>\n","protected":false},"excerpt":{"rendered":"Marokko macht Falschinformationen in sozialen Netzwerken und die Fehlinterpretation eines spanischen Gerichtsurteils f\u00fcr den Massenansturm auf die spanische&hellip;\n","protected":false},"author":2,"featured_media":44771,"comment_status":"","ping_status":"","sticky":false,"template":"","format":"standard","meta":{"footnotes":"","_share_on_mastodon":"0"},"categories":[10],"tags":[1615,5423,1648,95,730,746,96,283,1096,1544],"class_list":["post-44770","post","type-post","status-publish","format-standard","has-post-thumbnail","category-marokko","tag-ceuta","tag-gerichtsurteil","tag-konflikt","tag-marokko","tag-medien","tag-migration","tag-morocco","tag-politik","tag-sicherheit","tag-spanien"],"share_on_mastodon":{"url":"https:\/\/pubeurope.com\/@afrika\/117033137775071294","error":""},"_links":{"self":[{"href":"https:\/\/www.europesays.com\/afrika\/wp-json\/wp\/v2\/posts\/44770","targetHints":{"allow":["GET"]}}],"collection":[{"href":"https:\/\/www.europesays.com\/afrika\/wp-json\/wp\/v2\/posts"}],"about":[{"href":"https:\/\/www.europesays.com\/afrika\/wp-json\/wp\/v2\/types\/post"}],"author":[{"embeddable":true,"href":"https:\/\/www.europesays.com\/afrika\/wp-json\/wp\/v2\/users\/2"}],"replies":[{"embeddable":true,"href":"https:\/\/www.europesays.com\/afrika\/wp-json\/wp\/v2\/comments?post=44770"}],"version-history":[{"count":0,"href":"https:\/\/www.europesays.com\/afrika\/wp-json\/wp\/v2\/posts\/44770\/revisions"}],"wp:featuredmedia":[{"embeddable":true,"href":"https:\/\/www.europesays.com\/afrika\/wp-json\/wp\/v2\/media\/44771"}],"wp:attachment":[{"href":"https:\/\/www.europesays.com\/afrika\/wp-json\/wp\/v2\/media?parent=44770"}],"wp:term":[{"taxonomy":"category","embeddable":true,"href":"https:\/\/www.europesays.com\/afrika\/wp-json\/wp\/v2\/categories?post=44770"},{"taxonomy":"post_tag","embeddable":true,"href":"https:\/\/www.europesays.com\/afrika\/wp-json\/wp\/v2\/tags?post=44770"}],"curies":[{"name":"wp","href":"https:\/\/api.w.org\/{rel}","templated":true}]}}