{"id":48922,"date":"2026-08-26T20:47:09","date_gmt":"2026-08-26T20:47:09","guid":{"rendered":"https:\/\/www.europesays.com\/afrika\/48922\/"},"modified":"2026-08-26T20:47:09","modified_gmt":"2026-08-26T20:47:09","slug":"wuerzburg-maedchenkantorei-reist-als-kulturbotschafter-nach-tansania","status":"publish","type":"post","link":"https:\/\/www.europesays.com\/afrika\/48922\/","title":{"rendered":"W\u00fcrzburg: M\u00e4dchenkantorei reist als Kulturbotschafter nach Tansania"},"content":{"rendered":"<p class=\"mb-6 text-xs-varying md:text-m lg:text-l font-serif group-[.font-sans]:font-sans \">\n    Die Stadt <a href=\"https:\/\/www.mainpost.de\/wuerzburg\/ort\/wuerzburg\" target=\"_self\" class=\"underline \" rel=\"nofollow noopener\">W\u00fcrzburg<\/a> hat die M\u00e4dchenkantorei der Dommusik am Mittwoch, 26. August, bei einem Empfang im Rathaus als Kulturbotschafterinnen entsandt. Die mehr als 40 S\u00e4ngerinnen sind von Donnerstag, 27. August, bis Freitag, 11. September, im tansanischen Partnerbistum Mbinga unterwegs, wie aus einer Pressemitteilung des Ordinariats W\u00fcrzburg (POW) hervorgeht.\n  <\/p>\n<p class=\"mb-6 text-xs-varying md:text-m lg:text-l font-serif group-[.font-sans]:font-sans \">\n    Dort geben sie Konzerte und gestalten Workshops sowie Gottesdienste unter dem Motto \u201eHope \u2013 Faith \u2013 Love\u201c. Begleitet werden sie von Domkapellmeister Alexander R\u00fcth, Mitarbeitern und Mitarbeiterinnen der Dommusik sowie Generalvikar J\u00fcrgen Vorndran.\n  <\/p>\n<p class=\"mb-6 text-xs-varying md:text-m lg:text-l font-serif group-[.font-sans]:font-sans \">\n    \u201eIhr seid Botschafter unserer Stadt und unserer Di\u00f6zese\u201c, sagte der dritte B\u00fcrgermeister Joachim Spatz. Die Stadt W\u00fcrzburg unterh\u00e4lt eine Partnerschaft mit Mwanza im Norden Tansanias, w\u00e4hrend das W\u00fcrzburger Partnerbistum Mbinga im S\u00fcden des Landes liegt. Spatz betonte, wie wichtig es sei, den Menschen vor Ort mit Respekt und auf Augenh\u00f6he zu begegnen. Eine solche Reise mache erlebbar, wie Menschen in anderen Regionen leben.\n  <\/p>\n<p>            Erste gro\u00dfe Reise seit zehn Jahren<\/p>\n<p class=\"mb-6 text-xs-varying md:text-m lg:text-l font-serif group-[.font-sans]:font-sans \">\n    F\u00fcr die M\u00e4dchenkantorei ist es die erste vergleichbare Reise seit zehn Jahren. In den vergangenen Jahren hatten zun\u00e4chst die Corona-Pandemie und sp\u00e4ter die weltpolitische Lage weitere Reisen verhindert. Nun sei im 55. Jahr des Bestehens der Dommusik wieder eine solche Begegnung m\u00f6glich, erkl\u00e4rte R\u00fcth.\n  <\/p>\n<p class=\"mb-6 text-xs-varying md:text-m lg:text-l font-serif group-[.font-sans]:font-sans \">\n    \u201eUnsere Musik soll daf\u00fcr sprechen, dass Grenzen f\u00fcr die Musik nicht existieren, soll ein T\u00fcr\u00f6ffner sein f\u00fcr unvergessliche Momente\u201c, sagte der Domkapellmeister zu den S\u00e4ngerinnen. Die Haltung f\u00fcr die kommenden Wochen fasste er mit den Worten zusammen: \u201eWir reisen als Lernende und kommen bereichert wieder zur\u00fcck.\u201c\n  <\/p>\n<p class=\"mb-6 text-xs-varying md:text-m lg:text-l font-serif group-[.font-sans]:font-sans \">\n    Zum Abschluss des Empfangs sang der Chor im Ratssaal des W\u00fcrzburger Rathauses die Lieder \u201eSayari yeetu \u2013 Kein sch\u00f6ner Land\u201c und \u201eIrish blessing\u201c. Anschlie\u00dfend stand die letzte Probe vor der Abreise auf dem Programm. (mps)\n  <\/p>\n","protected":false},"excerpt":{"rendered":"Die Stadt W\u00fcrzburg hat die M\u00e4dchenkantorei der Dommusik am Mittwoch, 26. August, bei einem Empfang im Rathaus als&hellip;\n","protected":false},"author":2,"featured_media":48923,"comment_status":"","ping_status":"","sticky":false,"template":"","format":"standard","meta":{"footnotes":"","_share_on_mastodon":"0"},"categories":[19],"tags":[18771,18769,1166,18772,18768,16178,18770,295,178,179,684],"class_list":["post-48922","post","type-post","status-publish","format-standard","has-post-thumbnail","category-tansania","tag-alexander-rueth","tag-dommusik","tag-gottesdienst","tag-joachim-spatz","tag-maedchenkantorei","tag-mbinga","tag-partnerbistum","tag-reise","tag-tansania","tag-tanzania","tag-wuerzburg"],"share_on_mastodon":{"url":"https:\/\/pubeurope.com\/@afrika\/117163775936269942","error":""},"_links":{"self":[{"href":"https:\/\/www.europesays.com\/afrika\/wp-json\/wp\/v2\/posts\/48922","targetHints":{"allow":["GET"]}}],"collection":[{"href":"https:\/\/www.europesays.com\/afrika\/wp-json\/wp\/v2\/posts"}],"about":[{"href":"https:\/\/www.europesays.com\/afrika\/wp-json\/wp\/v2\/types\/post"}],"author":[{"embeddable":true,"href":"https:\/\/www.europesays.com\/afrika\/wp-json\/wp\/v2\/users\/2"}],"replies":[{"embeddable":true,"href":"https:\/\/www.europesays.com\/afrika\/wp-json\/wp\/v2\/comments?post=48922"}],"version-history":[{"count":0,"href":"https:\/\/www.europesays.com\/afrika\/wp-json\/wp\/v2\/posts\/48922\/revisions"}],"wp:featuredmedia":[{"embeddable":true,"href":"https:\/\/www.europesays.com\/afrika\/wp-json\/wp\/v2\/media\/48923"}],"wp:attachment":[{"href":"https:\/\/www.europesays.com\/afrika\/wp-json\/wp\/v2\/media?parent=48922"}],"wp:term":[{"taxonomy":"category","embeddable":true,"href":"https:\/\/www.europesays.com\/afrika\/wp-json\/wp\/v2\/categories?post=48922"},{"taxonomy":"post_tag","embeddable":true,"href":"https:\/\/www.europesays.com\/afrika\/wp-json\/wp\/v2\/tags?post=48922"}],"curies":[{"name":"wp","href":"https:\/\/api.w.org\/{rel}","templated":true}]}}