{"id":48951,"date":"2026-08-27T03:45:19","date_gmt":"2026-08-27T03:45:19","guid":{"rendered":"https:\/\/www.europesays.com\/afrika\/48951\/"},"modified":"2026-08-27T03:45:19","modified_gmt":"2026-08-27T03:45:19","slug":"italien-fluechtlingsboot-ueberfaehrt-17-jaehrige-schwimmerin-vor-sardinien","status":"publish","type":"post","link":"https:\/\/www.europesays.com\/afrika\/48951\/","title":{"rendered":"Italien: Fl\u00fcchtlingsboot \u00fcberf\u00e4hrt 17-j\u00e4hrige Schwimmerin vor Sardinien"},"content":{"rendered":"<p>Ein Motorboot mit 14 Migranten aus Algerien hat vor Sardinien eine jugendliche Urlauberin erfasst. Das M\u00e4dchen wurde schwer verletzt und kam auf die Intensivstation.<\/p>\n<p class=\"c-inline-alert__description\">Klicken Sie hier, um sich Artikel von WELT in der Google-Suche bevorzugt anzeigen zu lassen.<\/p>\n<p class=\"is-first-paragraph\" data-external=\"Article.FirstParagraph\">Ein schwerer Bootsunfall vor der S\u00fcdk\u00fcste Sardiniens hat eine 17-j\u00e4hrige Urlauberin beinahe das Leben gekostet. Das M\u00e4dchen wurde Mitte August am Strand von Su Giudeu von einem Motorboot erfasst, das nach Ermittlerangaben mit 14 M\u00e4nnern aus Algerien besetzt war. Die Jugendliche erlitt mehrere Knochenbr\u00fcche und drohte zu ertrinken.<\/p>\n<p>Wie die sardische Zeitung <a class=\"is-link c-block-items__link is-external c-link--rich-text-renderer\" href=\"https:\/\/www.unionesarda.it\/news-sardegna\/provincia-cagliari\/travolta-dal-barchino-di-migranti-a-su-giudeu-la-ragazza-sta-meglio-il-video-conferma-la-versione-dellamico-uaf1mgx3\" target=\"_blank\" title=\"Link wird in einem neuen Tab ge\u00f6ffnet\" rel=\"nofollow noopener\" data-internal-tracking-enabled=\"true\" data-internal-tracking=\"{&quot;action&quot;:&quot;click&quot;,&quot;label&quot;:&quot;link&quot;,&quot;name&quot;:&quot;Inline Element&quot;,&quot;data&quot;:{&quot;source&quot;:&quot;&quot;,&quot;target&quot;:&quot;https:\/\/www.unionesarda.it\/news-sardegna\/provincia-cagliari\/travolta-dal-barchino-di-migranti-a-su-giudeu-la-ragazza-sta-meglio-il-video-conferma-la-versione-dellamico-uaf1mgx3&quot;,&quot;trackingName&quot;:&quot;&quot;,&quot;trackingLabel&quot;:&quot;&quot;}}\">\u201eL\u2019Unione Sarda\u201c <\/a>berichtet, hielten sich die 17-J\u00e4hrige und ein 16-j\u00e4hriger Freund am 16. August im Wasser auf, als sich ein Motorboot mit hoher Geschwindigkeit n\u00e4herte. Der Jugendliche konnte ausweichen, seine Begleiterin wurde jedoch von dem Boot getroffen. Sie verlor das Bewusstsein und wurde schwer verletzt.<\/p>\n<p>Der 16-J\u00e4hrige leistete seiner Freundin zun\u00e4chst Hilfe. Anschlie\u00dfend brachten Rettungskr\u00e4fte die Verletzte mit einem Hubschrauber in ein Krankenhaus. Dort wurde sie auf der Intensivstation behandelt. Inzwischen hat sich ihr Zustand nach Angaben italienischer Medien verbessert.<\/p>\n<p>Auf dem Boot befanden sich laut Ermittlern 14 erwachsene M\u00e4nner aus Algerien. Angetrieben wurde das Wasserfahrzeug von einem 85-PS-Au\u00dfenbordmotor. <a class=\"is-link c-block-items__link is-external c-link--rich-text-renderer\" href=\"https:\/\/x.com\/fratotolo2\/status\/2091424577217786042?ref_src=twsrc%5Etfw%7Ctwcamp%5Etweetembed%7Ctwterm%5E2091424577217786042%7Ctwgr%5E5c426f24a3a2c79b90b4b2217f5e3d3ca6357e06%7Ctwcon%5Es1_&amp;ref_url=https%3A%2F%2Fwww.derwesten.de%2Faktuelles%2Fhorror-italien-migranten-boot-festnahme-id302144151.html\" target=\"_blank\" title=\"Link wird in einem neuen Tab ge\u00f6ffnet\" rel=\"nofollow noopener\" data-internal-tracking-enabled=\"true\" data-internal-tracking=\"{&quot;action&quot;:&quot;click&quot;,&quot;label&quot;:&quot;link&quot;,&quot;name&quot;:&quot;Inline Element&quot;,&quot;data&quot;:{&quot;source&quot;:&quot;&quot;,&quot;target&quot;:&quot;https:\/\/x.com\/fratotolo2\/status\/2091424577217786042?ref_src=twsrc%5Etfw%7Ctwcamp%5Etweetembed%7Ctwterm%5E2091424577217786042%7Ctwgr%5E5c426f24a3a2c79b90b4b2217f5e3d3ca6357e06%7Ctwcon%5Es1_&amp;ref_url=https%3A%2F%2Fwww.derwesten.de%2Faktuelles%2Fhorror-italien-migranten-boot-festnahme-id302144151.html&quot;,&quot;trackingName&quot;:&quot;&quot;,&quot;trackingLabel&quot;:&quot;&quot;}}\">Videoaufnahmen von Badeg\u00e4sten<\/a> zeigen Teile des Vorfalls. Der Fall sorgte in Italien f\u00fcr erhebliche Aufmerksamkeit.<\/p>\n<p>In der Aufnahme ist zu sehen, wie das Boot mit hoher Geschwindigkeit in K\u00fcstenn\u00e4he unterwegs ist und sich einer Boje n\u00e4hert. Nach der Kollision stoppt es zun\u00e4chst. Was danach geschah, ist auf den Aufnahmen nicht mehr zu erkennen.<\/p>\n<p>Der Freund der Jugendlichen erhebt jedoch schwere Vorw\u00fcrfe. Gegen\u00fcber \u201eL\u2019Unione Sarda\u201c sagte er, die Menschen an Bord h\u00e4tten nach dem Zusammensto\u00df angehalten, zu ihnen geschaut und seien anschlie\u00dfend weitergefahren. Zuvor hatte es unterschiedliche Darstellungen des Geschehens gegeben. Ermittler gingen zwischenzeitlich davon aus, dass die Insassen m\u00f6glicherweise nicht bemerkt h\u00e4tten, einen Menschen getroffen zu haben.<\/p>\n<p>Nach dem Unfall steuerte das Boot nach Erkenntnissen der Beh\u00f6rden die K\u00fcste von Tuerredda an. Dort gingen die M\u00e4nner an Land und versuchten, sich ins Hinterland abzusetzen. Einsatzkr\u00e4fte stoppten schlie\u00dflich alle 14 Personen, die keine Papiere bei sich gehabt haben sollen.<\/p>\n<p>Als mutma\u00dflichen Bootsf\u00fchrer identifizierten die Ermittler einen 28-j\u00e4hrigen Algerier. Er wurde festgenommen und in das Gef\u00e4ngnis von Uta gebracht. Gegen ihn wird unter anderem wegen Beihilfe zur illegalen Einwanderung sowie schwerster K\u00f6rperverletzung ermittelt. <\/p>\n<p>Die Route von Algerien nach Sardinien wird regelm\u00e4\u00dfig von kleineren Booten genutzt. Anders als viele Migranten\u00fcberfahrten nach Italien f\u00fchrt sie nicht \u00fcber Libyen und die Insel Lampedusa. Der Fall von Su Giudeu macht nach Einsch\u00e4tzung der Beh\u00f6rden ein Risiko deutlich: Boote erreichen teils K\u00fcstenabschnitte, an denen sich zugleich Urlauber und Badeg\u00e4ste aufhalten.<\/p>\n<p>jm<\/p>\n","protected":false},"excerpt":{"rendered":"Ein Motorboot mit 14 Migranten aus Algerien hat vor Sardinien eine jugendliche Urlauberin erfasst. Das M\u00e4dchen wurde schwer&hellip;\n","protected":false},"author":2,"featured_media":48952,"comment_status":"","ping_status":"","sticky":false,"template":"","format":"standard","meta":{"footnotes":"","_share_on_mastodon":"0"},"categories":[9],"tags":[93,92,1682,2093,750,16019,74],"class_list":["post-48951","post","type-post","status-publish","format-standard","has-post-thumbnail","category-algerien","tag-algeria","tag-algerien","tag-fluechtlinge","tag-italien","tag-newsteam","tag-sardinien","tag-texttospeech"],"share_on_mastodon":{"url":"https:\/\/pubeurope.com\/@afrika\/117165419889189319","error":""},"_links":{"self":[{"href":"https:\/\/www.europesays.com\/afrika\/wp-json\/wp\/v2\/posts\/48951","targetHints":{"allow":["GET"]}}],"collection":[{"href":"https:\/\/www.europesays.com\/afrika\/wp-json\/wp\/v2\/posts"}],"about":[{"href":"https:\/\/www.europesays.com\/afrika\/wp-json\/wp\/v2\/types\/post"}],"author":[{"embeddable":true,"href":"https:\/\/www.europesays.com\/afrika\/wp-json\/wp\/v2\/users\/2"}],"replies":[{"embeddable":true,"href":"https:\/\/www.europesays.com\/afrika\/wp-json\/wp\/v2\/comments?post=48951"}],"version-history":[{"count":0,"href":"https:\/\/www.europesays.com\/afrika\/wp-json\/wp\/v2\/posts\/48951\/revisions"}],"wp:featuredmedia":[{"embeddable":true,"href":"https:\/\/www.europesays.com\/afrika\/wp-json\/wp\/v2\/media\/48952"}],"wp:attachment":[{"href":"https:\/\/www.europesays.com\/afrika\/wp-json\/wp\/v2\/media?parent=48951"}],"wp:term":[{"taxonomy":"category","embeddable":true,"href":"https:\/\/www.europesays.com\/afrika\/wp-json\/wp\/v2\/categories?post=48951"},{"taxonomy":"post_tag","embeddable":true,"href":"https:\/\/www.europesays.com\/afrika\/wp-json\/wp\/v2\/tags?post=48951"}],"curies":[{"name":"wp","href":"https:\/\/api.w.org\/{rel}","templated":true}]}}