{"id":48993,"date":"2026-08-27T09:15:08","date_gmt":"2026-08-27T09:15:08","guid":{"rendered":"https:\/\/www.europesays.com\/afrika\/48993\/"},"modified":"2026-08-27T09:15:08","modified_gmt":"2026-08-27T09:15:08","slug":"uganda-seit-42-tagen-ohne-neuen-ebola-fall-anstieg-im-kongo-suedtirol-news","status":"publish","type":"post","link":"https:\/\/www.europesays.com\/afrika\/48993\/","title":{"rendered":"Uganda seit 42 Tagen ohne neuen Ebola-Fall, Anstieg im Kongo \u2013 S\u00fcdtirol News"},"content":{"rendered":"<p>Ausbruch in Uganda f\u00fcr beendet erkl\u00e4rt <\/p>\n<p>Donnerstag, 27. August 2026 | 10:02 Uhr<\/p>\n<p>                        <a href=\"https:\/\/www.europesays.com\/afrika\/wp-content\/uploads\/2026\/08\/ausbruch-in-uganda-fuer-beendet-erklaert.jpg.webp\" class=\"image-item\" data-sub-html=\"APA\/APA\/AFP\/BENEDICTION MURHABAZI\"><img decoding=\"async\"  fetchpriority=\"high\" alt=\"Ausbruch in Uganda f\u00fcr beendet erkl\u00e4rt\" src=\"https:\/\/www.europesays.com\/afrika\/wp-content\/uploads\/2026\/08\/ausbruch-in-uganda-fuer-beendet-erklaert.jpg.webp\"\/><\/p>\n<p>APA\/APA\/AFP\/BENEDICTION MURHABAZI<\/p>\n<p><\/a><\/p>\n<p>Von: importer<\/p>\n<p>W\u00e4hrend die Zahl der Ebola-F\u00e4lle in der Demokratischen Republik Kongo st\u00e4ndig steigt, ist in Uganda seit 42 Tagen kein neuer Fall erfasst worden. Das markiere das Ende des Ausbruchs in dem ostafrikanischen Land, nachdem zwei Inkubationszyklen ohne neue Infektionen durchlaufen seien, sagte eine Vertreterin des Regionalb\u00fcros Afrika der Weltgesundheitsorganisation (WHO) in Addis Abeba. Die WHO hatte den Ebola-Ausbruch im Kongo und in Uganda am 15. Mai bekanntgegeben.<\/p>\n<p>In Uganda gab es insgesamt 20 best\u00e4tigte F\u00e4lle, die auf einen Patienten aus dem Kongo zur\u00fcckgef\u00fchrt wurden; zwei Patienten starben. Im Kongo war die hochansteckende Infektionskrankheit vermutlich schon seit Februar unerkannt aufgetreten. Erste F\u00e4lle waren nach WHO-Angaben f\u00e4lschlich als Malaria eingestuft worden. Der aktuelle Ausbruch wird durch den Bundibugyo-Erreger verursacht, dessen Krankheitsbild weniger auff\u00e4llig ist als beim h\u00e4ufigeren Zaire-Erreger des Ebola-Virus.<\/p>\n<p>Sechs Provinzen in DR Kongo betroffen<\/p>\n<p>In der Demokratischen Republik Kongo tritt Ebola mittlerweile in sechs Provinzen des zentralafrikanischen Landes aus, der Schwerpunkt liegt in Ituri im Nordosten des Landes. Diese Provinz grenzt an Uganda. Aktuell gibt es nach Angaben des Instituts f\u00fcr \u00f6ffentliche Gesundheit 5.713 best\u00e4tigte F\u00e4lle seit Bekanntgabe des Ausbruchs, 2.744 Menschen starben an der Fieberkrankheit. Derzeit sind 770 Patientinnen und Patienten in den Behandlungszentren oder in Isolation.<\/p>\n","protected":false},"excerpt":{"rendered":"Ausbruch in Uganda f\u00fcr beendet erkl\u00e4rt Donnerstag, 27. August 2026 | 10:02 Uhr APA\/APA\/AFP\/BENEDICTION MURHABAZI Von: importer W\u00e4hrend&hellip;\n","protected":false},"author":2,"featured_media":48994,"comment_status":"","ping_status":"","sticky":false,"template":"","format":"standard","meta":{"footnotes":"","_share_on_mastodon":"0"},"categories":[17],"tags":[1802,192,194,190,188,193,191,462,461,189],"class_list":["post-48993","post","type-post","status-publish","format-standard","has-post-thumbnail","category-demokratische-republik-kongo","tag-chronik","tag-dem-rep-kongo","tag-democratic-republic-of-the-congo","tag-demokratische-republik","tag-demokratische-republik-kongo","tag-dr-congo","tag-dr-kongo","tag-drc","tag-drk","tag-kongo"],"share_on_mastodon":{"url":"https:\/\/pubeurope.com\/@afrika\/117166717569399408","error":""},"_links":{"self":[{"href":"https:\/\/www.europesays.com\/afrika\/wp-json\/wp\/v2\/posts\/48993","targetHints":{"allow":["GET"]}}],"collection":[{"href":"https:\/\/www.europesays.com\/afrika\/wp-json\/wp\/v2\/posts"}],"about":[{"href":"https:\/\/www.europesays.com\/afrika\/wp-json\/wp\/v2\/types\/post"}],"author":[{"embeddable":true,"href":"https:\/\/www.europesays.com\/afrika\/wp-json\/wp\/v2\/users\/2"}],"replies":[{"embeddable":true,"href":"https:\/\/www.europesays.com\/afrika\/wp-json\/wp\/v2\/comments?post=48993"}],"version-history":[{"count":0,"href":"https:\/\/www.europesays.com\/afrika\/wp-json\/wp\/v2\/posts\/48993\/revisions"}],"wp:featuredmedia":[{"embeddable":true,"href":"https:\/\/www.europesays.com\/afrika\/wp-json\/wp\/v2\/media\/48994"}],"wp:attachment":[{"href":"https:\/\/www.europesays.com\/afrika\/wp-json\/wp\/v2\/media?parent=48993"}],"wp:term":[{"taxonomy":"category","embeddable":true,"href":"https:\/\/www.europesays.com\/afrika\/wp-json\/wp\/v2\/categories?post=48993"},{"taxonomy":"post_tag","embeddable":true,"href":"https:\/\/www.europesays.com\/afrika\/wp-json\/wp\/v2\/tags?post=48993"}],"curies":[{"name":"wp","href":"https:\/\/api.w.org\/{rel}","templated":true}]}}