{"id":49044,"date":"2026-08-27T13:08:13","date_gmt":"2026-08-27T13:08:13","guid":{"rendered":"https:\/\/www.europesays.com\/afrika\/49044\/"},"modified":"2026-08-27T13:08:13","modified_gmt":"2026-08-27T13:08:13","slug":"zeichen-der-hoffnung-christlich-muslimischer-friedensappell-in-nigeria","status":"publish","type":"post","link":"https:\/\/www.europesays.com\/afrika\/49044\/","title":{"rendered":"Zeichen der Hoffnung: Christlich-muslimischer Friedensappell in Nigeria"},"content":{"rendered":"<p class=\"wp-block-paragraph\">Mehr als 50 christliche und muslimische F\u00fchrungspersonen in Nigeria haben eine gemeinsame Friedenserkl\u00e4rung unterzeichnet. Die Initiative soll religi\u00f6se Spannungen abbauen, st\u00f6\u00dft aber auch auf Skepsis.<\/p>\n<p class=\"wp-block-paragraph\">Nach Jahren von Misstrauen und religi\u00f6sen Konflikten setzen christliche und muslimische Leiter in Nigeria ein gemeinsames Zeichen. Mehr als 50 christliche und muslimische F\u00fchrungspers\u00f6nlichkeiten haben in Abuja ein interreligi\u00f6ses Friedensabkommen unterzeichnet, berichtet \u201eInternational Christian Concern\u201c (ICC). Ziel der Vereinbarung sei es, religi\u00f6se Spannungen abzubauen, Hassrede entgegenzutreten und die Zusammenarbeit zwischen den beiden gr\u00f6\u00dften Religionsgemeinschaften des Landes zu st\u00e4rken.<\/p>\n<p>&#8211; Werbung &#8211;<\/p>\n<p class=\"wp-block-paragraph\">Bei der Unterzeichnung am 12. August sprach demnach der Generalsekret\u00e4r der Muslim World League, Mohammad Al-Issa, von der Chance, \u201eein neues Kapitel aufzuschlagen\u201c. Vertreter beider Religionen betonten, dass Zusammenarbeit nicht bedeute, die eigenen Glaubens\u00fcberzeugungen aufzugeben. Zudem soll ein neues Gremium geschaffen werden, das den Austausch zwischen christlichen und muslimischen Leitern in Nigeria dauerhaft f\u00f6rdert.<\/p>\n<p class=\"wp-block-paragraph\">Das Abkommen wird als wichtiges Signal gewertet, l\u00f6st jedoch nicht die grundlegenden Probleme des Landes. Seit Jahren leiden zahlreiche Regionen <a href=\"https:\/\/de.wikipedia.org\/wiki\/Nigeria\" target=\"_blank\" rel=\"noreferrer noopener nofollow\">Nigerias<\/a> unter islamistischem Terror, Entf\u00fchrungen und teils gewaltsam ausgetragenen sozialen und wirtschaftlichen Konflikten. Christliche Gemeinden, aber auch Muslime, sind Opfer extremistischer Gewalt geworden. Beobachter betonen deshalb, dass neben dem Dialog weiterhin wirksame Sicherheitsma\u00dfnahmen und der Schutz der Religionsfreiheit notwendig bleiben.<\/p>\n<p class=\"wp-block-paragraph\">&gt;&gt;&gt; zum <a href=\"https:\/\/persecution.org\/2026\/08\/26\/nigerian-christian-muslim-leaders-sign-peace-statement\/\" target=\"_blank\" rel=\"noreferrer noopener nofollow\">kompletten Artikel<\/a> (Englisch)<\/p>\n<p class=\"wp-block-paragraph\">Mehr zum Thema Nigeria:<\/p>\n","protected":false},"excerpt":{"rendered":"Mehr als 50 christliche und muslimische F\u00fchrungspersonen in Nigeria haben eine gemeinsame Friedenserkl\u00e4rung unterzeichnet. Die Initiative soll religi\u00f6se&hellip;\n","protected":false},"author":2,"featured_media":42585,"comment_status":"","ping_status":"","sticky":false,"template":"","format":"standard","meta":{"footnotes":"","_share_on_mastodon":"0"},"categories":[8],"tags":[167,77,1685],"class_list":["post-49044","post","type-post","status-publish","format-standard","has-post-thumbnail","category-nigeria","tag-frieden","tag-nigeria","tag-religionsfreiheit"],"share_on_mastodon":{"url":"https:\/\/pubeurope.com\/@afrika\/117167633370192396","error":""},"_links":{"self":[{"href":"https:\/\/www.europesays.com\/afrika\/wp-json\/wp\/v2\/posts\/49044","targetHints":{"allow":["GET"]}}],"collection":[{"href":"https:\/\/www.europesays.com\/afrika\/wp-json\/wp\/v2\/posts"}],"about":[{"href":"https:\/\/www.europesays.com\/afrika\/wp-json\/wp\/v2\/types\/post"}],"author":[{"embeddable":true,"href":"https:\/\/www.europesays.com\/afrika\/wp-json\/wp\/v2\/users\/2"}],"replies":[{"embeddable":true,"href":"https:\/\/www.europesays.com\/afrika\/wp-json\/wp\/v2\/comments?post=49044"}],"version-history":[{"count":0,"href":"https:\/\/www.europesays.com\/afrika\/wp-json\/wp\/v2\/posts\/49044\/revisions"}],"wp:featuredmedia":[{"embeddable":true,"href":"https:\/\/www.europesays.com\/afrika\/wp-json\/wp\/v2\/media\/42585"}],"wp:attachment":[{"href":"https:\/\/www.europesays.com\/afrika\/wp-json\/wp\/v2\/media?parent=49044"}],"wp:term":[{"taxonomy":"category","embeddable":true,"href":"https:\/\/www.europesays.com\/afrika\/wp-json\/wp\/v2\/categories?post=49044"},{"taxonomy":"post_tag","embeddable":true,"href":"https:\/\/www.europesays.com\/afrika\/wp-json\/wp\/v2\/tags?post=49044"}],"curies":[{"name":"wp","href":"https:\/\/api.w.org\/{rel}","templated":true}]}}