{"id":49129,"date":"2026-08-28T05:14:09","date_gmt":"2026-08-28T05:14:09","guid":{"rendered":"https:\/\/www.europesays.com\/afrika\/49129\/"},"modified":"2026-08-28T05:14:09","modified_gmt":"2026-08-28T05:14:09","slug":"algerien-ruft-nach-einer-reihe-von-waldbraenden-staatstrauer-aus","status":"publish","type":"post","link":"https:\/\/www.europesays.com\/afrika\/49129\/","title":{"rendered":"Algerien ruft nach einer Reihe von Waldbr\u00e4nden Staatstrauer aus."},"content":{"rendered":"<p> In der Bekanntmachung hie\u00df es, die nationale Trauerzeit beginne am 27. August; die Flaggen w\u00fcrden landesweit auf Halbmast gesetzt, und alle Feste und <a class=\"data-link\" data-org-href=\"https:\/\/www.vietnam.vn\/de\/category\/the-thao\" href=\"https:\/\/www.vietnam.vn\/de\/category\/the-thao\" title=\"Sport\" target=\"_blank\" rel=\"nofollow noopener\">Sportveranstaltungen<\/a> seien f\u00fcr drei Tage abgesagt.<\/p>\n<p>Das k\u00f6nnte Sie interessieren<\/p>\n<p> Bei Waldbr\u00e4nden, die in mehreren Provinzen im Norden und Osten Algeriens ausgebrochen sind, sind mindestens 12 Menschen ums Leben gekommen und 54 weitere verletzt worden.<\/p>\n<p> Laut dem algerischen Zivilschutz brachen am 26. August landesweit 154 Waldbr\u00e4nde aus, allein 36 davon in B\u00e9ja\u00efa. Starke Winde und hohe Temperaturen f\u00fchrten in Jijel und B\u00e9ja\u00efa zu einer raschen Ausbreitung der Br\u00e4nde und behinderten den Einsatz von L\u00f6schflugzeugen. Die algerischen Beh\u00f6rden f\u00fchren eine umfassende Untersuchung durch, um die Ursache der zahlreichen Br\u00e4nde zu ermitteln, die fast zeitgleich in mehreren Provinzen ausbrachen.<\/p>\n<p> Die Br\u00e4nde brachen inmitten einer au\u00dfergew\u00f6hnlich intensiven Hitzewelle aus, die Algerien und das benachbarte Tunesien derzeit erfasst hat und die Waldbrandgefahr erh\u00f6ht. Laut einigen Quellen, darunter die sechs Todesopfer der Br\u00e4nde im Juli, ist die Zahl der Todesopfer durch Waldbr\u00e4nde in Algerien seit Sommerbeginn auf 18 gestiegen.<\/p>\n<p>Das k\u00f6nnte Sie interessieren<\/p>\n<p> Quelle: https:\/\/baoangiang.com.vn\/algeria-tuyen-bo-quoc-tang-sau-hang-loat-vu-chay-rung-a495932.html<\/p>\n","protected":false},"excerpt":{"rendered":"In der Bekanntmachung hie\u00df es, die nationale Trauerzeit beginne am 27. August; die Flaggen w\u00fcrden landesweit auf Halbmast&hellip;\n","protected":false},"author":2,"featured_media":49130,"comment_status":"","ping_status":"","sticky":false,"template":"","format":"standard","meta":{"footnotes":"","_share_on_mastodon":"0"},"categories":[9],"tags":[93,92,6105,6102,6103,17103,6106,6104,7293],"class_list":["post-49129","post","type-post","status-publish","format-standard","has-post-thumbnail","category-algerien","tag-algeria","tag-algerien","tag-an-giang","tag-an-giang-zeitung","tag-apec-2027","tag-nationale-trauer","tag-phu-quoc","tag-rach-gia","tag-waldbrand"],"share_on_mastodon":{"url":"https:\/\/pubeurope.com\/@afrika\/117171431833522839","error":""},"_links":{"self":[{"href":"https:\/\/www.europesays.com\/afrika\/wp-json\/wp\/v2\/posts\/49129","targetHints":{"allow":["GET"]}}],"collection":[{"href":"https:\/\/www.europesays.com\/afrika\/wp-json\/wp\/v2\/posts"}],"about":[{"href":"https:\/\/www.europesays.com\/afrika\/wp-json\/wp\/v2\/types\/post"}],"author":[{"embeddable":true,"href":"https:\/\/www.europesays.com\/afrika\/wp-json\/wp\/v2\/users\/2"}],"replies":[{"embeddable":true,"href":"https:\/\/www.europesays.com\/afrika\/wp-json\/wp\/v2\/comments?post=49129"}],"version-history":[{"count":0,"href":"https:\/\/www.europesays.com\/afrika\/wp-json\/wp\/v2\/posts\/49129\/revisions"}],"wp:featuredmedia":[{"embeddable":true,"href":"https:\/\/www.europesays.com\/afrika\/wp-json\/wp\/v2\/media\/49130"}],"wp:attachment":[{"href":"https:\/\/www.europesays.com\/afrika\/wp-json\/wp\/v2\/media?parent=49129"}],"wp:term":[{"taxonomy":"category","embeddable":true,"href":"https:\/\/www.europesays.com\/afrika\/wp-json\/wp\/v2\/categories?post=49129"},{"taxonomy":"post_tag","embeddable":true,"href":"https:\/\/www.europesays.com\/afrika\/wp-json\/wp\/v2\/tags?post=49129"}],"curies":[{"name":"wp","href":"https:\/\/api.w.org\/{rel}","templated":true}]}}