{"id":49344,"date":"2026-08-29T15:43:11","date_gmt":"2026-08-29T15:43:11","guid":{"rendered":"https:\/\/www.europesays.com\/afrika\/49344\/"},"modified":"2026-08-29T15:43:11","modified_gmt":"2026-08-29T15:43:11","slug":"niamey-aufstaendische-soldaten-greifen-praesidentenpalast-im-niger-an","status":"publish","type":"post","link":"https:\/\/www.europesays.com\/afrika\/49344\/","title":{"rendered":"Niamey: Aufst\u00e4ndische Soldaten greifen Pr\u00e4sidentenpalast im Niger an"},"content":{"rendered":"<p>In Nigers Hauptstadt Niamey ist es zu schweren K\u00e4mpfen und Explosionen gekommen. Meuternde Soldaten sollen strategische Punkte wie den Flughafen, den \u2060Pr\u00e4sidentenpalast und das Staatsfernsehen angegriffen haben.<\/p>\n<p class=\"c-inline-alert__description\">Klicken Sie hier, um sich Artikel von WELT in der Google-Suche bevorzugt anzeigen zu lassen.<\/p>\n<p class=\"is-first-paragraph\" data-external=\"Article.FirstParagraph\">Im westafrikanischen Niger haben aufst\u00e4ndische Soldaten nach Angaben aus Sicherheitskreisen den Pr\u00e4sidentenpalast in der Hauptstadt Niamey angegriffen. Die Pr\u00e4sidialgarde habe den Angriff zur\u00fcckgeschlagen, hie\u00df es am Samstag aus Sicherheitskreisen. Die Milit\u00e4rregierung erkl\u00e4rte, sie bringe die Lage \u201eschrittweise wieder unter Kontrolle\u201c.<\/p>\n<p>Die Nacht hindurch waren in Niamey Schusswechsel zu h\u00f6ren, vor allem rund um den Pr\u00e4sidentenpalast, aber auch nahe dem Flughafen, wo sich ein wichtiger Milit\u00e4rst\u00fctzpunkt befindet. Das Staatsfernsehen war am Morgen zeitweise unterbrochen.<\/p>\n<p>Sicherheitskr\u00e4fte zur Verteidigung mobilisiert<\/p>\n<p>In einer im Staatsfernsehen verlesenen Erkl\u00e4rung forderte Verteidigungsminister Salifou Mody die Bev\u00f6lkerung zur Ruhe auf. Die Sicherheitskr\u00e4fte seien \u201ezur Verteidigung des Heimatlandes mobilisiert\u201c. Laut Verteidigungsministerium konnte die Armee die Kontrolle \u00fcber alle Orte zur\u00fcckerobern und Ruhe wiederherstellen.<\/p>\n<p>Ein afrikanischer Diplomat in Niamey sagte, bislang stehe die Pr\u00e4sidialgarde offenbar weiter hinter Milit\u00e4rmachthaber Abdourahmane Tiani. Der Niger wird seit einem Putsch im Jahr 2023 von einer Milit\u00e4rjunta unter Tiani regiert. Das westafrikanische Land hat sich seither vom Westen ab- und Russland zugewandt.<\/p>\n<p>Die Milit\u00e4rregierung erkl\u00e4rte, aufst\u00e4ndische Milit\u00e4rs h\u00e4tten versucht, Soldaten an einem Milit\u00e4rst\u00fctzpunkt am internationalen Flughafen von Niamey festzusetzen. Zeugen berichteten von schweren Feuergefechten und Explosionen an dem Milit\u00e4rst\u00fctzpunkt 101. Dort befindet sich das Hauptquartier des russischen Afrika-Corps und der Generalstab der Streitkr\u00e4fte der Allianz der Sahel-Staaten (AES). Zwischen Dezember und Januar wurde dort eine gro\u00dfe Ladung Uran f\u00fcr den Export gelagert. Seither hat es keine Berichte \u00fcber einen Transport der Fracht gegeben.<\/p>\n<p>Der Flughafen von Niamey wurde bereits im Januar von K\u00e4mpfern der Dschihadistenmiliz Islamischer Staat (IS) und Ende Juni von dessen Rivalen JNIM, dem Sahel-Arm des Extremistennetzwerks Al\u2011Kaida, attackiert. Die Armee konnte beide Angriffe abwehren, allerdings wurden bei dem Angriff im Juni elf Soldaten und zwei Zivilisten get\u00f6tet.<\/p>\n<p>Milit\u00e4rs hatten am 26. Juli 2023 im Niger den demokratisch gew\u00e4hlten Pr\u00e4sidenten Mohamed Bazoum <a class=\"is-link c-block-items__link c-link--rich-text-renderer\" href=\"https:\/\/www.welt.de\/politik\/ausland\/article246694914\/Putsch-im-Niger-Bundeswehrmaschine-in-Deutschland-gelandet.html\" data-internal-tracking-enabled=\"true\" data-internal-tracking=\"{&quot;action&quot;:&quot;click&quot;,&quot;label&quot;:&quot;link&quot;,&quot;name&quot;:&quot;Inline Element&quot;,&quot;data&quot;:{&quot;source&quot;:&quot;&quot;,&quot;target&quot;:&quot;https:\/\/www.welt.de\/politik\/ausland\/article246694914\/Putsch-im-Niger-Bundeswehrmaschine-in-Deutschland-gelandet.html&quot;,&quot;trackingName&quot;:&quot;&quot;,&quot;trackingLabel&quot;:&quot;&quot;}}\" rel=\"nofollow noopener\" target=\"_blank\">gest\u00fcrzt und die Macht im Land \u00fcbernommen<\/a>. F\u00fcr die USA und die fr\u00fchere Kolonialmacht Frankreich war der Niger bis dahin ein wichtiger Ausgangspunkt f\u00fcr Eins\u00e4tze gegen Dschihadisten. Im Dezember 2023 verlie\u00dfen die letzten franz\u00f6sischen Soldaten auf Wunsch der neuen Machthaber das Land.<\/p>\n<p>AFP\/shem<\/p>\n","protected":false},"excerpt":{"rendered":"In Nigers Hauptstadt Niamey ist es zu schweren K\u00e4mpfen und Explosionen gekommen. Meuternde Soldaten sollen strategische Punkte wie&hellip;\n","protected":false},"author":2,"featured_media":49345,"comment_status":"","ping_status":"","sticky":false,"template":"","format":"standard","meta":{"footnotes":"","_share_on_mastodon":"0"},"categories":[243],"tags":[3519,16937,750,367,366,74],"class_list":["post-49344","post","type-post","status-publish","format-standard","has-post-thumbnail","category-niger","tag-militaerputsch-ks","tag-newsos-import-welt","tag-newsteam","tag-niamey","tag-niger","tag-texttospeech"],"share_on_mastodon":{"url":"https:\/\/pubeurope.com\/@afrika\/117179567444878639","error":""},"_links":{"self":[{"href":"https:\/\/www.europesays.com\/afrika\/wp-json\/wp\/v2\/posts\/49344","targetHints":{"allow":["GET"]}}],"collection":[{"href":"https:\/\/www.europesays.com\/afrika\/wp-json\/wp\/v2\/posts"}],"about":[{"href":"https:\/\/www.europesays.com\/afrika\/wp-json\/wp\/v2\/types\/post"}],"author":[{"embeddable":true,"href":"https:\/\/www.europesays.com\/afrika\/wp-json\/wp\/v2\/users\/2"}],"replies":[{"embeddable":true,"href":"https:\/\/www.europesays.com\/afrika\/wp-json\/wp\/v2\/comments?post=49344"}],"version-history":[{"count":0,"href":"https:\/\/www.europesays.com\/afrika\/wp-json\/wp\/v2\/posts\/49344\/revisions"}],"wp:featuredmedia":[{"embeddable":true,"href":"https:\/\/www.europesays.com\/afrika\/wp-json\/wp\/v2\/media\/49345"}],"wp:attachment":[{"href":"https:\/\/www.europesays.com\/afrika\/wp-json\/wp\/v2\/media?parent=49344"}],"wp:term":[{"taxonomy":"category","embeddable":true,"href":"https:\/\/www.europesays.com\/afrika\/wp-json\/wp\/v2\/categories?post=49344"},{"taxonomy":"post_tag","embeddable":true,"href":"https:\/\/www.europesays.com\/afrika\/wp-json\/wp\/v2\/tags?post=49344"}],"curies":[{"name":"wp","href":"https:\/\/api.w.org\/{rel}","templated":true}]}}