{"id":49635,"date":"2026-08-31T07:10:20","date_gmt":"2026-08-31T07:10:20","guid":{"rendered":"https:\/\/www.europesays.com\/afrika\/49635\/"},"modified":"2026-08-31T07:10:20","modified_gmt":"2026-08-31T07:10:20","slug":"wadephul-in-tunesien-und-algerien-mehr-zusammenarbeit","status":"publish","type":"post","link":"https:\/\/www.europesays.com\/afrika\/49635\/","title":{"rendered":"Wadephul in Tunesien und Algerien: Mehr Zusammenarbeit"},"content":{"rendered":"<p class=\"richtext text-em-55 !leading-serif mx-6 desktop:mx-0\">Au\u00dfenminister Johann Wadephul will angesichts globaler Umbr\u00fcche und Instabilit\u00e4t die Zusammenarbeit mit <a href=\"https:\/\/rp-online.de\/thema\/tunesien\/\" rel=\"nofollow noopener\" target=\"_blank\">Tunesien<\/a> und <a href=\"https:\/\/rp-online.de\/thema\/algerien\/\" rel=\"nofollow noopener\" target=\"_blank\">Algerien<\/a> im Wirtschafts- und Sicherheitsbereich verst\u00e4rken. Mit beiden L\u00e4ndern teile man das Ziel, die Sahel-Region nachhaltig zu stabilisieren, erkl\u00e4rte der CDU-Politiker vor der Abreise zu einem Besuch in den Hauptst\u00e4dten <a href=\"https:\/\/rp-online.de\/thema\/tunis\/\" rel=\"nofollow noopener\" target=\"_blank\">Tunis<\/a> und Algier. Auch eine Beruhigung der Lage im Nahen Osten und der Seewege der arabischen Halbinsel sei f\u00fcr die Versorgung und Sicherheit von gr\u00f6\u00dfter Bedeutung.<\/p>\n<p class=\"richtext text-em-55 !leading-serif mx-6 desktop:mx-0\">Gerade bei der Energiezusammenarbeit k\u00f6nne man sich gegenseitig viel anbieten, um gemeinsam mehr Wachstum und Wohlstand zu schaffen, sagte Wadephul. \u201eGemeinsam k\u00f6nnen wir das Mittelmeer zu einem Raum der St\u00e4rke zwischen unseren Kontinenten machen\u201c, f\u00fcgte er hinzu.\u00a0<\/p>\n<p class=\"richtext text-em-55 !leading-serif mx-6 desktop:mx-0\">In Tunis wollte Wadephul seinen Kollegen Mohamed Nafti treffen. Geplant sind auch Gespr\u00e4che mit Wirtschaftsvertretern und der Besuch eines Startup-Unternehmens. Der Minister wird von einer Wirtschaftsdelegation begleitet. Noch am Nachmittag wollte Wadephul nach Algerien weiterreisen. Dort sind Treffen mit Au\u00dfenminister Ahmed Attaf und mit Wirtschaftsvertretern geplant. Der Minister soll auch von Pr\u00e4sident Abdelmadjid Tebboune empfangen werden.<\/p>\n<p>Ausbau von Wirtschaftsbeziehungen im Mittelpunkt      <\/p>\n<p class=\"richtext text-em-55 !leading-serif mx-6 desktop:mx-0\">Tunesien und Deutschland begehen in diesem Jahr den 70. Jahrestag der Aufnahme diplomatischer Beziehungen. Deutschland ist f\u00fcr das Land laut Wadephul drittwichtigster Exportmarkt. Vor allem f\u00fcr die deutsche Autoindustrie seien widerstandsf\u00e4hige Lieferbeziehungen zentral. Rund 7.500 junge Tunesierinnen und Tunesier studierten in Deutschland, tunesische Fachkr\u00e4fte leisteten einen wertvollen Beitrag im deutschen Gesundheitssystem.\u00a0<\/p>\n<p class=\"richtext text-em-55 !leading-serif mx-6 desktop:mx-0\">Algerien ist nach den Worten Wadephuls einer der wichtigsten Gaslieferanten f\u00fcr die EU. Als k\u00fcnftiger Lieferant mit riesigem Potenzial f\u00fcr die Produktion von gr\u00fcnem Wasserstoff werde die Bedeutung des Landes nochmals zunehmen. Erst im Juli hatten Deutschland und Algerien vereinbart, die Partnerschaft f\u00fcr die Energieversorgung nochmals deutlich zu vertiefen.<\/p>\n","protected":false},"excerpt":{"rendered":"Au\u00dfenminister Johann Wadephul will angesichts globaler Umbr\u00fcche und Instabilit\u00e4t die Zusammenarbeit mit Tunesien und Algerien im Wirtschafts- und&hellip;\n","protected":false},"author":2,"featured_media":49636,"comment_status":"","ping_status":"","sticky":false,"template":"","format":"standard","meta":{"footnotes":"","_share_on_mastodon":"0"},"categories":[9],"tags":[93,92,5784,19093,928,158,1637,2859,11015,19092,723,211,2393,138,16618,18305,19095,19094],"class_list":["post-49635","post","type-post","status-publish","format-standard","has-post-thumbnail","category-algerien","tag-algeria","tag-algerien","tag-aussenminister","tag-bedeutung","tag-beziehungen","tag-deutschland","tag-johann-wadephul","tag-land","tag-minister","tag-nochmals","tag-sahel","tag-tunesien","tag-tunis","tag-wirtschaft","tag-wirtschafts","tag-wirtschaftsbeziehungen","tag-wirtschaftsdelegation","tag-wirtschaftsvertretern"],"share_on_mastodon":{"url":"https:\/\/pubeurope.com\/@afrika\/117188874873058233","error":""},"_links":{"self":[{"href":"https:\/\/www.europesays.com\/afrika\/wp-json\/wp\/v2\/posts\/49635","targetHints":{"allow":["GET"]}}],"collection":[{"href":"https:\/\/www.europesays.com\/afrika\/wp-json\/wp\/v2\/posts"}],"about":[{"href":"https:\/\/www.europesays.com\/afrika\/wp-json\/wp\/v2\/types\/post"}],"author":[{"embeddable":true,"href":"https:\/\/www.europesays.com\/afrika\/wp-json\/wp\/v2\/users\/2"}],"replies":[{"embeddable":true,"href":"https:\/\/www.europesays.com\/afrika\/wp-json\/wp\/v2\/comments?post=49635"}],"version-history":[{"count":0,"href":"https:\/\/www.europesays.com\/afrika\/wp-json\/wp\/v2\/posts\/49635\/revisions"}],"wp:featuredmedia":[{"embeddable":true,"href":"https:\/\/www.europesays.com\/afrika\/wp-json\/wp\/v2\/media\/49636"}],"wp:attachment":[{"href":"https:\/\/www.europesays.com\/afrika\/wp-json\/wp\/v2\/media?parent=49635"}],"wp:term":[{"taxonomy":"category","embeddable":true,"href":"https:\/\/www.europesays.com\/afrika\/wp-json\/wp\/v2\/categories?post=49635"},{"taxonomy":"post_tag","embeddable":true,"href":"https:\/\/www.europesays.com\/afrika\/wp-json\/wp\/v2\/tags?post=49635"}],"curies":[{"name":"wp","href":"https:\/\/api.w.org\/{rel}","templated":true}]}}