{"id":49663,"date":"2026-08-31T09:59:25","date_gmt":"2026-08-31T09:59:25","guid":{"rendered":"https:\/\/www.europesays.com\/afrika\/49663\/"},"modified":"2026-08-31T09:59:25","modified_gmt":"2026-08-31T09:59:25","slug":"migrationskrise-in-spanien-ceuta-demonstranten-legen-feuer-in-migrantenlager","status":"publish","type":"post","link":"https:\/\/www.europesays.com\/afrika\/49663\/","title":{"rendered":"Migrationskrise in Spanien: Ceuta: Demonstranten legen Feuer in Migrantenlager"},"content":{"rendered":"<p class=\"mb-6 text-xs-varying md:text-m lg:text-l font-serif group-[.font-sans]:font-sans \">\n    Demonstranten haben in einem Lager von Migranten in der spanischen Nordafrika-Exklave Ceuta Feuer gelegt und die sofortige R\u00fcckf\u00fchrung der Menschen nach Marokko gefordert. Am Strand Ben\u00edtez, wo Migranten seit Wochen campieren, waren in Fernsehbildern Zivilisten zu sehen, die immer wieder Gegenst\u00e4nde ins Feuer warfen.\n  <\/p>\n<p class=\"mb-6 text-xs-varying md:text-m lg:text-l font-serif group-[.font-sans]:font-sans \">\n    Polizisten trennten die Demonstranten von den Migranten, die sich auf eine Mole zur\u00fcckgezogen hatten. Zuvor hatten Demonstranten bereits versucht, Fahrzeuge des Roten Kreuzes mit Lebensmitteln und Wasser f\u00fcr die Migranten zu stoppen.\n  <\/p>\n<p>            Mehrere tausend Migranten harren weiter in der Exklave aus<\/p>\n<p class=\"mb-6 text-xs-varying md:text-m lg:text-l font-serif group-[.font-sans]:font-sans \">\n    Ende Juli waren bei einem Massenandrang bis zu 80.000 Migranten von Marokko aus nach Ceuta gekommen, viele schwimmend. Mindestens 96 von ihnen kamen dabei nach offiziellen Angaben ums Leben. Die meisten der Migranten kehrten kurz darauf zur\u00fcck, aber mehrere Tausend harren weiter in der Exklave aus.\n  <\/p>\n<p class=\"mb-6 text-xs-varying md:text-m lg:text-l font-serif group-[.font-sans]:font-sans \">\n    Die konservative spanische Opposition fordert, die Menschen zur\u00fcckzuschicken. Internationale Vertr\u00e4ge und spanische Gerichtsurteile untersagen aber Kollektivabschiebungen und schreiben eine Einzelfallpr\u00fcfung vor. Besonderen Schutz genie\u00dfen unbegleitete Minderj\u00e4hrige. Es soll sich um etwa 1.500 Kinder und Jugendliche handeln. 500 besonders gef\u00e4hrdete von ihnen, vor allem M\u00e4dchen, sollen auf das spanische Festland gebracht werden.\n  <\/p>\n<p>            Spanische Regierung unter starkem Druck<\/p>\n<p class=\"mb-6 text-xs-varying md:text-m lg:text-l font-serif group-[.font-sans]:font-sans \">\n    Die linke spanische Regierung von Ministerpr\u00e4sident Pedro S\u00e1nchez steht wegen der Krise unter starkem Druck. Die Opposition wirft ihr Versagen vor und die Bewohner Ceutas im Stich zu lassen. Zudem gibt es aus der Regierung widerspr\u00fcchliche Angaben, ob es eine Warnung vor dem Massenandrang gab.\n  <\/p>\n<p class=\"mb-6 text-xs-varying md:text-m lg:text-l font-serif group-[.font-sans]:font-sans \">\n    W\u00e4hrend Verteidigungsministerin Margarita Robles betonte, der ihrem Ministerium unterstehende Geheimdienst CNI habe die Beh\u00f6rden einen Tag vor dem Massenandrang gewarnt, betonten Innenminister Fernando Grande-Marlaska und andere Regierungsmitglieder, es habe keine Warnung vor einem Andrang dieses Ausma\u00dfes gegeben. Am 3. September will sich S\u00e1nchez im Parlament zu der Krise erkl\u00e4ren.\n  <\/p>\n<p>    <img decoding=\"async\" src=\"https:\/\/images.mgpd.de\/img\/115091420\/crop\/c16_9-w100\/332159323\/101529131\/migranten-in-ceuta.jpg\" alt=\"Tausende wollen nicht zur\u00fcck nach Marokko. (Archivbild)\" title=\"Tausende wollen nicht zur\u00fcck nach Marokko. (Archivbild)\" loading=\"lazy\" class=\"h-full w-full object-cover\"\/><\/p>\n<p>      Icon vergr\u00f6\u00dfern<\/p>\n<p>    Tausende wollen nicht zur\u00fcck nach Marokko. (Archivbild)<br \/>\n    Foto: Sven Kaeuler\/dpa<\/p>\n<p>        Schlie\u00dfen <\/p>\n<p>      Icon Schlie\u00dfen<\/p>\n<p>        Icon vergr\u00f6\u00dfern<\/p>\n<p>        Icon verkleinern<\/p>\n<p>      Icon Pfeil bewegen<\/p>\n<p>    Tausende wollen nicht zur\u00fcck nach Marokko. (Archivbild)<br \/>\n    Foto: Sven Kaeuler\/dpa<\/p>\n<p>    <img decoding=\"async\" src=\"https:\/\/images.mgpd.de\/img\/115091421\/crop\/c16_9-w100\/990513245\/1120053137\/migranten-in-ceuta.jpg\" alt=\"Die Lage in Ceuta bleibt angespannt. (Archivbild)\" title=\"Die Lage in Ceuta bleibt angespannt. (Archivbild)\" loading=\"lazy\" class=\"h-full w-full object-cover\"\/><\/p>\n<p>      Icon vergr\u00f6\u00dfern<\/p>\n<p>    Die Lage in Ceuta bleibt angespannt. (Archivbild)<br \/>\n    Foto: Sven Kaeuler\/dpa<\/p>\n<p>        Schlie\u00dfen <\/p>\n<p>      Icon Schlie\u00dfen<\/p>\n<p>        Icon vergr\u00f6\u00dfern<\/p>\n<p>        Icon verkleinern<\/p>\n<p>      Icon Pfeil bewegen<\/p>\n<p>    Die Lage in Ceuta bleibt angespannt. (Archivbild)<br \/>\n    Foto: Sven Kaeuler\/dpa<\/p>\n","protected":false},"excerpt":{"rendered":"Demonstranten haben in einem Lager von Migranten in der spanischen Nordafrika-Exklave Ceuta Feuer gelegt und die sofortige R\u00fcckf\u00fchrung&hellip;\n","protected":false},"author":2,"featured_media":49664,"comment_status":"","ping_status":"","sticky":false,"template":"","format":"standard","meta":{"footnotes":"","_share_on_mastodon":"0"},"categories":[10],"tags":[1615,4636,17274,488,19102,95,18847,96,17058,790,9295],"class_list":["post-49663","post","type-post","status-publish","format-standard","has-post-thumbnail","category-marokko","tag-ceuta","tag-fahrzeug","tag-geheimdienst","tag-krise","tag-margarita-robles","tag-marokko","tag-migrantenlager","tag-morocco","tag-pedro-sanchez","tag-rotes-kreuz","tag-rueckfuehrung"],"share_on_mastodon":{"url":"https:\/\/pubeurope.com\/@afrika\/117189539628780870","error":""},"_links":{"self":[{"href":"https:\/\/www.europesays.com\/afrika\/wp-json\/wp\/v2\/posts\/49663","targetHints":{"allow":["GET"]}}],"collection":[{"href":"https:\/\/www.europesays.com\/afrika\/wp-json\/wp\/v2\/posts"}],"about":[{"href":"https:\/\/www.europesays.com\/afrika\/wp-json\/wp\/v2\/types\/post"}],"author":[{"embeddable":true,"href":"https:\/\/www.europesays.com\/afrika\/wp-json\/wp\/v2\/users\/2"}],"replies":[{"embeddable":true,"href":"https:\/\/www.europesays.com\/afrika\/wp-json\/wp\/v2\/comments?post=49663"}],"version-history":[{"count":0,"href":"https:\/\/www.europesays.com\/afrika\/wp-json\/wp\/v2\/posts\/49663\/revisions"}],"wp:featuredmedia":[{"embeddable":true,"href":"https:\/\/www.europesays.com\/afrika\/wp-json\/wp\/v2\/media\/49664"}],"wp:attachment":[{"href":"https:\/\/www.europesays.com\/afrika\/wp-json\/wp\/v2\/media?parent=49663"}],"wp:term":[{"taxonomy":"category","embeddable":true,"href":"https:\/\/www.europesays.com\/afrika\/wp-json\/wp\/v2\/categories?post=49663"},{"taxonomy":"post_tag","embeddable":true,"href":"https:\/\/www.europesays.com\/afrika\/wp-json\/wp\/v2\/tags?post=49663"}],"curies":[{"name":"wp","href":"https:\/\/api.w.org\/{rel}","templated":true}]}}