{"id":49732,"date":"2026-08-31T16:24:07","date_gmt":"2026-08-31T16:24:07","guid":{"rendered":"https:\/\/www.europesays.com\/afrika\/49732\/"},"modified":"2026-08-31T16:24:07","modified_gmt":"2026-08-31T16:24:07","slug":"viel-zu-niedrig-jets-sorgen-fuer-schrecken-im-vollen-rugby-stadion","status":"publish","type":"post","link":"https:\/\/www.europesays.com\/afrika\/49732\/","title":{"rendered":"&#8222;Viel zu niedrig&#8220;: Jets sorgen f\u00fcr Schrecken im vollen Rugby-Stadion"},"content":{"rendered":"<p>&#8222;Viel zu niedrig&#8220;Jets sorgen f\u00fcr Schrecken im vollen Rugby-Stadion<\/p>\n<p>Artikel anh\u00f6ren (01:58 min)<\/p>\n<p>31.08.2026 | 17:01 Uhr <\/p>\n<p>60.000 Menschen warten auf das Rugby-Duell zwischen S\u00fcdafrika und Neuseeland, als zwei Flugzeuge im extremen Tiefflug \u00fcber das voll besetzte Stadion rauschen. Das Man\u00f6ver sorgt f\u00fcr \u00c4rger.<\/p>\n<p class=\"Typography_text-default__P3otY Typography_weight-normal__pqUbH StorylineParagraph_p__4mkZU\">Die Tieffl\u00fcge von zwei Jets knapp \u00fcber dem Stadiondach im s\u00fcdafrikanischen Kapstadt zu Beginn eines internationalen Rugby-Spiels haben eine hitzige Debatte \u00fcber Sicherheitsrisiken ausgel\u00f6st. Die Maschinen der s\u00fcdafrikanischen Fluggesellschaft Airlink waren am Samstag \u00e4u\u00dferst tief \u00fcber das Stadion geflogen. Gleichzeitig schossen die Veranstalter bei dem \u00dcberflug bunte Rauchfackeln in die Luft. In dem Stadion hatten sich rund 60.000 Zuschauer f\u00fcr das Spiel zwischen S\u00fcdafrika und Neuseeland versammelt.<\/p>\n<p class=\"Typography_text-default__P3otY Typography_weight-normal__pqUbH StorylineParagraph_p__4mkZU\">Nach Angaben der Flugverfolgungs-Website Flightradar24 soll eines der Flugzeuge etwa 15 Meter \u00fcber das Dach des DHL Stadions geflogen sein, andere Quellen sprechen von einem gr\u00f6\u00dferen Abstand. Emp\u00f6rte S\u00fcdafrikaner bezeichneten den \u00dcberflug \u00fcber das voll besetzte Stadion in sozialen Medien als gef\u00e4hrlich und r\u00fccksichtslos. Der \u00dcberflug sei &#8222;viel zu niedrig&#8220;, &#8222;v\u00f6llig unn\u00f6tig&#8220; und &#8222;be\u00e4ngstigend&#8220; gewesen, hie\u00df es.<\/p>\n<p>&#8222;Das war spektakul\u00e4r&#8220;<\/p>\n<p class=\"Typography_text-default__P3otY Typography_weight-normal__pqUbH StorylineParagraph_p__4mkZU\">Airlink betonte in einer Mitteilung, das Man\u00f6ver sei mit Pr\u00e4zision ausgef\u00fchrt worden und mit Unterst\u00fctzung der Luftfahrtbeh\u00f6rden sorgf\u00e4ltig geplant gewesen. &#8222;Die beiden Flugzeuge wurden von einer \u00e4u\u00dferst erfahrenen Besatzung geflogen, die jeweils aus drei erfahrenen Piloten bestand&#8220;, so Airlink. Die Fl\u00fcge h\u00e4tten die genehmigten und erprobten Sicherheitsh\u00f6hen- und Geschwindigkeitsgrenzen f\u00fcr den \u00dcberflug eingehalten. Bei den Maschinen handelt es sich um eine Embraer E195 und eine Embraer E190.\u00a0<\/p>\n<p class=\"Typography_text-default__P3otY Typography_weight-normal__pqUbH StorylineParagraph_p__4mkZU\">Auch Sportminister Gayton McKenzie verteidigte das Flugman\u00f6ver. &#8222;Es ist eine bekannte Tatsache, dass wir die besten Piloten der Welt haben; das war spektakul\u00e4r&#8220; schrieb der Minister nach dem Spiel auf X.<\/p>\n<p>Verwendete Quellen: ntv.de, ter\/dpa<\/p>\n","protected":false},"excerpt":{"rendered":"&#8222;Viel zu niedrig&#8220;Jets sorgen f\u00fcr Schrecken im vollen Rugby-Stadion Artikel anh\u00f6ren (01:58 min) 31.08.2026 | 17:01 Uhr 60.000&hellip;\n","protected":false},"author":2,"featured_media":49733,"comment_status":"","ping_status":"","sticky":false,"template":"","format":"standard","meta":{"footnotes":"","_share_on_mastodon":"0"},"categories":[6],"tags":[7821,7471,3405,44,412,43],"class_list":["post-49732","post","type-post","status-publish","format-standard","has-post-thumbnail","category-suedafrika","tag-flugzeuge","tag-luftfahrt","tag-rugby","tag-south-africa","tag-sport","tag-suedafrika"],"share_on_mastodon":{"url":"https:\/\/pubeurope.com\/@afrika\/117191053387170579","error":""},"_links":{"self":[{"href":"https:\/\/www.europesays.com\/afrika\/wp-json\/wp\/v2\/posts\/49732","targetHints":{"allow":["GET"]}}],"collection":[{"href":"https:\/\/www.europesays.com\/afrika\/wp-json\/wp\/v2\/posts"}],"about":[{"href":"https:\/\/www.europesays.com\/afrika\/wp-json\/wp\/v2\/types\/post"}],"author":[{"embeddable":true,"href":"https:\/\/www.europesays.com\/afrika\/wp-json\/wp\/v2\/users\/2"}],"replies":[{"embeddable":true,"href":"https:\/\/www.europesays.com\/afrika\/wp-json\/wp\/v2\/comments?post=49732"}],"version-history":[{"count":0,"href":"https:\/\/www.europesays.com\/afrika\/wp-json\/wp\/v2\/posts\/49732\/revisions"}],"wp:featuredmedia":[{"embeddable":true,"href":"https:\/\/www.europesays.com\/afrika\/wp-json\/wp\/v2\/media\/49733"}],"wp:attachment":[{"href":"https:\/\/www.europesays.com\/afrika\/wp-json\/wp\/v2\/media?parent=49732"}],"wp:term":[{"taxonomy":"category","embeddable":true,"href":"https:\/\/www.europesays.com\/afrika\/wp-json\/wp\/v2\/categories?post=49732"},{"taxonomy":"post_tag","embeddable":true,"href":"https:\/\/www.europesays.com\/afrika\/wp-json\/wp\/v2\/tags?post=49732"}],"curies":[{"name":"wp","href":"https:\/\/api.w.org\/{rel}","templated":true}]}}