{"id":49807,"date":"2026-09-01T02:13:24","date_gmt":"2026-09-01T02:13:24","guid":{"rendered":"https:\/\/www.europesays.com\/afrika\/49807\/"},"modified":"2026-09-01T02:13:24","modified_gmt":"2026-09-01T02:13:24","slug":"tunesien-staudamm-von-douimis-steht-kurz-vor-der-inbetriebnahme","status":"publish","type":"post","link":"https:\/\/www.europesays.com\/afrika\/49807\/","title":{"rendered":"Tunesien: Staudamm von Douimis steht kurz vor der Inbetriebnahme"},"content":{"rendered":"<p style=\"text-align: justify;\">Der Staudamm von Douimis\u00a0im S\u00fcden des Gouvernorates Bizert\u00e9 soll noch vor Ende des Jahres 2026 betriebsbereit sein. Mit einem Fassungsverm\u00f6gen von 45 Millionen Kubikmetern soll das Bauwerk dazu beitragen, die Trink- und Bew\u00e4sserungswasserversorgung in mehreren Regionen des Landes zu sichern \u2013 vor dem Hintergrund eines zunehmenden Drucks auf die Wasserressourcen.<\/p>\n<p style=\"text-align: justify;\">Das Projekt des Douimis-Staudamms tritt nun in seine letzte Phase ein. Der f\u00fcr die Verwaltung zust\u00e4ndige Leiter der Generaldirektion f\u00fcr Staud\u00e4mme und gro\u00dfe Wasserbauvorhaben im Ministerium f\u00fcr Landwirtschaft, Wasserressourcen und Fischerei, Kamel El Moueddeb, gab bekannt, dass das Bauwerk bis Ende 2026 betriebsbereit sein soll.<\/p>\n<p style=\"text-align: justify;\">Dieser Termin folgt auf die Kl\u00e4rung mehrerer Schwierigkeiten, die insbesondere mit Grundst\u00fccks-, Logistik- und Verwaltungsfragen des Projekts zusammenh\u00e4ngen. Diese Fragen wurden bei einer Arbeitssitzung am Dienstag im Sitz der Provinzverwaltung von Bizerte er\u00f6rtert, gefolgt von einer Besichtigung der Baustelle in Anwesenheit von Vertretern der betroffenen zentralen, regionalen und lokalen Beh\u00f6rden sowie der mit den Arbeiten beauftragten Unternehmen.<\/p>\n<p style=\"text-align: justify;\">Laut Kamel El Moueddeb d\u00fcrfte die L\u00f6sung dieser Probleme eine Beschleunigung der Fertigstellung der verschiedenen Bestandteile des Staudamms erm\u00f6glichen, w\u00e4hrend die technischen Arbeiten parallel dazu fortgesetzt werden.<\/p>\n<p style=\"text-align: center;\">\n<p style=\"text-align: justify;\">45 Millionen m\u00b3 werden nach Sejnane umgeleitet<br \/>Sobald der Douimis-Staudamm in Betrieb ist, werden etwa 45 Millionen Kubikmeter Wasser zur Verf\u00fcgung stehen. Ein Teil dieser Ressourcen wird \u00fcber das Wasser\u00fcberleitungssystem des Nordens zum Sejnane-Staudamm umgeleitet.\u00a0Ziel ist es insbesondere, die Trink- und Bew\u00e4sserungswasserversorgung mehrerer Regionen zu verbessern, darunter Bizerte, Gro\u00df-Tunis, Cap Bon, die Sahelzone und <a href=\"https:\/\/tunesienexplorer.de\/enzyklopaedie\/sfax\/\" target=\"_blank\" title=\"Sfax ist eine Hafen- und Industriestadt in Tunesien und Hauptstadt des gleichnamigen Gouvernorates. Sie liegt am Mittelmeer, ungef\u00e4hr 270 km s\u00fcdlich von Tunis und ist heute mit rund 270.000 Einwohnern die zweitgr\u00f6\u00dfte Stadt des Landes. Sie ist vor allem als Wirtschaftszentrum bekannt.\" class=\"encyclopedia\" rel=\"nofollow noopener\">Sfax<\/a>.<\/p>\n<p style=\"text-align: justify;\">Das Projekt ist somit Teil der nationalen Strategie zur Mobilisierung und zum Transfer von Wasserressourcen, da Tunesien einem zunehmenden Druck auf seine Wasserressourcen ausgesetzt ist.<\/p>\n<p style=\"text-align: justify;\">Der Staudamm weist zudem eine wichtige technische Besonderheit auf. Nach Angaben des Verantwortlichen des Landwirtschaftsministeriums wird die Schwerkraftbef\u00f6rderung des Wassers ohne Einsatz von elektrischer Energie dazu beitragen, die Ressourcen f\u00fcr den \u00e4u\u00dfersten Norden zu st\u00e4rken.<\/p>\n<p style=\"text-align: justify;\">Diese Konfiguration d\u00fcrfte auch dazu beitragen, die Belastung der hydromechanischen Anlagen und den Energieverbrauch zu verringern und gleichzeitig die Nutzung der am Barak-Staudamm verf\u00fcgbaren Ressourcen zu verbessern.<\/p>\n<p style=\"text-align: justify;\">Die Arbeiten sind noch im Gange<br \/>Bei dem Besuch vor Ort inspizierte der Gouverneur von Bizerte und Vorsitzende des regionalen Wasserrats, Salem Ben Yacoub, insbesondere den Fortschritt der Arbeiten zur Installation der hydromechanischen Anlagen sowie zur Verst\u00e4rkung und zum Schutz des Staudammk\u00f6rpers und seines Hochwasserentlastungskanals.<\/p>\n<p style=\"text-align: justify;\">Er versicherte, dass die notwendigen Ma\u00dfnahmen ergriffen worden seien, um die Fertigstellung des Projekts innerhalb des vorgesehenen Zeitrahmens zu erm\u00f6glichen, angesichts seiner Bedeutung f\u00fcr die Entwicklung der Region und die St\u00e4rkung der nationalen Wasserversorgungssicherheit.\u00a0Der Gouverneur hob zudem die erwarteten Auswirkungen des Projekts auf die Verbesserung der Trinkwasserversorgung in Bizerte und den benachbarten Gouvernoraten hervor.<\/p>\n<p style=\"text-align: justify;\">Der Douimis-Staudamm wird zu 100% aus nationalen Mitteln finanziert. Er verf\u00fcgt \u00fcber ein Speichervolumen von 45 Millionen Kubikmetern und erstreckt sich \u00fcber eine Fl\u00e4che von 300 Hektar.\u00a0Er ist der sechste und letzte Staudamm, der im Rahmen des Zehnjahresplans zur Mobilisierung der Wasserressourcen und des Systems zur Wasser\u00fcberleitung aus dem Norden in die Region vorgesehen ist.<\/p>\n<p style=\"text-align: justify;\">\u00dcber die Wasserinfrastruktur hinaus umfasst das Projekt auch die Errichtung eines Bew\u00e4sserungsgebiets f\u00fcr die lokale Bev\u00f6lkerung in der N\u00e4he des Staudamms, zwischen der Delegation Sidi Amer und den Grenzen der Delegation Louata.\u00a0Zudem sollen mehrere Stra\u00dfen gebaut werden, um die Anbindung des Gebiets zu verbessern und dessen wirtschaftliche und soziale Entwicklung zu f\u00f6rdern.<\/p>\n<p style=\"text-align: justify;\">Mit einer geplanten Inbetriebnahme vor Ende 2026 soll der Douimis-Staudamm somit zu einem neuen Bestandteil des tunesischen Systems zur Mobilisierung von Wasserressourcen werden und gleichzeitig die Kapazit\u00e4ten f\u00fcr den Wassertransfer in wasserarme Regionen st\u00e4rken.<\/p>\n<p style=\"text-align: justify;\">Quelle: <a href=\"http:\/\/www.lapresse.tn\/2026\/08\/18\/tunisie-le-barrage-de-douimis-sapprete-a-entrer-en-service\/\" target=\"_blank\" rel=\"noopener nofollow\">La Presse<\/a><\/p>\n","protected":false},"excerpt":{"rendered":"Der Staudamm von Douimis\u00a0im S\u00fcden des Gouvernorates Bizert\u00e9 soll noch vor Ende des Jahres 2026 betriebsbereit sein. Mit&hellip;\n","protected":false},"author":2,"featured_media":49808,"comment_status":"","ping_status":"","sticky":false,"template":"","format":"standard","meta":{"footnotes":"","_share_on_mastodon":"0"},"categories":[20],"tags":[19134,19135,19136,19137,19138,724,19139,3504,19140,211,212],"class_list":["post-49807","post","type-post","status-publish","format-standard","has-post-thumbnail","category-tunesien","tag-bizerte","tag-cap-bon","tag-douimis","tag-gross-tunis","tag-ministerium-fuer-landwirtschaft-wasserressourcen-und-fischerei","tag-sahelzone","tag-sfax","tag-staudamm","tag-talsperre","tag-tunesien","tag-tunisia"],"share_on_mastodon":{"url":"https:\/\/pubeurope.com\/@afrika\/117193369371599474","error":""},"_links":{"self":[{"href":"https:\/\/www.europesays.com\/afrika\/wp-json\/wp\/v2\/posts\/49807","targetHints":{"allow":["GET"]}}],"collection":[{"href":"https:\/\/www.europesays.com\/afrika\/wp-json\/wp\/v2\/posts"}],"about":[{"href":"https:\/\/www.europesays.com\/afrika\/wp-json\/wp\/v2\/types\/post"}],"author":[{"embeddable":true,"href":"https:\/\/www.europesays.com\/afrika\/wp-json\/wp\/v2\/users\/2"}],"replies":[{"embeddable":true,"href":"https:\/\/www.europesays.com\/afrika\/wp-json\/wp\/v2\/comments?post=49807"}],"version-history":[{"count":0,"href":"https:\/\/www.europesays.com\/afrika\/wp-json\/wp\/v2\/posts\/49807\/revisions"}],"wp:featuredmedia":[{"embeddable":true,"href":"https:\/\/www.europesays.com\/afrika\/wp-json\/wp\/v2\/media\/49808"}],"wp:attachment":[{"href":"https:\/\/www.europesays.com\/afrika\/wp-json\/wp\/v2\/media?parent=49807"}],"wp:term":[{"taxonomy":"category","embeddable":true,"href":"https:\/\/www.europesays.com\/afrika\/wp-json\/wp\/v2\/categories?post=49807"},{"taxonomy":"post_tag","embeddable":true,"href":"https:\/\/www.europesays.com\/afrika\/wp-json\/wp\/v2\/tags?post=49807"}],"curies":[{"name":"wp","href":"https:\/\/api.w.org\/{rel}","templated":true}]}}