{"id":49843,"date":"2026-09-01T06:59:14","date_gmt":"2026-09-01T06:59:14","guid":{"rendered":"https:\/\/www.europesays.com\/afrika\/49843\/"},"modified":"2026-09-01T06:59:14","modified_gmt":"2026-09-01T06:59:14","slug":"missionseinsatz-in-tansania-teammitglied-bei-unfall-am-kopf-verletzt","status":"publish","type":"post","link":"https:\/\/www.europesays.com\/afrika\/49843\/","title":{"rendered":"Missionseinsatz in Tansania: Teammitglied bei Unfall am Kopf verletzt"},"content":{"rendered":"<p><a href=\"https:\/\/www.come-on.de\/\" class=\"id-Breadcrumb-link\" data-id-ec=\"{\" shn=\"\" textlink=\"\" data-k5a-pos=\"1_comeOnDe\" rel=\"nofollow noopener\" target=\"_blank\">come-on.de<\/a><a href=\"https:\/\/www.come-on.de\/lennetal\/\" class=\"id-Breadcrumb-link\" data-id-ec=\"{\" shn=\"\" textlink=\"\" data-k5a-pos=\"2_lennetal\" rel=\"nofollow noopener\" target=\"_blank\">Lennetal<\/a><a href=\"https:\/\/www.come-on.de\/lennetal\/werdohl\/\" class=\"id-Breadcrumb-link\" data-id-ec=\"{\" shn=\"\" textlink=\"\" data-k5a-pos=\"3_werdohl\" rel=\"nofollow noopener\" target=\"_blank\">Werdohl<\/a><\/p>\n<p class=\"id-Story-timestamp id-Story-timestamp--default\">Stand: 01.09.2026, 08:00 Uhr<\/p>\n<p class=\"id-Story-authors id-Story-authors--default\">Von: <a class=\"id-Story-authors-link lp_west_author\" href=\"https:\/\/www.come-on.de\/autor\/moritz-dickopf-os8j6c2o.html\" title=\"Zur Autorenseite von Moritz Dickopf\" data-id-ec=\"{\" shn=\"\" author-link=\"\" dickopf=\"\" data-k5a-pos=\"west_author\" rel=\"nofollow noopener\" target=\"_blank\">Moritz Dickopf<\/a><\/p>\n<p class=\"id-Story-interactionBar id-Story-interactionBar--default\">DruckenTeilen<\/p>\n<p><img decoding=\"async\" class=\"id-RatioPlaceholder-element wv_story_el_image\" src=\"https:\/\/www.europesays.com\/afrika\/wp-content\/uploads\/2026\/09\/43910187-isa-und-andreas-hoenemann-berichteten-von-ihren-erfahrungen-waehrend-des-missionseinsatzes-.jpeg\" loading=\"eager\" fetchpriority=\"high\"   height=\"792\" width=\"1408\" alt=\"Isa und Andreas Hoenemann berichteten von ihren Erfahrungen w&#xE4;hrend des Missionseinsatzes in Tansania.\"\/>Isa und Andreas Hoenemann berichteten von ihren Erfahrungen w\u00e4hrend des Missionseinsatzes in Tansania. \u00a9\u00a0Moritz Dickopf<\/p>\n<p class=\"id-StoryElement-leadText\">Isa und Andreas Hoenemann berichten in der Friedenskirche von ihrer Reise nach Ostafrika. Ein Teammitglied musste nach einem Unfall in ein tansanisches Krankenhaus gebracht werden.<\/p>\n<p class=\"id-StoryElement-paragraph\">Werdohl \u2013 Ein Gottesdienst mit Eindr\u00fccken aus Tansania erwartete die Besucher am Sonntagabend in der Friedenskirche. Rund 50 Menschen waren zum Gottesdienst am f\u00fcnften Sonntag des Monats gekommen, bei dem Isa und Andreas Hoenemann von ihrem Missionseinsatz in dem ostafrikanischen Land berichteten.<\/p>\n<p class=\"id-StoryElement-paragraph\"><a href=\"https:\/\/www.come-on.de\/lennetal\/werdohl\/theologe-verlaesst-den-mk-und-geht-nach-ostwestfalen-91432871.html\" class=\"id-import-Link\" data-id-ec=\"{&quot;sht&quot;:&quot;Container&quot;,&quot;shn&quot;:&quot;Story&quot;,&quot;p&quot;:{&quot;containerType&quot;:&quot;Paragraph&quot;,&quot;displayType&quot;:&quot;Paragraph InlineLink&quot;,&quot;type&quot;:&quot;INLINE_LINK&quot;,&quot;value&quot;:&quot;Der ehemalige Vikar der Evangelischen Kirchengemeinde Werdohl&quot;,&quot;variant&quot;:&quot;standardLink&quot;,&quot;sponsored&quot;:false,&quot;linkHref&quot;:&quot;https:\/\/www.come-on.de\/lennetal\/werdohl\/theologe-verlaesst-den-mk-und-geht-nach-ostwestfalen-91432871.html&quot;,&quot;storyElementPosition&quot;:11,&quot;storyElementCount&quot;:26}}\" rel=\"nofollow noopener\" target=\"_blank\">Der ehemalige Vikar der Evangelischen Kirchengemeinde Werdohl<\/a> und seine Frau waren im Juli und August gemeinsam mit einem 16-k\u00f6pfigen Team von \u201eJugend mit einer Mission\u201c unterwegs. In ihrem rund einst\u00fcndigen Vortrag zeigten sie Bilder und erz\u00e4hlten von ihren Erlebnissen in Daressalam, Arusha und bei den Massai.<\/p>\n<p><img decoding=\"async\" class=\"id-RatioPlaceholder-element wv_story_el_image\" src=\"https:\/\/www.europesays.com\/afrika\/wp-content\/uploads\/2026\/09\/43910237-rund-50-besucher-kamen-zum-besonderen-gottesdienst-in-die-friedenskirche-OnBG.jpg\" loading=\"lazy\"   height=\"825\" width=\"1100\" alt=\"Rund 50 Besucher kamen zum besonderen Gottesdienst in die Friedenskirche.\"\/>Rund 50 Besucher kamen zum besonderen Gottesdienst in die Friedenskirche. \u00a9\u00a0Moritz Dickopf<\/p>\n<p class=\"id-StoryElement-paragraph\">Ein Teil des Berichts besch\u00e4ftigte sich mit den Begegnungen mit Kindern. In Daressalam besuchte das Team ein Kinderhaus, in Arusha eine Schule. Gemeinsam wurde gespielt, Sport gemacht, gebastelt und gesungen. Die Kinder hatten besonders an den mitgebrachten Bewegungsliedern Freude, berichtete das Paar.<\/p>\n<p>Gottesdienste lauter und bewegter<\/p>\n<p class=\"id-StoryElement-paragraph\">Auch die Gottesdienste in Tansania waren Teil des Vortrags. Die Besucher erfuhren, wie unterschiedlich Musik, Gebet und Gottesdienst dort erlebt werden. Vieles sei deutlich lauter und bewegter als in Deutschland. F\u00fcr das Ehepaar wurde dabei vor allem die Leidenschaft deutlich, mit der die Menschen ihren Glauben feiern und leben.<\/p>\n<p class=\"id-StoryElement-paragraph\">Ein einschneidendes Erlebnis war ein schwerer Unfall w\u00e4hrend des Aufenthalts. Ein Teammitglied wurde beim Einkauf von Materialien f\u00fcr den Bau einer Kirche am Kopf verletzt und musste in ein tansanisches Krankenhaus gebracht werden. Das Team habe in dieser Situation vor allem im Gebet Halt gefunden. Gleichzeitig entstand in Deutschland ein gro\u00dfes Gebetsnetzwerk. Die Hoenemanns berichteten, wie sehr sie sich dadurch getragen f\u00fchlten. Trotz dieses Erlebnisses setzte das Team seinen Einsatz fort. Bei den Massai besuchten die Teilnehmer Menschen in ihren H\u00e4usern und halfen beim Bau einer Kirche.<\/p>\n<p>Was die Reise f\u00fcr den Glauben bedeutet<\/p>\n<p class=\"id-StoryElement-paragraph\">Am Ende des Vortrags ging es um die Frage, was die Reise f\u00fcr den eigenen Glauben bedeutet. Trotz aller kulturellen Unterschiede h\u00e4tten sie eine Verbindung zu den Menschen vor Ort gesp\u00fcrt. \u201eWir haben Schwestern und Br\u00fcder am anderen Ende der Welt\u201c, fassten die Referenten eine ihrer Erfahrungen zusammen. Gott wirke in Werdohl ebenso wie in Tansania.<\/p>\n<p class=\"id-StoryElement-paragraph\">F\u00fcr Besucherin Ute Zorn aus Werdohl war gerade dieser Gedanke der weltweiten Verbundenheit besonders bewegend. Es habe sie ermuntert, zu h\u00f6ren, dass es \u00fcberall Glaubensgeschwister gebe und man Anteil an ihrem Leben nehmen k\u00f6nne.<\/p>\n<p><img decoding=\"async\" class=\"id-RatioPlaceholder-element wv_story_el_image\" src=\"https:\/\/www.europesays.com\/afrika\/wp-content\/uploads\/2026\/09\/43910218-mit-klavier-gitarre-schlagzeug-bass-und-gesang-sorgte-die-combo-fuer-die-musikalische-begle.jpeg\" loading=\"lazy\"   height=\"825\" width=\"1100\" alt=\"Mit Klavier, Gitarre, Schlagzeug, Bass und Gesang sorgte die Combo f&#xFC;r die musikalische Begleitung.\"\/>Mit Klavier, Gitarre, Schlagzeug, Bass und Gesang sorgte die Gemeindecombo f\u00fcr die musikalische Begleitung. \u00a9\u00a0Moritz Dickopf<\/p>\n<p class=\"id-StoryElement-paragraph\">Musikalisch wurde der Gottesdienst von der Combo der Gemeinde mit Klavier, Gitarre, Schlagzeug, Bass und Gesang begleitet. Bereits zum Beginn erklang die tansanische Nationalhymne \u201eGott segne Afrika\u201c. Gemeinsam gesungen wurden unter anderem \u201eZehntausend Gr\u00fcnde\u201c, \u201eMittelpunkt\u201c und \u201eDankbarkeit\u201c.<\/p>\n<p class=\"id-StoryElement-paragraph\">Nach dem Gottesdienst lud ein ehrenamtliches Team zu einem Imbiss in den Gemeinderaum ein. Bei frischem Obst und Brot blieb Zeit f\u00fcr Gespr\u00e4che und den Austausch \u00fcber die Eindr\u00fccke des Abends.<\/p>\n","protected":false},"excerpt":{"rendered":"come-on.deLennetalWerdohl Stand: 01.09.2026, 08:00 Uhr Von: Moritz Dickopf DruckenTeilen Isa und Andreas Hoenemann berichteten von ihren Erfahrungen w\u00e4hrend&hellip;\n","protected":false},"author":2,"featured_media":49844,"comment_status":"","ping_status":"","sticky":false,"template":"","format":"standard","meta":{"footnotes":"","_share_on_mastodon":"0"},"categories":[19],"tags":[178,179],"class_list":["post-49843","post","type-post","status-publish","format-standard","has-post-thumbnail","category-tansania","tag-tansania","tag-tanzania"],"share_on_mastodon":{"url":"https:\/\/pubeurope.com\/@afrika\/117194494187158168","error":""},"_links":{"self":[{"href":"https:\/\/www.europesays.com\/afrika\/wp-json\/wp\/v2\/posts\/49843","targetHints":{"allow":["GET"]}}],"collection":[{"href":"https:\/\/www.europesays.com\/afrika\/wp-json\/wp\/v2\/posts"}],"about":[{"href":"https:\/\/www.europesays.com\/afrika\/wp-json\/wp\/v2\/types\/post"}],"author":[{"embeddable":true,"href":"https:\/\/www.europesays.com\/afrika\/wp-json\/wp\/v2\/users\/2"}],"replies":[{"embeddable":true,"href":"https:\/\/www.europesays.com\/afrika\/wp-json\/wp\/v2\/comments?post=49843"}],"version-history":[{"count":0,"href":"https:\/\/www.europesays.com\/afrika\/wp-json\/wp\/v2\/posts\/49843\/revisions"}],"wp:featuredmedia":[{"embeddable":true,"href":"https:\/\/www.europesays.com\/afrika\/wp-json\/wp\/v2\/media\/49844"}],"wp:attachment":[{"href":"https:\/\/www.europesays.com\/afrika\/wp-json\/wp\/v2\/media?parent=49843"}],"wp:term":[{"taxonomy":"category","embeddable":true,"href":"https:\/\/www.europesays.com\/afrika\/wp-json\/wp\/v2\/categories?post=49843"},{"taxonomy":"post_tag","embeddable":true,"href":"https:\/\/www.europesays.com\/afrika\/wp-json\/wp\/v2\/tags?post=49843"}],"curies":[{"name":"wp","href":"https:\/\/api.w.org\/{rel}","templated":true}]}}