{"id":49870,"date":"2026-09-01T09:32:08","date_gmt":"2026-09-01T09:32:08","guid":{"rendered":"https:\/\/www.europesays.com\/afrika\/49870\/"},"modified":"2026-09-01T09:32:08","modified_gmt":"2026-09-01T09:32:08","slug":"gasspeicher-wadephul-setzt-auf-algerien-als-partner-fuer-gaslieferungen","status":"publish","type":"post","link":"https:\/\/www.europesays.com\/afrika\/49870\/","title":{"rendered":"Gasspeicher: Wadephul setzt auf Algerien als Partner f\u00fcr Gaslieferungen"},"content":{"rendered":"<p class=\"fp-paragraph\">Algier &#8211; Gas aus Algerien k\u00f6nnte nach Ansicht von Au\u00dfenminister Johann Wadephul langfristig dabei helfen, die Gasspeicher in Deutschland zu f\u00fcllen. \u201eDiversifizierung ist absolut das Gebot der Stunde\u201c, sagte der CDU-Politiker am Rande seines Besuches in Algerien vor Journalisten in der Hauptstadt Algier. Algerien sei ein verl\u00e4sslicher Partner, der schon heute sehr viel Gas nach Italien und Spanien liefere.<\/p>\n<p class=\"fp-paragraph\">Wadephul kam am Vormittag zu Beratungen mit dem algerischen Minister f\u00fcr Kohlenwasserstoffe, Mohamed Arkab, zusammen. Im Zentrum seiner Gespr\u00e4che werde stehen, \u201edass wir versuchen, langfristige Vertr\u00e4ge f\u00fcr Deutschland auszuhandeln. Wenn das m\u00f6glich ist, dann haben wir hier eine weitere verl\u00e4ssliche Quelle, die auch nat\u00fcrlich f\u00fcr unsere Gasspeicher wichtig ist.\u201c In Algier war auch ein Austausch mit Vertreterinnen und Vertretern deutscher Unternehmen geplant.<\/p>\n<p class=\"fp-paragraph\">Algerien geh\u00f6rt nach den Worten Wadephuls zu den wichtigsten Gaslieferanten f\u00fcr die EU. Als k\u00fcnftiger Lieferant mit riesigem Potenzial f\u00fcr die Produktion von gr\u00fcnem Wasserstoff werde die Bedeutung des Landes nochmals zunehmen. Erst im Juli hatten Deutschland und Algerien vereinbart, die Partnerschaft f\u00fcr die Energieversorgung nochmals deutlich zu vertiefen.<\/p>\n<p class=\"fp-paragraph\">Das Wirtschaftsministerium hatte k\u00fcrzlich erkl\u00e4rt, nach aktuellem Erkenntnisstand sei eine Gasmangellage im kommenden Winter nicht zu erwarten. Die Lage sei aber angespannter als in den vergangenen beiden Wintern. Die Speicherst\u00e4nde in Deutschland l\u00e4gen derzeit deutlich niedriger als in den vergangenen Jahren.\u00a0<\/p>\n<p>Treffen mit Algeriens Pr\u00e4sident Tebboune<\/p>\n<p class=\"fp-paragraph\">Zum Abschluss seines zweit\u00e4gigen Besuches in Tunesien und Algerien wollte Wadephul gegen Mittag den algerischen Pr\u00e4sidenten Abdelmadjid Tebboune zu einem Gespr\u00e4ch treffen. Bereits in Tunesien war der Bundesau\u00dfenminister auf h\u00f6chster politische Ebene empfangen worden, von Pr\u00e4sident Kais Saied. Das gilt als besondere Auszeichnung f\u00fcr einen Au\u00dfenminister.<\/p>\n","protected":false},"excerpt":{"rendered":"Algier &#8211; Gas aus Algerien k\u00f6nnte nach Ansicht von Au\u00dfenminister Johann Wadephul langfristig dabei helfen, die Gasspeicher in&hellip;\n","protected":false},"author":2,"featured_media":49871,"comment_status":"","ping_status":"","sticky":false,"template":"","format":"standard","meta":{"footnotes":"","_share_on_mastodon":"0"},"categories":[9],"tags":[93,92,1757,158,147,2212,2213,19157,2894,211],"class_list":["post-49870","post","type-post","status-publish","format-standard","has-post-thumbnail","category-algerien","tag-algeria","tag-algerien","tag-bundesregierung","tag-deutschland","tag-diplomatie","tag-energie","tag-erdgas","tag-gasspeicher","tag-internationale-beziehung","tag-tunesien"],"share_on_mastodon":{"url":"https:\/\/pubeurope.com\/@afrika\/117195095547243049","error":""},"_links":{"self":[{"href":"https:\/\/www.europesays.com\/afrika\/wp-json\/wp\/v2\/posts\/49870","targetHints":{"allow":["GET"]}}],"collection":[{"href":"https:\/\/www.europesays.com\/afrika\/wp-json\/wp\/v2\/posts"}],"about":[{"href":"https:\/\/www.europesays.com\/afrika\/wp-json\/wp\/v2\/types\/post"}],"author":[{"embeddable":true,"href":"https:\/\/www.europesays.com\/afrika\/wp-json\/wp\/v2\/users\/2"}],"replies":[{"embeddable":true,"href":"https:\/\/www.europesays.com\/afrika\/wp-json\/wp\/v2\/comments?post=49870"}],"version-history":[{"count":0,"href":"https:\/\/www.europesays.com\/afrika\/wp-json\/wp\/v2\/posts\/49870\/revisions"}],"wp:featuredmedia":[{"embeddable":true,"href":"https:\/\/www.europesays.com\/afrika\/wp-json\/wp\/v2\/media\/49871"}],"wp:attachment":[{"href":"https:\/\/www.europesays.com\/afrika\/wp-json\/wp\/v2\/media?parent=49870"}],"wp:term":[{"taxonomy":"category","embeddable":true,"href":"https:\/\/www.europesays.com\/afrika\/wp-json\/wp\/v2\/categories?post=49870"},{"taxonomy":"post_tag","embeddable":true,"href":"https:\/\/www.europesays.com\/afrika\/wp-json\/wp\/v2\/tags?post=49870"}],"curies":[{"name":"wp","href":"https:\/\/api.w.org\/{rel}","templated":true}]}}