{"id":49946,"date":"2026-09-01T16:15:13","date_gmt":"2026-09-01T16:15:13","guid":{"rendered":"https:\/\/www.europesays.com\/afrika\/49946\/"},"modified":"2026-09-01T16:15:13","modified_gmt":"2026-09-01T16:15:13","slug":"der-praesident-des-parlaments-der-elfenbeinkueste-patrick-achi-beendet-seinen-offiziellen-besuch-in-vietnam-2","status":"publish","type":"post","link":"https:\/\/www.europesays.com\/afrika\/49946\/","title":{"rendered":"Der Pr\u00e4sident des Parlaments der Elfenbeink\u00fcste, Patrick Achi, beendet seinen offiziellen Besuch in Vietnam."},"content":{"rendered":"<p><img decoding=\"async\" style=\"cursor:pointer\" alt=\"Bildunterschrift\" src=\"https:\/\/www.europesays.com\/afrika\/wp-content\/uploads\/2026\/09\/1787720035660_chu-tich-quoc-hoi-bo-bien-nga.jpeg\"\/> Am Nachmittag des 23. August 2026 leitete der Vorsitzende der Nationalversammlung, <a class=\"data-link\" data-org-href=\"https:\/\/www.vietnam.vn\/de\/tag\/tran-thanh-man\" href=\"https:\/\/www.vietnam.vn\/de\/tag\/tran-thanh-man\" title=\"Tran Thanh Man\" target=\"_blank\" rel=\"nofollow noopener\">Tran Thanh Man,<\/a> im Geb\u00e4ude der Nationalversammlung die offizielle Begr\u00fc\u00dfungszeremonie und Gespr\u00e4che mit dem Vorsitzenden der Nationalversammlung der Republik C\u00f4te d\u2019Ivoire (Elfenbeink\u00fcste), Patrick Achi, der sich zu einem offiziellen Besuch in Vietnam aufhielt. Foto: Doan Tan\/TTXVN<\/p>\n<p> W\u00e4hrend seines offiziellen Besuchs in Vietnam legte der Pr\u00e4sident der Nationalversammlung der Republik C\u00f4te d&#8217;Ivoire, Patrick Achi, einen Kranz am Mausoleum von Pr\u00e4sident Ho Chi Minh nieder und legte auch einen Kranz am Denkmal f\u00fcr die Helden und M\u00e4rtyrer (Bac Son Stra\u00dfe, <a class=\"data-link\" data-org-href=\"https:\/\/www.vietnam.vn\/de\/destination\/ha-noi\" href=\"https:\/\/www.vietnam.vn\/de\/destination\/ha-noi\" title=\"Hanoi\" target=\"_blank\" rel=\"nofollow noopener\">Hanoi<\/a> ) nieder.<\/p>\n<p> Generalsekret\u00e4r und Pr\u00e4sident To Lam empfing den Sprecher der <a class=\"data-link\" data-org-href=\"https:\/\/www.vietnam.vn\/de\/tag\/quoc-hoi\" href=\"https:\/\/www.vietnam.vn\/de\/tag\/quoc-hoi\" title=\"Nationalversammlung\" target=\"_blank\" rel=\"nofollow noopener\">Nationalversammlung<\/a> der Republik C\u00f4te d&#8217;Ivoire, Patrick Achi. Der Vorsitzende der Nationalversammlung, Tran Thanh Man, leitete die offizielle Begr\u00fc\u00dfungszeremonie und f\u00fchrte Gespr\u00e4che mit Sprecher Patrick Achi.<\/p>\n<p>Das k\u00f6nnte Sie interessieren<\/p>\n<p> Im Rahmen der Treffen und Gespr\u00e4che begr\u00fc\u00dften die vietnamesischen F\u00fchrungskr\u00e4fte den Besuch des Parlamentspr\u00e4sidenten der Elfenbeink\u00fcste. Es war der erste Besuch eines Parlamentspr\u00e4sidenten eines afrikanischen Landes in Vietnam seit Beginn der 16. Legislaturperiode der Nationalversammlung. Die vietnamesischen F\u00fchrungskr\u00e4fte sind \u00fcberzeugt, dass der Besuch von Parlamentspr\u00e4sident Patrick Achi, der die Reihe der f\u00fcr das Jahr 2025 geplanten Aktivit\u00e4ten zum 50. Jahrestag der Aufnahme diplomatischer Beziehungen (1975\u20132025) fortsetzt, ein neues Kapitel in den freundschaftlichen und kooperativen Beziehungen zwischen den beiden L\u00e4ndern und ihren Parlamenten aufschlagen wird.<\/p>\n<p> Nach dem Besuch von Parlamentspr\u00e4sident Patrick Achi begr\u00fc\u00dften die vietnamesischen Vertreter die erste Delegation des Parlaments der Elfenbeink\u00fcste unter der Leitung eines Vizepr\u00e4sidenten zum Austausch von Erfahrungen mit der vietnamesischen Nationalversammlung. Sie schlugen vor, dass beide Seiten die Zusammenarbeit \u00fcber parlamentarische Kan\u00e4le als tragende S\u00e4ule und wichtige Grundlage der gesamten bilateralen Beziehungen anerkennen. Dies umfasst die effektive Umsetzung des Kooperationsmemorandums zwischen den beiden Parlamenten, die z\u00fcgige Pr\u00fcfung der Einrichtung einer Parlamentarischen Freundschaftsgruppe in beiden L\u00e4ndern sowie die Intensivierung des Austauschs von Erfahrungen im Bereich Gesetzgebung und Kontrolle.<\/p>\n<p> Der Pr\u00e4sident des ivorischen Parlaments, Patrick Achi, dankte der Partei, dem Staat und dem Volk Vietnams f\u00fcr den herzlichen Empfang der Delegation. Er zeigte sich erfreut \u00fcber seinen Besuch und dar\u00fcber, die beeindruckenden Entwicklungserfolge Vietnams nach nur 40 Jahren Doi Moi (Erneuerung) mit eigenen Augen gesehen zu haben. Der Parlamentspr\u00e4sident betonte erneut, dass Vietnams Erfolg eine Inspiration und ein Vorbild f\u00fcr afrikanische L\u00e4nder sei, die sich an ihrer eigenen nationalen Entwicklung orientieren sollten. Er \u00e4u\u00dferte die Hoffnung, dass die Parlamente beider L\u00e4nder zu regelm\u00e4\u00dfigen Foren f\u00fcr Dialog, gegenseitiges Lernen und Zusammenarbeit in den Bereichen Landwirtschaft, verarbeitende Industrie, digitale Transformation, private Investitionen, Personalentwicklung und Entwicklungsfinanzierung werden w\u00fcrden.<\/p>\n<p>Das k\u00f6nnte Sie interessieren<\/p>\n<p> W\u00e4hrend seines Besuchs in Vietnam besichtigten der Vorsitzende der Nationalversammlung, Tran Thanh Man, und der Pr\u00e4sident der Nationalversammlung der Elfenbeink\u00fcste ein landwirtschaftliches Entwicklungsmodell in Can Tho. Der Pr\u00e4sident der Nationalversammlung der Republik Elfenbeink\u00fcste, Patrick Achi, besuchte au\u00dferdem die Vietnamesische Landwirtschaftsakademie und arbeitete dort mit den Mitarbeitern zusammen.<\/p>\n<p class=\"mb-0\"> Quelle: https:\/\/baotintuc.vn\/thoi-su\/chu-tich-quoc-hoi-cote-divoire-patrick-achi-ket-thuc-chuyen-tham-chinh-thuc-viet-nam-20260826111836639.htm<\/p>\n","protected":false},"excerpt":{"rendered":"Am Nachmittag des 23. August 2026 leitete der Vorsitzende der Nationalversammlung, Tran Thanh Man, im Geb\u00e4ude der Nationalversammlung&hellip;\n","protected":false},"author":2,"featured_media":49947,"comment_status":"","ping_status":"","sticky":false,"template":"","format":"standard","meta":{"footnotes":"","_share_on_mastodon":"0"},"categories":[14],"tags":[125,124,19183,126,11235,18435,128],"class_list":["post-49946","post","type-post","status-publish","format-standard","has-post-thumbnail","category-elfenbeinkueste","tag-cote-divoire","tag-elfenbeinkueste","tag-ende","tag-ivory-coast","tag-offizieller-besuch-in-vietnam","tag-patrick-achi","tag-sprecher-der-nationalversammlung"],"share_on_mastodon":{"url":"https:\/\/pubeurope.com\/@afrika\/117196680318043107","error":""},"_links":{"self":[{"href":"https:\/\/www.europesays.com\/afrika\/wp-json\/wp\/v2\/posts\/49946","targetHints":{"allow":["GET"]}}],"collection":[{"href":"https:\/\/www.europesays.com\/afrika\/wp-json\/wp\/v2\/posts"}],"about":[{"href":"https:\/\/www.europesays.com\/afrika\/wp-json\/wp\/v2\/types\/post"}],"author":[{"embeddable":true,"href":"https:\/\/www.europesays.com\/afrika\/wp-json\/wp\/v2\/users\/2"}],"replies":[{"embeddable":true,"href":"https:\/\/www.europesays.com\/afrika\/wp-json\/wp\/v2\/comments?post=49946"}],"version-history":[{"count":0,"href":"https:\/\/www.europesays.com\/afrika\/wp-json\/wp\/v2\/posts\/49946\/revisions"}],"wp:featuredmedia":[{"embeddable":true,"href":"https:\/\/www.europesays.com\/afrika\/wp-json\/wp\/v2\/media\/49947"}],"wp:attachment":[{"href":"https:\/\/www.europesays.com\/afrika\/wp-json\/wp\/v2\/media?parent=49946"}],"wp:term":[{"taxonomy":"category","embeddable":true,"href":"https:\/\/www.europesays.com\/afrika\/wp-json\/wp\/v2\/categories?post=49946"},{"taxonomy":"post_tag","embeddable":true,"href":"https:\/\/www.europesays.com\/afrika\/wp-json\/wp\/v2\/tags?post=49946"}],"curies":[{"name":"wp","href":"https:\/\/api.w.org\/{rel}","templated":true}]}}