{"id":49967,"date":"2026-09-01T19:10:08","date_gmt":"2026-09-01T19:10:08","guid":{"rendered":"https:\/\/www.europesays.com\/afrika\/49967\/"},"modified":"2026-09-01T19:10:08","modified_gmt":"2026-09-01T19:10:08","slug":"sambia-hakainde-hichilema-tritt-zweite-amtszeit-als-praesident-an","status":"publish","type":"post","link":"https:\/\/www.europesays.com\/afrika\/49967\/","title":{"rendered":"Sambia: Hakainde Hichilema tritt zweite Amtszeit als Pr\u00e4sident an"},"content":{"rendered":"<p class=\"p1 sm:p1-medium items-start pb-[20px]\" data-selector=\"body-paragraph\" data-external-selector=\"body-elements-paragraph\" data-v-374fb494=\"\" data-v-308ce35d=\"\">In <a data-rtr-index=\"8\" title=\"Sambia\" href=\"https:\/\/www.faz.net\/aktuell\/reise\/thema\/sambia\" rel=\"nofollow noopener\" target=\"_blank\">Sambia<\/a> hat der unterlegene Oppositionskandidat nach einer turbulenten Wahl die Vereidigung des Pr\u00e4sidenten Hakainde Hichilema f\u00fcr eine weitere Amtszeit aus einem Hochsicherheitsgef\u00e4ngnis verfolgt. Vor der Zeremonie am Dienstag im \u201eNational Heroes Stadion\u201c in Lusaka wurde Brian Mundubile am Wochenende wegen Hochverrats angeklagt und in das Mukobeko-Gef\u00e4ngnis in der Bergbaustadt Kabwe geflogen.<\/p>\n<p class=\"p1 sm:p1-medium items-start pb-[20px]\" data-selector=\"body-paragraph\" data-external-selector=\"body-elements-paragraph\" data-v-374fb494=\"\" data-v-308ce35d=\"\">Auch sein \u201eRunning Mate\u201c f\u00fcr die Vizepr\u00e4sidentschaft, Makebi Zulu, und 16 weitere Personen wurden festgenommen und nach Angaben seines Anwalts ebenfalls wegen Hochverrats angeklagt. Unter ihnen befindet sich auch ein fr\u00fcherer anglikanischer Bischof, der die Partei des ersten Pr\u00e4sidenten nach der Unabh\u00e4ngigkeit, Kenneth Kaunda, f\u00fchrt.<\/p>\n<p class=\"p1 sm:p1-medium items-start pb-[20px]\" data-selector=\"body-paragraph\" data-external-selector=\"body-elements-paragraph\" data-v-374fb494=\"\" data-v-308ce35d=\"\">Hichilemas Wiederwahl war weithin erwartet worden. Die Anklagen der Oppositionspolitiker aber sch\u00fcren jetzt die Sorgen \u00fcber die k\u00fcnftigen demokratischen Verh\u00e4ltnisse in dem rohstoffreichen afrikanischen Land, das gerade eine Schuldenkrise \u00fcberwunden und das Vertrauen internationaler Investoren wiedergewonnen hatte.<\/p>\n<p>Wahlbeobachter sehen Grundrechte beeintr\u00e4chtigt<\/p>\n<p class=\"p1 sm:p1-medium items-start pb-[20px]\" data-selector=\"body-paragraph\" data-external-selector=\"body-elements-paragraph\" data-v-374fb494=\"\" data-v-308ce35d=\"\">Schon im Wahlkampf war von verschiedenen Seiten der Vorwurf laut geworden, die Opposition werde unterdr\u00fcckt. Wahlbeobachter der Europ\u00e4ischen Union schrieben in einem Bericht, die demokratischen Grundrechte seien \u201ebeeintr\u00e4chtigt\u201c gewesen. Als die Wahlkommission sp\u00e4ter die Ausz\u00e4hlung der Stimmzettel unterbrach, kam zus\u00e4tzlich der Verdacht der Wahlmanipulation auf, wobei nur wenige Beobachter Hichilemas Sieg infrage stellten. Nach Angaben der Wahlkommission gewann er mit 60 Prozent, Mundubile kam auf knapp 38 Prozent.<\/p>\n<p class=\"p1 sm:p1-medium items-start pb-[20px]\" data-selector=\"body-paragraph\" data-external-selector=\"body-elements-paragraph\" data-v-374fb494=\"\" data-v-308ce35d=\"\">Die Regierung wiederum wirft Mundubile und seinen Mitstreitern vor, einen Aufstand mithilfe einer bewaffneten Miliz geplant zu haben. Es gebe Hinweise, dass auch ausl\u00e4ndische Akteure involviert seien. Einen Tag nach der Abstimmung waren staatliche Sicherheitskr\u00e4fte zu einer Razzia vor Mundubiles Haus aufgetaucht, wo Mitglieder seines Teams versammelt waren. Bei dem Einsatz fielen wohl auch Sch\u00fcsse. Einer der Anwesenden, ein fr\u00fcherer Minister der vorigen Regierung unter Pr\u00e4sident Edgar Lungu, starb sp\u00e4ter an seinen Verletzungen. Nach Angaben der Regierung wurden mehrere \u201ehochwertige\u201c Waffen und Munition in dem Haus beschlagnahmt.<\/p>\n<p class=\"p1 sm:p1-medium items-start pb-[20px]\" data-selector=\"body-paragraph\" data-external-selector=\"body-elements-paragraph\" data-v-374fb494=\"\" data-v-308ce35d=\"\">Mundubile bestritt alle Vorw\u00fcrfe in mehreren Video-Mitteilungen in den sozialen Medien. Nach der Razzia fl\u00fcchteten er und sein Mitstreiter Zulu in ein Geb\u00e4ude der Vereinten Nationen in Lusaka, wo sie fast zwei Wochen verbrachten. In der vergangenen Woche wurden sie nach langen Verhandlungen zwischen einem UN-Vertreter und den Beh\u00f6rden schlie\u00dflich der Polizei \u00fcbergeben.<\/p>\n<p>Geschlossene Gerichte im ganzen Land<\/p>\n<p class=\"p1 sm:p1-medium items-start pb-[20px]\" data-selector=\"body-paragraph\" data-external-selector=\"body-elements-paragraph\" data-v-374fb494=\"\" data-v-308ce35d=\"\">Sambia gilt bisher als stabile Demokratie. Seit der Einf\u00fchrung eines Mehrparteiensystems 1991 fanden drei friedliche Machtwechsel statt. Der letzte war Hichilemas Amtsantritt nach der Wahl 2021, in der er gegen den inzwischen verstorbenen Lungu angetreten war.<\/p>\n<p class=\"p1 sm:p1-medium items-start pb-[20px]\" data-selector=\"body-paragraph\" data-external-selector=\"body-elements-paragraph\" data-v-374fb494=\"\" data-v-308ce35d=\"\">Die Zweifel, ob die Wahl in diesem Jahr frei und fair verlaufen ist, mehrten sich zudem, als in der vergangenen Woche alle Gerichte im Land, einschlie\u00dflich des Verfassungsgerichts, wegen einer angeblichen Sicherheitswarnung geschlossen waren. Auch an dem letzten Tag, an dem Mundubile Einspruch gegen das Wahlergebnis einlegen wollte, waren die Gerichte nicht zug\u00e4nglich. Sp\u00e4ter best\u00e4tigte der Oberste Richter Behauptungen der Opposition, sie habe einen Einspruch mit der \u00dcberschrift \u201ePetition des Volkes\u201c per E-Mail geschickt. Der vom Pr\u00e4sidenten ernannte Generalstaatsanwalt aber nannte einen Einspruch per E-Mail unzul\u00e4ssig.<\/p>\n<p class=\"p1 sm:p1-medium items-start pb-[20px]\" data-selector=\"body-paragraph\" data-external-selector=\"body-elements-paragraph\" data-v-374fb494=\"\" data-v-308ce35d=\"\">In Sambia ist der Dienstag wegen der Vereidigung des Pr\u00e4sidenten zum Feiertag erkl\u00e4rt worden. Tausende B\u00fcrger und zahlreiche ausl\u00e4ndische W\u00fcrdentr\u00e4ger kamen zu der Zeremonie in das Stadion. Medienberichten zufolge hatten die Regierungen im s\u00fcdlichen Afrika, die Afrikanische Union, China, die Vereinigten Staaten und Gro\u00dfbritannien zum Wahlsieg gratuliert. Europ\u00e4ische Staaten h\u00e4tten sich zur\u00fcckhaltend ge\u00e4u\u00dfert.<\/p>\n<p>Vertrauensmann f\u00fcr internationale Investoren<\/p>\n<p class=\"p1 sm:p1-medium items-start pb-[20px]\" data-selector=\"body-paragraph\" data-external-selector=\"body-elements-paragraph\" data-v-374fb494=\"\" data-v-308ce35d=\"\">Der 64 Jahre alte \u00d6konom und fr\u00fchere Unternehmer hatte vor f\u00fcnf Jahren einen hoch verschuldeten Staat \u00fcbernommen. Sambia, der zweitgr\u00f6\u00dfte Kupferproduzent auf dem Kontinent, musste als erstes afrikanisches Land w\u00e4hrend der Corona-Pandemie Staatsinsolvenz anmelden. In seiner ersten Amtszeit schaffte es Hichilema, die Finanzlage zu stabilisieren und mit einer wirtschaftsliberalen Politik das Vertrauen von Investoren zur\u00fcckzugewinnen. Auch Reformen, wie die Abschaffung von Schulgeb\u00fchren, wurden auf den Weg gebracht.<\/p>\n<p class=\"p1 sm:p1-medium items-start pb-[20px]\" data-selector=\"body-paragraph\" data-external-selector=\"body-elements-paragraph\" data-v-374fb494=\"\" data-v-308ce35d=\"\">In der breiten Bev\u00f6lkerung aber ist die Unzufriedenheit gro\u00df \u00fcber die hohen Lebenshaltungskosten und die Armut. Politischen Analysten zufolge l\u00e4sst sich damit die relativ hohe Stimmenzahl f\u00fcr den Oppositionskandidaten erkl\u00e4ren, der vorher nicht prominent in Erscheinung getreten war und erst sp\u00e4t von einem Parteienb\u00fcndnis nominiert wurde.<\/p>\n<p class=\"p1 sm:p1-medium items-start pb-[20px]\" data-selector=\"body-paragraph\" data-external-selector=\"body-elements-paragraph\" data-v-374fb494=\"\" data-v-308ce35d=\"\">Dass Oppositionspolitiker wegen Hochverrats angeklagt werden, ist allerdings keine neue Erscheinung in Sambia. Hichilema war selbst betroffen, als er w\u00e4hrend der Lungu-Pr\u00e4sidentschaft Oppositionsf\u00fchrer war.\u00a0 2017 war er des Hochverrats beschuldigt worden, weil seine Fahrzeugkolonne auf einer Stra\u00dfe angeblich den pr\u00e4sidialen Konvoi behindert hatte. Er sa\u00df mehrere Monate im Gef\u00e4ngnis und \u00fcbte zu der Zeit scharfe Kritik an der Regierung, sie habe die Gerichtsbarkeit f\u00fcr politische Zwecke missbraucht.<\/p>\n","protected":false},"excerpt":{"rendered":"In Sambia hat der unterlegene Oppositionskandidat nach einer turbulenten Wahl die Vereidigung des Pr\u00e4sidenten Hakainde Hichilema f\u00fcr eine&hellip;\n","protected":false},"author":2,"featured_media":49968,"comment_status":"","ping_status":"","sticky":false,"template":"","format":"standard","meta":{"footnotes":"","_share_on_mastodon":"0"},"categories":[25],"tags":[311,312],"class_list":["post-49967","post","type-post","status-publish","format-standard","has-post-thumbnail","category-sambia","tag-sambia","tag-zambia"],"share_on_mastodon":{"url":"https:\/\/pubeurope.com\/@afrika\/117197368375829809","error":""},"_links":{"self":[{"href":"https:\/\/www.europesays.com\/afrika\/wp-json\/wp\/v2\/posts\/49967","targetHints":{"allow":["GET"]}}],"collection":[{"href":"https:\/\/www.europesays.com\/afrika\/wp-json\/wp\/v2\/posts"}],"about":[{"href":"https:\/\/www.europesays.com\/afrika\/wp-json\/wp\/v2\/types\/post"}],"author":[{"embeddable":true,"href":"https:\/\/www.europesays.com\/afrika\/wp-json\/wp\/v2\/users\/2"}],"replies":[{"embeddable":true,"href":"https:\/\/www.europesays.com\/afrika\/wp-json\/wp\/v2\/comments?post=49967"}],"version-history":[{"count":0,"href":"https:\/\/www.europesays.com\/afrika\/wp-json\/wp\/v2\/posts\/49967\/revisions"}],"wp:featuredmedia":[{"embeddable":true,"href":"https:\/\/www.europesays.com\/afrika\/wp-json\/wp\/v2\/media\/49968"}],"wp:attachment":[{"href":"https:\/\/www.europesays.com\/afrika\/wp-json\/wp\/v2\/media?parent=49967"}],"wp:term":[{"taxonomy":"category","embeddable":true,"href":"https:\/\/www.europesays.com\/afrika\/wp-json\/wp\/v2\/categories?post=49967"},{"taxonomy":"post_tag","embeddable":true,"href":"https:\/\/www.europesays.com\/afrika\/wp-json\/wp\/v2\/tags?post=49967"}],"curies":[{"name":"wp","href":"https:\/\/api.w.org\/{rel}","templated":true}]}}