{"id":50003,"date":"2026-09-02T00:46:26","date_gmt":"2026-09-02T00:46:26","guid":{"rendered":"https:\/\/www.europesays.com\/afrika\/50003\/"},"modified":"2026-09-02T00:46:26","modified_gmt":"2026-09-02T00:46:26","slug":"algeriens-praesident-fordert-todesstrafe-fuer-brandstifter-nachrichten-fr","status":"publish","type":"post","link":"https:\/\/www.europesays.com\/afrika\/50003\/","title":{"rendered":"Algeriens Pr\u00e4sident fordert Todesstrafe f\u00fcr Brandstifter \u2013 Nachrichten.fr"},"content":{"rendered":"<p>Algier \u2013 31.08.2026: Nach den t\u00f6dlichen Waldbr\u00e4nden im Norden und Osten Algeriens will Pr\u00e4sident Abdelmadjid Tebboune die <a href=\"https:\/\/nachrichten.fr\/?s=Todesstrafe\" class=\"fp-internal-context-link\" title=\"Alle Artikel zu \u201eTodesstrafe\u201c\" rel=\"nofollow noopener\" target=\"_blank\">Todesstrafe<\/a> gegen verurteilte Brandstifter wieder vollstrecken lassen. Nach Angaben der staatlichen Nachrichtenagentur Alg\u00e9rie Presse Service wies er den Justizminister an, eine entsprechende \u00c4nderung des Strafgesetzbuchs vorzubereiten. Der Entwurf soll bis zum 15. September vorliegen.<\/p>\n<p>Tebboune erteilte den Auftrag am Sonntag bei einer Sitzung mit hochrangigen zivilen und milit\u00e4rischen Vertretern. Die Regierung soll den Entwurf zun\u00e4chst beraten und anschlie\u00dfend dem Parlament vorlegen. Nach dem Willen des Pr\u00e4sidenten k\u00f6nnten Menschen, die rechtskr\u00e4ftig wegen vors\u00e4tzlich gelegter Br\u00e4nde verurteilt wurden, nach Aussch\u00f6pfung ihrer Rechtsmittel hingerichtet werden. Ob das Parlament die Vorgabe unver\u00e4ndert in geltendes Recht \u00fcberf\u00fchrt, ist bislang offen.<\/p>\n<p>Die Ank\u00fcndigung w\u00e4re ein tiefer Einschnitt in die algerische Strafrechtspraxis. Zwar ist die Todesstrafe weiterhin gesetzlich vorgesehen, sie wurde jedoch seit 1993 nicht mehr vollstreckt. <a href=\"https:\/\/nachrichten.fr\/?s=Algerien\" class=\"fp-internal-context-link\" title=\"Alle Artikel zu \u201eAlgerien\u201c\" rel=\"nofollow noopener\" target=\"_blank\">Algerien<\/a> h\u00e4lt damit seit mehr als drei Jahrzehnten ein faktisches Moratorium ein. Tebboune verlangt nun keine blo\u00dfe Versch\u00e4rfung des Strafrahmens, sondern ausdr\u00fccklich die Wiederaufnahme von Hinrichtungen f\u00fcr eine bestimmte Gruppe von Verurteilten.<\/p>\n<p>Der Vorsto\u00df folgt auf schwere Br\u00e4nde in mehreren Provinzen des Landes. Nach den bislang ver\u00f6ffentlichten offiziellen Angaben kamen mindestens zw\u00f6lf Menschen ums Leben. Besonders betroffen waren Gebiete bei Bejaia, Jijel und Tizi Ouzou im Norden und Nordosten Algeriens. Gesundheitsminister Mohamed Seddik Ait Messaoudene sprach am Freitag von einer sehr schweren Bilanz. Die Beh\u00f6rden untersuchen weiterhin, wie die einzelnen Feuer entstanden und welchen Anteil vors\u00e4tzliche <a href=\"https:\/\/nachrichten.fr\/?s=Brandstiftung\" class=\"fp-internal-context-link\" title=\"Alle Artikel zu \u201eBrandstiftung\u201c\" rel=\"nofollow noopener\" target=\"_blank\">Brandstiftung<\/a> hatte.<\/p>\n<p>            <a href=\"https:\/\/nachrichten.fr\/frankreich-beratung\/\" rel=\"nofollow noopener\" target=\"_blank\"><br \/>\n              Orientierung f\u00fcr Ihr Frankreich<\/p>\n<p>                Was haben Sie in Frankreich vor?<br \/>\n                Umzug, Hauskauf, Alltag oder regelm\u00e4\u00dfige Reisen: Beginnen Sie mit Ihrer pers\u00f6nlichen Situation.<\/p>\n<p>              Passenden Einstieg finden \u2192<br \/>\n            <\/a><\/p>\n<p>Die politische Anordnung nimmt den Ergebnissen dieser Ermittlungen nicht automatisch vorweg. F\u00fcr eine Verurteilung m\u00fcssten die Strafverfolgungsbeh\u00f6rden in jedem einzelnen Fall nachweisen, dass ein Feuer absichtlich gelegt wurde. Auch bei einer \u00c4nderung des Gesetzes blieben gerichtliche Verfahren und Rechtsmittel erforderlich. Die angek\u00fcndigte Frist bis Mitte September betrifft zun\u00e4chst nur die Ausarbeitung der Gesetzesvorlage.<\/p>\n<p>Waldbr\u00e4nde haben Algerien in den vergangenen Jahren wiederholt schwer getroffen. Besonders gef\u00e4hrdet sind w\u00e4hrend hei\u00dfer und trockener Sommer die bewaldeten K\u00fcsten- und Bergregionen im Norden. Neben menschlichem Fehlverhalten k\u00f6nnen dort Trockenheit, Hitze und Wind die Ausbreitung von Feuern beschleunigen. Ob die j\u00fcngsten Br\u00e4nde \u00fcberwiegend auf Straftaten oder andere Ursachen zur\u00fcckgehen, ist noch nicht abschlie\u00dfend gekl\u00e4rt. Gesichert sind bislang die zw\u00f6lf Todesopfer und Tebbournes Auftrag, das Strafgesetzbuch bis zum 15. September \u00e4ndern zu lassen.<\/p>\n<p><a href=\"https:\/\/social.photra.org\/\" rel=\"sponsored nofollow noopener\" target=\"_blank\">Anzeige \u00b7 PHOTRA SocialImmer gut informiert<\/p>\n<p>Diese Meldung und Nachrichten aus Frankreich sowie vielen weiteren L\u00e4ndern erhalten Sie in unserem Social- und Informationsportal PHOTRA Social.<\/p>\n<p>PHOTRA Social \u00f6ffnen \u2192<\/a>Quellen<\/p>\n<p>Franceinfo<br \/>\nAlg\u00e9rie Presse Service<br \/>\nL&#8217;Orient-Le Jour \/ Agence France-Presse<br \/>\nSwissinfo \/ Keystone-SDA<\/p>\n<p>Artikel mit Hilfe k\u00fcnstlicher Intelligenz erstellt (Transparenzhinweis im Sinne von Artikel 50 der Verordnung (EU) 2024\/1689 \u2013 EU AI Act).<\/p>\n","protected":false},"excerpt":{"rendered":"Algier \u2013 31.08.2026: Nach den t\u00f6dlichen Waldbr\u00e4nden im Norden und Osten Algeriens will Pr\u00e4sident Abdelmadjid Tebboune die Todesstrafe&hellip;\n","protected":false},"author":2,"featured_media":50004,"comment_status":"","ping_status":"","sticky":false,"template":"","format":"standard","meta":{"footnotes":"","_share_on_mastodon":"0"},"categories":[9],"tags":[3596,302,93,92,19185,10311,1499,19186,19187,19188,2066,19189],"class_list":["post-50003","post","type-post","status-publish","format-standard","has-post-thumbnail","category-algerien","tag-abdelmadjid-tebboune","tag-aktuell","tag-algeria","tag-algerien","tag-artikel-des-tages","tag-brandstiftung","tag-international","tag-nachrichten-frankreich","tag-nachrichten-fr","tag-strafgesetzbuch","tag-todesstrafe","tag-waldbraende"],"share_on_mastodon":{"url":"https:\/\/pubeurope.com\/@afrika\/117198689594023499","error":""},"_links":{"self":[{"href":"https:\/\/www.europesays.com\/afrika\/wp-json\/wp\/v2\/posts\/50003","targetHints":{"allow":["GET"]}}],"collection":[{"href":"https:\/\/www.europesays.com\/afrika\/wp-json\/wp\/v2\/posts"}],"about":[{"href":"https:\/\/www.europesays.com\/afrika\/wp-json\/wp\/v2\/types\/post"}],"author":[{"embeddable":true,"href":"https:\/\/www.europesays.com\/afrika\/wp-json\/wp\/v2\/users\/2"}],"replies":[{"embeddable":true,"href":"https:\/\/www.europesays.com\/afrika\/wp-json\/wp\/v2\/comments?post=50003"}],"version-history":[{"count":0,"href":"https:\/\/www.europesays.com\/afrika\/wp-json\/wp\/v2\/posts\/50003\/revisions"}],"wp:featuredmedia":[{"embeddable":true,"href":"https:\/\/www.europesays.com\/afrika\/wp-json\/wp\/v2\/media\/50004"}],"wp:attachment":[{"href":"https:\/\/www.europesays.com\/afrika\/wp-json\/wp\/v2\/media?parent=50003"}],"wp:term":[{"taxonomy":"category","embeddable":true,"href":"https:\/\/www.europesays.com\/afrika\/wp-json\/wp\/v2\/categories?post=50003"},{"taxonomy":"post_tag","embeddable":true,"href":"https:\/\/www.europesays.com\/afrika\/wp-json\/wp\/v2\/tags?post=50003"}],"curies":[{"name":"wp","href":"https:\/\/api.w.org\/{rel}","templated":true}]}}