{"id":50042,"date":"2026-09-02T06:59:10","date_gmt":"2026-09-02T06:59:10","guid":{"rendered":"https:\/\/www.europesays.com\/afrika\/50042\/"},"modified":"2026-09-02T06:59:10","modified_gmt":"2026-09-02T06:59:10","slug":"suedafrikanischer-rand-schwaecht-sich-nach-schwachen-pmi-daten-ab","status":"publish","type":"post","link":"https:\/\/www.europesays.com\/afrika\/50042\/","title":{"rendered":"S\u00fcdafrikanischer Rand schw\u00e4cht sich nach schwachen PMI-Daten ab"},"content":{"rendered":"<p>Der s\u00fcdafrikanische Rand hat am Dienstag nachgegeben, nachdem der Einkaufsmanagerindex (PMI) f\u00fcr das verarbeitende Gewerbe einen weiteren R\u00fcckgang signalisierte. Die Landesw\u00e4hrung notierte um 12:59 Uhr GMT bei 16,1375 zum US-Dollar und verbilligte sich damit um rund 0,2 Prozent im Vergleich zum Vortag.<\/p>\n<p>Der saisonbereinigte PMI, der von der s\u00fcdafrikanischen Bank Absa gesponsert wird, fiel im August auf 45,8 Punkte, nachdem er im Juli noch bei 46,8 Punkten gelegen hatte. Dies markiert den vierten R\u00fcckgang in Folge und den niedrigsten Stand seit Jahresbeginn. Ein Wert unter 50 Punkten deutet auf eine Kontraktion der Wirtschaftst\u00e4tigkeit im verarbeitenden Gewerbe hin.<\/p>\n<p>Die schwachen PMI-Daten belasten den Rand zus\u00e4tzlich, der bereits unter einem festeren US-Dollar leidet. Der US-Dollar-Index legte gegen\u00fcber einem Korb wichtiger W\u00e4hrungen zu, nachdem erneute Spannungen zwischen den USA und dem Iran die Inflationserwartungen ankurbelten.<\/p>\n<p>Gemischte Signale vom Automobilmarkt<\/p>\n<p>W\u00e4hrend die Industriedaten tr\u00fcbe ausfielen, lieferte der s\u00fcdafrikanische Automobilmarkt zumindest teilweise positive Nachrichten. Nach Angaben des s\u00fcdafrikanischen Automobilverbands NAAMSA stiegen die Neuwagenverk\u00e4ufe im August um 11,4 Prozent im Jahresvergleich. Allerdings verlangsamte sich das Wachstum damit leicht gegen\u00fcber dem Juli-Wert von 11,9 Prozent.<\/p>\n<p>Die Entwicklung zeigt, dass die Verbrauchernachfrage in S\u00fcdafrika noch nicht vollst\u00e4ndig eingebrochen ist, sich aber abschw\u00e4cht. Der R\u00fcckgang des verarbeitenden Gewerbes k\u00f6nnte jedoch auf breitere wirtschaftliche Herausforderungen hindeuten.<\/p>\n<p>B\u00f6rse Johannesburg unter Druck<\/p>\n<p>Auch die Aktienm\u00e4rkte in S\u00fcdafrika blieben von der negativen Stimmung nicht verschont. Der Top-40-Index an der B\u00f6rse von Johannesburg lag zuletzt mit einem Minus von 0,8 Prozent im roten Bereich. Anleger reagierten damit auf die schwachen Konjunkturdaten sowie die globalen Unsicherheiten.<\/p>\n<p>Die Kombination aus sinkender Industrieproduktion, einem schw\u00e4cheren Rand und geopolitischen Spannungen setzt die s\u00fcdafrikanische Wirtschaft unter Druck. Ein PMI-Wert von 45,8 Punkten liegt deutlich unter der Wachstumsschwelle und signalisiert eine anhaltende Schw\u00e4che des verarbeitenden Gewerbes.<\/p>\n<p>Ausblick f\u00fcr den Rand<\/p>\n<p>Der s\u00fcdafrikanische Rand bleibt damit anf\u00e4llig f\u00fcr externe Faktoren, insbesondere die Entwicklung des US-Dollars und die globale Risikostimmung. Sollten sich die geopolitischen Spannungen zwischen den USA und dem Iran weiter versch\u00e4rfen, k\u00f6nnte dies den Dollar weiter st\u00fctzen und den Rand zus\u00e4tzlich belasten.<\/p>\n<p>Die anhaltende Schw\u00e4che des verarbeitenden Gewerbes bereitet Volkswirten Sorgen. Vier Monate in Folge sinkende PMI-Werte deuten auf strukturelle Probleme hin, die \u00fcber saisonale Schwankungen hinausgehen. F\u00fcr Anleger bleibt S\u00fcdafrika damit ein risikoreiches Investmentumfeld.<\/p>\n<p>S\u00fcdafrikanischer RandPMIAbsaUs-DollarJohannesburg B\u00f6rseNAAMSANeuwagenverk\u00e4ufeSchwellenl\u00e4nderw\u00e4hrungen<\/p>\n","protected":false},"excerpt":{"rendered":"Der s\u00fcdafrikanische Rand hat am Dienstag nachgegeben, nachdem der Einkaufsmanagerindex (PMI) f\u00fcr das verarbeitende Gewerbe einen weiteren R\u00fcckgang&hellip;\n","protected":false},"author":2,"featured_media":50043,"comment_status":"","ping_status":"","sticky":false,"template":"","format":"standard","meta":{"footnotes":"","_share_on_mastodon":"0"},"categories":[6],"tags":[44,43],"class_list":["post-50042","post","type-post","status-publish","format-standard","has-post-thumbnail","category-suedafrika","tag-south-africa","tag-suedafrika"],"share_on_mastodon":{"url":"https:\/\/pubeurope.com\/@afrika\/117200156221154981","error":""},"_links":{"self":[{"href":"https:\/\/www.europesays.com\/afrika\/wp-json\/wp\/v2\/posts\/50042","targetHints":{"allow":["GET"]}}],"collection":[{"href":"https:\/\/www.europesays.com\/afrika\/wp-json\/wp\/v2\/posts"}],"about":[{"href":"https:\/\/www.europesays.com\/afrika\/wp-json\/wp\/v2\/types\/post"}],"author":[{"embeddable":true,"href":"https:\/\/www.europesays.com\/afrika\/wp-json\/wp\/v2\/users\/2"}],"replies":[{"embeddable":true,"href":"https:\/\/www.europesays.com\/afrika\/wp-json\/wp\/v2\/comments?post=50042"}],"version-history":[{"count":0,"href":"https:\/\/www.europesays.com\/afrika\/wp-json\/wp\/v2\/posts\/50042\/revisions"}],"wp:featuredmedia":[{"embeddable":true,"href":"https:\/\/www.europesays.com\/afrika\/wp-json\/wp\/v2\/media\/50043"}],"wp:attachment":[{"href":"https:\/\/www.europesays.com\/afrika\/wp-json\/wp\/v2\/media?parent=50042"}],"wp:term":[{"taxonomy":"category","embeddable":true,"href":"https:\/\/www.europesays.com\/afrika\/wp-json\/wp\/v2\/categories?post=50042"},{"taxonomy":"post_tag","embeddable":true,"href":"https:\/\/www.europesays.com\/afrika\/wp-json\/wp\/v2\/tags?post=50042"}],"curies":[{"name":"wp","href":"https:\/\/api.w.org\/{rel}","templated":true}]}}