{"id":50061,"date":"2026-09-02T08:30:01","date_gmt":"2026-09-02T08:30:01","guid":{"rendered":"https:\/\/www.europesays.com\/afrika\/50061\/"},"modified":"2026-09-02T08:30:01","modified_gmt":"2026-09-02T08:30:01","slug":"afrika-cote-divoire-missionarische-rundreise-soll-alle-getauften-fuer-die-missionarische-arbeit-sensibilisieren","status":"publish","type":"post","link":"https:\/\/www.europesays.com\/afrika\/50061\/","title":{"rendered":"AFRIKA\/COTE D&#8217;IVOIRE &#8211; \u201cMissionarische Rundreise\u201d soll alle Getauften f\u00fcr die missionarische Arbeit sensibilisieren"},"content":{"rendered":"<p>\n\t\t\tAFRIKA\/COTE D&#8217;IVOIRE &#8211; \u201cMissionarische Rundreise\u201d soll alle Getauften f\u00fcr die missionarische Arbeit sensibilisieren<\/p>\n<p>&#13;<br \/>\n\t\t\t\tDonnerstag, 28 Oktober 2021 \t\t\t\t&#13;<br \/>\n\t\t\t\t\t\t\t\t&#13;<br \/>\n\t\t\t\t&#13;\n\t\t\t<\/p>\n<p>\t\t\t\t\t<img decoding=\"async\" src=\"https:\/\/www.europesays.com\/afrika\/wp-content\/uploads\/2026\/09\/primopiano_13456.jpg\" class=\"img-responsive\" alt=\"\"\/>\t\t\t\t\t<\/p>\n<p style=\"font-size:1.2em;\">Yamoussoukro (Fides) \u2013 Noch bis zu kommenden 18. Dezember veranstalten die P\u00e4pstlichen Missionswerke in der Elfenbeink\u00fcste anl\u00e4sslich des Monats der Weltmission 2021 Initiativen in den verschiedenen Teilen des Landes. In einer Art \u201eRundreise\u201c berichten Mitarbeiter und G\u00e4ste anhand von Zeugnissen im Rahmen von Begegnungen \u00fcber die Arbeit und die Projekte der P\u00e4pstlichen Missionswerke um diese bei Priestern, Ordensleuten und Laien besser bekannt zu machen.<br \/>&#13;<br \/>\n&#8222;Diese missionarische Rundreise, die Anfang Oktober auf ausdr\u00fccklichen Wunsch der katholischen Bisch\u00f6fe der Elfenbeink\u00fcste gestartet wurde, zielt darauf ab, die Gl\u00e4ubigen aller Altersgruppen f\u00fcr das Thema Mission zu sensibilisieren und eine Gelegenheit zum Austausch und zum lebendigen Begegnung zu schaffen, um die Arbeit der P\u00e4pstlichen Missionswerke bekannt zu machen&#8220;, erkl\u00e4rt Pfarrer Jean-No\u00ebl Gossou, Nationaldirektor der P\u00e4pstlichen Missionswerke in der Elfenbeink\u00fcste, gegen\u00fcber Fides.<br \/>&#13;<br \/>\nNach einem Besuch in der Kirchenprovinz Korhogo (4. Bis 11. Oktober) h\u00e4lt sich das Team derzeit in Bouak\u00e9 auf, bevor es im November (12.-22. November) in der Kirchenprovinz Gagnoa weitergehen wird und die \u201eRundreise\u201c im Dezember in der Kirchenprovinz Abidjan (24. November -18. Dezember) endet.<br \/>&#13;<br \/>\n \u201eDer Missionsmonat ist eine Gelegenheit, das missionarische Bewusstsein in allen zu wecken: bei Priestern, Ordensleuten, Laien und Familien&#8220;, sagte Pfarrer Gossou, &#8222;deshalb lade ich uns alle ein, uns unserer missionarischen Berufung bewusst zu werden und uns zu verpflichten, in den Fu\u00dfstapfen der Apostel und der ersten Missionare zu treten\u201c.<br \/>&#13;<br \/>\nDie ersten Fr\u00fcchte dieser Tour wurden bereits am Ende der ersten Etappe sichtbar, als Erzbischof Bischof Ignace Dogbo Bessi  von Korhogo, einen Aufruf an alle Gl\u00e4ubigen richtete, &#8222;die P\u00e4pstlichen Missionswerke gro\u00dfz\u00fcgig zu unterst\u00fctzen&#8220;.  Auch Mitglieder des Laienapostolats f\u00fchlten sich in ihrem Wissen \u00fcber die Arbeit der P\u00e4pstlichen Missionswerke gest\u00e4rkt und dadurch motivierter, sich pers\u00f6nlich f\u00fcr die Evangelisierung einzusetzen.<br \/>&#13;<br \/>\nIn allen Di\u00f6zesen fanden im Oktober weitere Aktivit\u00e4ten zur Sensibilisierung f\u00fcr die Missionsarbeit statt. <br \/>&#13;<br \/>\n(EG) (Fides 28\/10\/2021)<br \/>&#13;\n<\/p>\n<p>\t\t\t\t\t<img decoding=\"async\" src=\"https:\/\/www.europesays.com\/afrika\/wp-content\/uploads\/2026\/09\/primopiano_13464.jpg\" class=\"img-responsive\" alt=\"\"\/><\/p>\n<p>\t\t\t\t\t<img decoding=\"async\" src=\"https:\/\/www.europesays.com\/afrika\/wp-content\/uploads\/2026\/09\/primopiano_13465.jpg\" class=\"img-responsive\" alt=\"\"\/><\/p>\n<p>\t\t\t\t\t<img decoding=\"async\" src=\"https:\/\/www.europesays.com\/afrika\/wp-content\/uploads\/2026\/09\/primopiano_13466.jpg\" class=\"img-responsive\" alt=\"\"\/><\/p>\n<p>\t\t\t\t\t<img decoding=\"async\" src=\"https:\/\/www.europesays.com\/afrika\/wp-content\/uploads\/2026\/09\/primopiano_13467.jpg\" class=\"img-responsive\" alt=\"\"\/><\/p>\n<p>\t\t\t\t\t<img decoding=\"async\" src=\"https:\/\/www.europesays.com\/afrika\/wp-content\/uploads\/2026\/09\/primopiano_13468.jpg\" class=\"img-responsive\" alt=\"\"\/><\/p>\n<p>\t\t\t\t\t<img decoding=\"async\" src=\"https:\/\/www.europesays.com\/afrika\/wp-content\/uploads\/2026\/09\/primopiano_13469.jpg\" class=\"img-responsive\" alt=\"\"\/><\/p>\n<p><\/p>\n<p>\t\t\tTeilen:<\/p>\n","protected":false},"excerpt":{"rendered":"AFRIKA\/COTE D&#8217;IVOIRE &#8211; \u201cMissionarische Rundreise\u201d soll alle Getauften f\u00fcr die missionarische Arbeit sensibilisieren &#13; Donnerstag, 28 Oktober 2021&hellip;\n","protected":false},"author":2,"featured_media":50062,"comment_status":"","ping_status":"","sticky":false,"template":"","format":"standard","meta":{"footnotes":"","_share_on_mastodon":"0"},"categories":[14],"tags":[125,124,126],"class_list":["post-50061","post","type-post","status-publish","format-standard","has-post-thumbnail","category-elfenbeinkueste","tag-cote-divoire","tag-elfenbeinkueste","tag-ivory-coast"],"share_on_mastodon":{"url":"https:\/\/pubeurope.com\/@afrika\/117200514456753743","error":""},"_links":{"self":[{"href":"https:\/\/www.europesays.com\/afrika\/wp-json\/wp\/v2\/posts\/50061","targetHints":{"allow":["GET"]}}],"collection":[{"href":"https:\/\/www.europesays.com\/afrika\/wp-json\/wp\/v2\/posts"}],"about":[{"href":"https:\/\/www.europesays.com\/afrika\/wp-json\/wp\/v2\/types\/post"}],"author":[{"embeddable":true,"href":"https:\/\/www.europesays.com\/afrika\/wp-json\/wp\/v2\/users\/2"}],"replies":[{"embeddable":true,"href":"https:\/\/www.europesays.com\/afrika\/wp-json\/wp\/v2\/comments?post=50061"}],"version-history":[{"count":0,"href":"https:\/\/www.europesays.com\/afrika\/wp-json\/wp\/v2\/posts\/50061\/revisions"}],"wp:featuredmedia":[{"embeddable":true,"href":"https:\/\/www.europesays.com\/afrika\/wp-json\/wp\/v2\/media\/50062"}],"wp:attachment":[{"href":"https:\/\/www.europesays.com\/afrika\/wp-json\/wp\/v2\/media?parent=50061"}],"wp:term":[{"taxonomy":"category","embeddable":true,"href":"https:\/\/www.europesays.com\/afrika\/wp-json\/wp\/v2\/categories?post=50061"},{"taxonomy":"post_tag","embeddable":true,"href":"https:\/\/www.europesays.com\/afrika\/wp-json\/wp\/v2\/tags?post=50061"}],"curies":[{"name":"wp","href":"https:\/\/api.w.org\/{rel}","templated":true}]}}