{"id":50150,"date":"2026-09-02T14:02:06","date_gmt":"2026-09-02T14:02:06","guid":{"rendered":"https:\/\/www.europesays.com\/afrika\/50150\/"},"modified":"2026-09-02T14:02:06","modified_gmt":"2026-09-02T14:02:06","slug":"menschenrechtler-besorgt-um-lage-in-tunesien","status":"publish","type":"post","link":"https:\/\/www.europesays.com\/afrika\/50150\/","title":{"rendered":"Menschenrechtler besorgt um Lage in Tunesien"},"content":{"rendered":"<p>Verfolgung und willk\u00fcrliche Inhaftierung von Aktivisten: Aus Sicht von Human Rights Watch hat sich die menschenrechtliche Lage in Tunesien in den vergangenen Jahren deutlich verschlechtert. <\/p>\n<p>     <a href=\"https:\/\/www.vaticannews.va\/de\/welt\/news\/2026-07\/erzbischof-leo-lampedusa-mittelmeer-kirche-tunesien-migration.html\" title=\"Erzbischof von Tunis: \u201eLampedusa, ein Licht f\u00fcr das Mittelmeer&quot;\" rel=\"nofollow noopener\" target=\"_blank\"><\/p>\n<p>        <img decoding=\"async\" src=\"data:image\/gif;base64,R0lGODlhAQABAIAAAAAAAP\/\/\/yH5BAEAAAAALAAAAAABAAEAAAIBRAA7\" data-original=\"https:\/\/www.vaticannews.va\/content\/dam\/vaticannews\/multimedia\/2026\/aprile\/15\/vlcsnap-2026-04-15-08h50m21s550.jpg\/_jcr_content\/renditions\/cq5dam.thumbnail.cropped.500.281.jpeg\" alt=\"Erzbischof von Tunis: \u201eLampedusa, ein Licht f\u00fcr das Mittelmeer&quot;\"\/><\/p>\n<p>      <\/a><\/p>\n<p>\n      Im Interview mit Radio Vatikan berichtet der Erzbischof von Tunis und Vorsitzende der Bischofskonferenz der Region Nordafrika, Nicolas Lhernould, \u00fcber das Engagement der &#8230;\n     <\/p>\n<p>Tunesiens Regierung geht nach Einsch\u00e4tzung von Menschenrechtlern zunehmend gegen die eigene Bev\u00f6lkerung vor. In einem am Mittwoch ver\u00f6ffentlichten Bericht dokumentiert Human Rights Watch eine wachsende Zahl systematischer Versuche, kritische Stimmen zum Schweigen zu bringen. Seit 2022 habe Tunesiens Pr\u00e4sident Kais Saied \u00f6ffentlich die Zivilgesellschaft d\u00e4monisiert und als Bedrohung f\u00fcr die nationale Souver\u00e4nit\u00e4t dargestellt. Mindestens 47 Personen mit Verbindungen zu Nichtregierungsorganisationen seien strafrechtlich verfolgt worden, mindestens zehn Menschen s\u00e4\u00dfen l\u00e4nger als 14 Monate in Untersuchungshaft. Zahlreiche Vereine wurden demnach suspendiert oder mit ihrer Aufl\u00f6sung bedroht.<\/p>\n<p>Willk\u00fcrliche Festnahmen <\/p>\n<p>Nach Einsch\u00e4tzung der Menschenrechtsorganisation gibt es unter anderem willk\u00fcrliche Festnahmen oder Gewahrsam, massenhafte Verd\u00e4chtigungen und Drohungen. Die tunesischen Beh\u00f6rden h\u00e4tten wiederholt versucht, den derzeitigen Rechtsrahmen f\u00fcr Vereine zu \u00e4ndern und zu versch\u00e4rfen, und zwar in einer Weise, die deren Recht auf Vereinigungsfreiheit untergraben w\u00fcrde. Human Rights Watch warnt, dass die tunesischen Beh\u00f6rden den zivilgesellschaftlichen Raum, der nach der Revolution von 2011 entstanden ist, weitgehend zerst\u00f6ren. Zugleich forderte die Organisation die tunesischen Beh\u00f6rden auf, die Versammlungsfreiheit sowie das juristische Verfolgen von zivilgesellschaftlichen Gruppen zu beenden. Alle Mitarbeiter von Nichtregierungsorganisationen m\u00fcssten freigelassen werden. Die internationale Gemeinschaft, darunter die EU, m\u00fcsse sich f\u00fcr die Rechte der Zivilgesellschaft in Tunesien starkmachen.<\/p>\n<p>(kna\/<a href=\"https:\/\/www.hrw.org\/news\/2026\/09\/02\/tunisia-civil-society-under-siege\" target=\"_blank\" rel=\"external nofollow noopener\">Human Rights Watch\u00a0<\/a> &#8211; vo)<\/p>\n<p>\u00a0<\/p>\n","protected":false},"excerpt":{"rendered":"Verfolgung und willk\u00fcrliche Inhaftierung von Aktivisten: Aus Sicht von Human Rights Watch hat sich die menschenrechtliche Lage in&hellip;\n","protected":false},"author":2,"featured_media":50151,"comment_status":"","ping_status":"","sticky":false,"template":"","format":"standard","meta":{"footnotes":"","_share_on_mastodon":"0"},"categories":[20],"tags":[205,206,9481,283,229,211,212],"class_list":["post-50150","post","type-post","status-publish","format-standard","has-post-thumbnail","category-tunesien","tag-gewalt","tag-menschenrechte","tag-ngo","tag-politik","tag-solidaritaet","tag-tunesien","tag-tunisia"],"share_on_mastodon":{"url":"https:\/\/pubeurope.com\/@afrika\/117201819699559879","error":""},"_links":{"self":[{"href":"https:\/\/www.europesays.com\/afrika\/wp-json\/wp\/v2\/posts\/50150","targetHints":{"allow":["GET"]}}],"collection":[{"href":"https:\/\/www.europesays.com\/afrika\/wp-json\/wp\/v2\/posts"}],"about":[{"href":"https:\/\/www.europesays.com\/afrika\/wp-json\/wp\/v2\/types\/post"}],"author":[{"embeddable":true,"href":"https:\/\/www.europesays.com\/afrika\/wp-json\/wp\/v2\/users\/2"}],"replies":[{"embeddable":true,"href":"https:\/\/www.europesays.com\/afrika\/wp-json\/wp\/v2\/comments?post=50150"}],"version-history":[{"count":0,"href":"https:\/\/www.europesays.com\/afrika\/wp-json\/wp\/v2\/posts\/50150\/revisions"}],"wp:featuredmedia":[{"embeddable":true,"href":"https:\/\/www.europesays.com\/afrika\/wp-json\/wp\/v2\/media\/50151"}],"wp:attachment":[{"href":"https:\/\/www.europesays.com\/afrika\/wp-json\/wp\/v2\/media?parent=50150"}],"wp:term":[{"taxonomy":"category","embeddable":true,"href":"https:\/\/www.europesays.com\/afrika\/wp-json\/wp\/v2\/categories?post=50150"},{"taxonomy":"post_tag","embeddable":true,"href":"https:\/\/www.europesays.com\/afrika\/wp-json\/wp\/v2\/tags?post=50150"}],"curies":[{"name":"wp","href":"https:\/\/api.w.org\/{rel}","templated":true}]}}