{"id":50156,"date":"2026-09-02T14:17:16","date_gmt":"2026-09-02T14:17:16","guid":{"rendered":"https:\/\/www.europesays.com\/afrika\/50156\/"},"modified":"2026-09-02T14:17:16","modified_gmt":"2026-09-02T14:17:16","slug":"wadephul-in-nigeria-warum-afrika-wichtig-ist-4","status":"publish","type":"post","link":"https:\/\/www.europesays.com\/afrika\/50156\/","title":{"rendered":"Wadephul in Nigeria: Warum Afrika wichtig ist"},"content":{"rendered":"<p>Diplomatie <\/p>\n<p>Wadephul in Nigeria: Warum Afrika wichtig ist<\/p>\n<p>Aktualisiert am 22.07.2026Lesedauer: 3 Min.<\/p>\n<p><a href=\"#focus-0\" class=\"transition-colors block text-current relative\" data-sctrack=\"FocusGalleryImage.Reference\"><img fetchpriority=\"high\" data-testid=\"Opener.Image\"   loading=\"eager\" src=\"https:\/\/www.europesays.com\/afrika\/wp-content\/uploads\/2026\/09\/aussenminister-johann-wadephul-cdu-trifft-sich-in-der-nigerianischen-wirtschaftsmetropole-lagos-mit-.jpeg\" alt=\"Au\u00dfenminister Wadephul besucht Nigeria\" title=\"Au\u00dfenminister Wadephul besucht Nigeria\" width=\"2048\" height=\"1152\" class=\"bg-[url:var(--lqipURL)] bg-cover bg-center flex h-full w-full max-w-full\" style=\"--lqipURL:url('https:\/\/images.t-online.de\/2026\/07\/pOemWwSGvkYB\/0x144:2048x1152\/fit-in\/150x0\/filters:blur(25)\/aussenminister-johann-wadephul-cdu-trifft-sich-in-der-nigerianischen-wirtschaftsmetropole-lagos-mit-jungen-influencerinnen-und-influencern.jpg')\" decoding=\"async\"\/><img loading=\"lazy\" src=\"https:\/\/www.t-online.de\/s\/paper\/_next\/static\/media\/zoom-in.f7dae02f.svg\" alt=\"Vergr\u00f6\u00dfern des Bildes\" title=\"Vergr\u00f6\u00dfern des Bildes\" class=\"block h-[calc(var(--height)_\/_16_*_1rem)] w-[calc(var(--width)_\/_16_*_1rem)] max-w-none absolute right-8 bottom-8 rounded-4 bg-snow p-8\" style=\"--width:32;--height:32\" decoding=\"async\"\/><\/a><\/p>\n<p>Au\u00dfenminister Johann Wadephul (CDU) trifft sich in der nigerianischen Wirtschaftsmetropole Lagos mit jungen Influencerinnen und Influencern. (Quelle: Soeren Stache\/dpa\/dpa-bilder)<\/p>\n<p><img loading=\"lazy\" src=\"https:\/\/www.t-online.de\/s\/paper\/_next\/static\/media\/audio-volume.6689034c.svg\" alt=\"\" title=\"\" class=\"block h-[calc(var(--height)_\/_16_*_1rem)] w-[calc(var(--width)_\/_16_*_1rem)] max-w-none group-hover:brightness-0 group-hover:invert\" style=\"--width:16;--height:16\" decoding=\"async\"\/>Vorlesen<\/p>\n<p>Aktuelle Zeit:0:00Gesamtdauer:0:00<\/p>\n<p>1x<img loading=\"lazy\" src=\"https:\/\/www.t-online.de\/s\/paper\/_next\/static\/media\/font-sizes.32942e33.svg\" alt=\"\" title=\"\" class=\"block h-[calc(var(--height)_\/_16_*_1rem)] w-[calc(var(--width)_\/_16_*_1rem)] max-w-none group-hover:hidden group-aria-expanded:hidden\" style=\"--width:16;--height:16\" decoding=\"async\"\/><img loading=\"lazy\" src=\"https:\/\/www.t-online.de\/s\/paper\/_next\/static\/media\/font-sizes-dark-mode.e382645c.svg\" alt=\"\" title=\"\" class=\"block h-[calc(var(--height)_\/_16_*_1rem)] w-[calc(var(--width)_\/_16_*_1rem)] max-w-none hidden group-hover:block group-aria-expanded:block\" style=\"--width:16;--height:16\" decoding=\"async\"\/><img loading=\"lazy\" src=\"https:\/\/www.t-online.de\/s\/paper\/_next\/static\/media\/sharing-menu-icon.1eb71368.svg\" alt=\"\" title=\"\" class=\"block h-[calc(var(--height)_\/_16_*_1rem)] w-[calc(var(--width)_\/_16_*_1rem)] max-w-none group-hover:brightness-0 group-hover:invert\" style=\"--width:16;--height:16\" decoding=\"async\"\/>Artikel teilen<\/p>\n<p class=\"font-bold text-18 leading-17 user-text-lg:text-22 user-text-xl:text-24\">Am dritten Tag seiner Afrikareise stehen f\u00fcr den deutschen Au\u00dfenminister in Nigeria politische Gespr\u00e4che im Mittelpunkt. Er will die Beziehungen zu der F\u00fchrungsmacht in Westafrika ausbauen.<\/p>\n<p class=\"text-18 leading-17 user-text-lg:text-22 user-text-xl:text-24\">Es ist ein eher ungew\u00f6hnlicher Termin f\u00fcr Johann Wadephul: In der nigerianischen Wirtschaftsmetropole trifft der deutsche Au\u00dfenminister Influencerinnen und Influencer. Darunter ein Musiker, ein Unternehmer aus der Kulturbranche, eine Filmemacherin. <a href=\"https:\/\/www.t-online.de\/themen\/berlinale\/\" class=\"transition-colors cursor-pointer no-underline md:hover:text-magenta md:focus:text-magenta border-b border-solid border-current text-salemsfur md:hover:border-magenta\" data-tracking=\"{&quot;action&quot;:&quot;click&quot;,&quot;category&quot;:&quot;intextLink&quot;,&quot;label&quot;:&quot;\/themen\/berlinale\/&quot;}\" data-sctrack=\"BodyAnchor\" rel=\"nofollow noopener\" target=\"_blank\">Berlinale<\/a>, die Fashion Week in <a href=\"https:\/\/berlin.t-online.de\/region\/berlin\/\" class=\"transition-colors cursor-pointer no-underline md:hover:text-magenta md:focus:text-magenta border-b border-solid border-current text-salemsfur md:hover:border-magenta\" data-tracking=\"{&quot;action&quot;:&quot;click&quot;,&quot;category&quot;:&quot;intextLink&quot;,&quot;label&quot;:&quot;https:\/\/berlin.t-online.de\/region\/berlin\/&quot;}\" data-sctrack=\"BodyAnchor\" rel=\"nofollow noopener\" target=\"_blank\">Berlin<\/a> &#8211; das sind Dinge, die den jungen Frauen und M\u00e4nnern einfallen, wenn sie nach Deutschland gefragt werden. <\/p>\n<p class=\"text-18 leading-17 user-text-lg:text-22 user-text-xl:text-24\">F\u00fcr Wadephul ist das eine Steilvorlage. Vom Kreativgeist der Influencer &#8222;k\u00f6nnen wir in Europa und in Deutschland viel lernen&#8220;, sagt der Minister im Anschluss. <\/p>\n<p class=\"text-18 leading-17 user-text-lg:text-22 user-text-xl:text-24\">Auf seiner Reise nach Mauretanien, <a href=\"https:\/\/www.t-online.de\/themen\/nigeria\/\" class=\"transition-colors cursor-pointer no-underline md:hover:text-magenta md:focus:text-magenta border-b border-solid border-current text-salemsfur md:hover:border-magenta\" data-tracking=\"{&quot;action&quot;:&quot;click&quot;,&quot;category&quot;:&quot;intextLink&quot;,&quot;label&quot;:&quot;\/themen\/nigeria\/&quot;}\" data-sctrack=\"BodyAnchor\" rel=\"nofollow noopener\" target=\"_blank\">Nigeria<\/a> und <a href=\"https:\/\/www.t-online.de\/themen\/suedafrika\/\" class=\"transition-colors cursor-pointer no-underline md:hover:text-magenta md:focus:text-magenta border-b border-solid border-current text-salemsfur md:hover:border-magenta\" data-tracking=\"{&quot;action&quot;:&quot;click&quot;,&quot;category&quot;:&quot;intextLink&quot;,&quot;label&quot;:&quot;\/themen\/suedafrika\/&quot;}\" data-sctrack=\"BodyAnchor\" rel=\"nofollow noopener\" target=\"_blank\">S\u00fcdafrika<\/a> wird Wadephul von Wirtschaftsvertretern begleitet. In Richtung Wirtschaft geht auch der Aufruf, den er mit seinem Treffen mit den jungen Kreativen verbindet: Die deutsche Wirtschaft m\u00fcsse mehr Flexibilit\u00e4t bei Investitionen auf dem afrikanischen Kontinent zeigen. Wadephul macht Wirtschaftsau\u00dfenpolitik, auch in Afrika. <\/p>\n<p class=\"text-18 leading-17 user-text-lg:text-22 user-text-xl:text-24\">Afrika als Chancenkontinent, das ist f\u00fcr Wadephul ein zentraler Grund daf\u00fcr, dass er schon zum dritten Mal in diesem Jahr in Afrika ist. Im Januar war er in <a href=\"https:\/\/www.t-online.de\/themen\/kenia\/\" class=\"transition-colors cursor-pointer no-underline md:hover:text-magenta md:focus:text-magenta border-b border-solid border-current text-salemsfur md:hover:border-magenta\" data-tracking=\"{&quot;action&quot;:&quot;click&quot;,&quot;category&quot;:&quot;intextLink&quot;,&quot;label&quot;:&quot;\/themen\/kenia\/&quot;}\" data-sctrack=\"BodyAnchor\" rel=\"nofollow noopener\" target=\"_blank\">Kenia<\/a> und <a href=\"https:\/\/www.t-online.de\/themen\/aethiopien\/\" class=\"transition-colors cursor-pointer no-underline md:hover:text-magenta md:focus:text-magenta border-b border-solid border-current text-salemsfur md:hover:border-magenta\" data-tracking=\"{&quot;action&quot;:&quot;click&quot;,&quot;category&quot;:&quot;intextLink&quot;,&quot;label&quot;:&quot;\/themen\/aethiopien\/&quot;}\" data-sctrack=\"BodyAnchor\" rel=\"nofollow noopener\" target=\"_blank\">\u00c4thiopien<\/a>, im April in <a href=\"https:\/\/www.t-online.de\/themen\/marokko\/\" class=\"transition-colors cursor-pointer no-underline md:hover:text-magenta md:focus:text-magenta border-b border-solid border-current text-salemsfur md:hover:border-magenta\" data-tracking=\"{&quot;action&quot;:&quot;click&quot;,&quot;category&quot;:&quot;intextLink&quot;,&quot;label&quot;:&quot;\/themen\/marokko\/&quot;}\" data-sctrack=\"BodyAnchor\" rel=\"nofollow noopener\" target=\"_blank\">Marokko<\/a>. Am Dienstagnachmittag sagt er mit Blick auf das Engagement der deutschen Unternehmer auf dem Kontinent: &#8222;Alle m\u00fcssen sich bewegen. Alle m\u00fcssen flexibler werden. Und das gilt auch f\u00fcr die deutsche Wirtschaft.&#8220; Und f\u00fcgt hinzu: &#8222;Wer heute nicht in Afrika pr\u00e4sent ist, der riskiert, entscheidende Chancen zu verpassen.&#8220;<\/p>\n<p class=\"text-18 leading-17 user-text-lg:text-22 user-text-xl:text-24\">Vier Gr\u00fcnde, warum Afrika f\u00fcr die <a href=\"https:\/\/www.t-online.de\/themen\/bundesregierung\/\" class=\"transition-colors cursor-pointer no-underline md:hover:text-magenta md:focus:text-magenta border-b border-solid border-current text-salemsfur md:hover:border-magenta\" data-tracking=\"{&quot;action&quot;:&quot;click&quot;,&quot;category&quot;:&quot;intextLink&quot;,&quot;label&quot;:&quot;\/themen\/bundesregierung\/&quot;}\" data-sctrack=\"BodyAnchor\" rel=\"nofollow noopener\" target=\"_blank\">Bundesregierung<\/a> und Wadephul wichtig ist: <\/p>\n<p>Die Suche nach neuen M\u00e4rkten <\/p>\n<p class=\"text-18 leading-17 user-text-lg:text-22 user-text-xl:text-24\">Die Bundesregierung sucht vor dem Hintergrund der protektionistischen Handels- und Zollpolitik von US-Pr\u00e4sident <a href=\"https:\/\/www.t-online.de\/themen\/donald-trump\/\" class=\"transition-colors cursor-pointer no-underline md:hover:text-magenta md:focus:text-magenta border-b border-solid border-current text-salemsfur md:hover:border-magenta\" data-tracking=\"{&quot;action&quot;:&quot;click&quot;,&quot;category&quot;:&quot;intextLink&quot;,&quot;label&quot;:&quot;\/themen\/donald-trump\/&quot;}\" data-sctrack=\"BodyAnchor\" rel=\"nofollow noopener\" target=\"_blank\">Donald Trump<\/a> weltweit nach neuen Wirtschaftspartnern. Nigeria ist mit mehr als 240 Millionen Einwohnern Afrikas bev\u00f6lkerungsreichster Staat, gr\u00f6\u00dfer Binnenmarkt Afrikas und eine seiner gr\u00f6\u00dften Volkswirtschaften. Und mit einem niedrigen Durchschnittsalter ein vielversprechender Zukunftsmarkt. <\/p>\n<p class=\"text-18 leading-17 user-text-lg:text-22 user-text-xl:text-24\">Bereits jetzt ist das Land nach S\u00fcdafrika zweitwichtigster Handelspartner Deutschlands in Subsahara-Afrika. Bislang sind etwa 80 deutsche Unternehmen in Nigeria vertreten, gro\u00dfe Neuinvestitionen gab es zuletzt nicht. <\/p>\n<p><a href=\"#focus-1\" class=\"transition-colors block text-current relative\" data-sctrack=\"FocusGalleryImage.Reference\"><img   loading=\"lazy\" src=\"https:\/\/www.europesays.com\/afrika\/wp-content\/uploads\/2026\/09\/1788358636_292_aussenminister-johann-wadephul-cdu-trifft-sich-in-der-nigerianischen-wirtschaftsmetropole-lagos-mit-.jpeg\" alt=\"Au\u00dfenminister Wadephul besucht Nigeria\" title=\"Au\u00dfenminister Wadephul besucht Nigeria\" width=\"2048\" height=\"1152\" class=\"h-full w-full max-w-full rounded-8\" decoding=\"async\"\/><img loading=\"lazy\" src=\"https:\/\/www.t-online.de\/s\/paper\/_next\/static\/media\/zoom-in.f7dae02f.svg\" alt=\"Vergr\u00f6\u00dfern des Bildes\" title=\"Vergr\u00f6\u00dfern des Bildes\" class=\"block h-[calc(var(--height)_\/_16_*_1rem)] w-[calc(var(--width)_\/_16_*_1rem)] max-w-none absolute right-8 bottom-8 rounded-4 bg-snow p-8\" style=\"--width:32;--height:32\" decoding=\"async\"\/>Au\u00dfenminister Johann Wadephul (CDU) trifft sich in der nigerianischen Wirtschaftsmetropole Lagos mit Vertretern der dortigen Wirtschaft. (Quelle: Soeren Stache\/dpa\/dpa-bilder)<\/a><\/p>\n<p>Die Suche nach Rohstoffpartnerschaften <\/p>\n<p class=\"text-18 leading-17 user-text-lg:text-22 user-text-xl:text-24\">Auch um Deutschland unabh\u00e4ngiger von <a href=\"https:\/\/www.t-online.de\/themen\/china\/\" class=\"transition-colors cursor-pointer no-underline md:hover:text-magenta md:focus:text-magenta border-b border-solid border-current text-salemsfur md:hover:border-magenta\" data-tracking=\"{&quot;action&quot;:&quot;click&quot;,&quot;category&quot;:&quot;intextLink&quot;,&quot;label&quot;:&quot;\/themen\/china\/&quot;}\" data-sctrack=\"BodyAnchor\" rel=\"nofollow noopener\" target=\"_blank\">China<\/a> bei der Versorgung mit den f\u00fcr die Zukunftstechnologien wichtigen sogenannten Seltenen Erden und kritischen Rohstoffen sowie bei der Energieversorgung zu machen, ist Wadephul auf der Suche nach neuen Partnern. Mauretanien, wo er am Montag war, bietet hier nach Einsch\u00e4tzung von Experten gro\u00dfe Potenziale, auch bei erneuerbaren Energien und gr\u00fcnem Wasserstoff. <\/p>\n","protected":false},"excerpt":{"rendered":"Diplomatie Wadephul in Nigeria: Warum Afrika wichtig ist Aktualisiert am 22.07.2026Lesedauer: 3 Min. Au\u00dfenminister Johann Wadephul (CDU) trifft&hellip;\n","protected":false},"author":2,"featured_media":50157,"comment_status":"","ping_status":"","sticky":false,"template":"","format":"standard","meta":{"footnotes":"","_share_on_mastodon":"0"},"categories":[8],"tags":[3765,29,1578,105,541,6201,1757,2723,493,158,1301,91,19231,9260,1637,118,10769,95,1953,77,43,991,16562],"class_list":["post-50156","post","type-post","status-publish","format-standard","has-post-thumbnail","category-nigeria","tag-abuja","tag-afrika","tag-afrikareise","tag-aethiopien","tag-berlin","tag-berlinale","tag-bundesregierung","tag-cdu","tag-china","tag-deutschland","tag-donald-trump","tag-europa","tag-fashion-week","tag-influencer","tag-johann-wadephul","tag-kenia","tag-lagos","tag-marokko","tag-mauretanien","tag-nigeria","tag-suedafrika","tag-westafrika","tag-wirtschaftsmetropole"],"share_on_mastodon":{"url":"https:\/\/pubeurope.com\/@afrika\/117201878814145037","error":""},"_links":{"self":[{"href":"https:\/\/www.europesays.com\/afrika\/wp-json\/wp\/v2\/posts\/50156","targetHints":{"allow":["GET"]}}],"collection":[{"href":"https:\/\/www.europesays.com\/afrika\/wp-json\/wp\/v2\/posts"}],"about":[{"href":"https:\/\/www.europesays.com\/afrika\/wp-json\/wp\/v2\/types\/post"}],"author":[{"embeddable":true,"href":"https:\/\/www.europesays.com\/afrika\/wp-json\/wp\/v2\/users\/2"}],"replies":[{"embeddable":true,"href":"https:\/\/www.europesays.com\/afrika\/wp-json\/wp\/v2\/comments?post=50156"}],"version-history":[{"count":0,"href":"https:\/\/www.europesays.com\/afrika\/wp-json\/wp\/v2\/posts\/50156\/revisions"}],"wp:featuredmedia":[{"embeddable":true,"href":"https:\/\/www.europesays.com\/afrika\/wp-json\/wp\/v2\/media\/50157"}],"wp:attachment":[{"href":"https:\/\/www.europesays.com\/afrika\/wp-json\/wp\/v2\/media?parent=50156"}],"wp:term":[{"taxonomy":"category","embeddable":true,"href":"https:\/\/www.europesays.com\/afrika\/wp-json\/wp\/v2\/categories?post=50156"},{"taxonomy":"post_tag","embeddable":true,"href":"https:\/\/www.europesays.com\/afrika\/wp-json\/wp\/v2\/tags?post=50156"}],"curies":[{"name":"wp","href":"https:\/\/api.w.org\/{rel}","templated":true}]}}