{"id":50177,"date":"2026-09-02T15:17:09","date_gmt":"2026-09-02T15:17:09","guid":{"rendered":"https:\/\/www.europesays.com\/afrika\/50177\/"},"modified":"2026-09-02T15:17:09","modified_gmt":"2026-09-02T15:17:09","slug":"rheda-wiedenbruecker-leisten-seit-50-jahren-in-afrika-entwicklungshilfe","status":"publish","type":"post","link":"https:\/\/www.europesays.com\/afrika\/50177\/","title":{"rendered":"Rheda-Wiedenbr\u00fccker leisten seit 50 Jahren in Afrika Entwicklungshilfe"},"content":{"rendered":"<p>Den \u00c4rmsten der Armen zu helfen: Das hat sich der Rheda-Wiedenbr\u00fccker Togo-F\u00f6rderverein auf die Fahne geschrieben. Und das bisherige Ergebnis kann sich sehen lassen.<\/p>\n<p>Rheda-Wiedenbr\u00fcck (gl) &#8211; Das ist eine positive Bilanz: Der Togo-F\u00f6rderverein hat in den 25 Jahren seines Bestehens Projekte mit rund einer Million Euro in dem westafrikanischen Land finanziert. Ein Jubil\u00e4um feiert auch die Stadt Rheda-Wiedenbr\u00fcck. Sie blickt auf 50 Jahre Partnerschaft mit dem Kanton\u2026<\/p>\n<p>            <img decoding=\"async\" src=\"https:\/\/www.die-glocke.de\/typo3conf\/ext\/bo_dieglocke_template\/Resources\/Public\/Images\/logo\/glocke_plus_icon.svg\" class=\"pwTopImage\" alt=\"Glocke Plus\"\/><\/p>\n<p>                Jetzt weiterlesen mit G+<\/p>\n<p class=\"card-text equal-height text-center\" data-equalheightgroup=\"1\">\n                0,99 \u20ac im 1. Monat \u2013 monatlich k\u00fcndbar\n            <\/p>\n<p>                                            aktuelle Nachrichten rund um die Uhr<\/p>\n<p>                                            nur 0,99 \u20ac (ab dem 2. Monat 7,90 \u20ac monatlich)<\/p>\n<p>                                            keine Mindestlaufzeit &#8211; monatlich k\u00fcndbar<\/p>\n<p>\n                        0,99 \u20ac im 1. Monat\n                    <\/p>\n<p>    Monatsabo bestellen mit<br \/>\n    <img loading=\"lazy\" decoding=\"async\" class=\"me-2 icon-paypal\" src=\"https:\/\/www.die-glocke.de\/fileadmin\/images\/demo\/paypal.svg\" width=\"65\" height=\"15\" alt=\"Paypal\"\/><\/p>\n<p>Monatsabo bestellen<\/p>\n<p>                                            aktuelle Nachrichten rund um die Uhr<\/p>\n<p>                                            nur 79 \u20ac (ab dem 13. Monat 7,90 \u20ac monatlich)<\/p>\n<p>                                            nach 12 Monaten Mindestlaufzeit monatlich k\u00fcndbar<\/p>\n<p>                                            sparen Sie 15,80 \u20ac gegen\u00fcber dem Monatsabo<\/p>\n<p>\n                        79 \u20ac f\u00fcr 12 Monate\n                    <\/p>\n<p>    Jahresabo bestellen mit<br \/>\n    <img loading=\"lazy\" decoding=\"async\" class=\"me-2 icon-paypal\" src=\"https:\/\/www.die-glocke.de\/fileadmin\/images\/demo\/paypal.svg\" width=\"65\" height=\"15\" alt=\"Paypal\"\/><\/p>\n<p>Jahresabo bestellen<\/p>\n<p>Texte und Fotos von die-glocke.de sind urheberrechtlich gesch\u00fctzt.<br \/>\n            Weiterverwendung nur mit Genehmigung der Chefredaktion.<\/p>\n","protected":false},"excerpt":{"rendered":"Den \u00c4rmsten der Armen zu helfen: Das hat sich der Rheda-Wiedenbr\u00fccker Togo-F\u00f6rderverein auf die Fahne geschrieben. Und das&hellip;\n","protected":false},"author":2,"featured_media":50178,"comment_status":"","ping_status":"","sticky":false,"template":"","format":"standard","meta":{"footnotes":"","_share_on_mastodon":"0"},"categories":[5],"tags":[19243,29,19245,529,12439,7315,12761,339,19242,318,19244,8506],"class_list":["post-50177","post","type-post","status-publish","format-standard","has-post-thumbnail","category-afrika","tag-adjengre","tag-afrika","tag-aouda","tag-armut","tag-ergebnis","tag-foerderverein","tag-geburtstag","tag-hilfe","tag-rheda-wiedenbrueck","tag-togo","tag-togo-foerderverein","tag-unterstuetzung"],"share_on_mastodon":{"url":"https:\/\/pubeurope.com\/@afrika\/117202114656137321","error":""},"_links":{"self":[{"href":"https:\/\/www.europesays.com\/afrika\/wp-json\/wp\/v2\/posts\/50177","targetHints":{"allow":["GET"]}}],"collection":[{"href":"https:\/\/www.europesays.com\/afrika\/wp-json\/wp\/v2\/posts"}],"about":[{"href":"https:\/\/www.europesays.com\/afrika\/wp-json\/wp\/v2\/types\/post"}],"author":[{"embeddable":true,"href":"https:\/\/www.europesays.com\/afrika\/wp-json\/wp\/v2\/users\/2"}],"replies":[{"embeddable":true,"href":"https:\/\/www.europesays.com\/afrika\/wp-json\/wp\/v2\/comments?post=50177"}],"version-history":[{"count":0,"href":"https:\/\/www.europesays.com\/afrika\/wp-json\/wp\/v2\/posts\/50177\/revisions"}],"wp:featuredmedia":[{"embeddable":true,"href":"https:\/\/www.europesays.com\/afrika\/wp-json\/wp\/v2\/media\/50178"}],"wp:attachment":[{"href":"https:\/\/www.europesays.com\/afrika\/wp-json\/wp\/v2\/media?parent=50177"}],"wp:term":[{"taxonomy":"category","embeddable":true,"href":"https:\/\/www.europesays.com\/afrika\/wp-json\/wp\/v2\/categories?post=50177"},{"taxonomy":"post_tag","embeddable":true,"href":"https:\/\/www.europesays.com\/afrika\/wp-json\/wp\/v2\/tags?post=50177"}],"curies":[{"name":"wp","href":"https:\/\/api.w.org\/{rel}","templated":true}]}}