{"id":50183,"date":"2026-09-02T15:29:10","date_gmt":"2026-09-02T15:29:10","guid":{"rendered":"https:\/\/www.europesays.com\/afrika\/50183\/"},"modified":"2026-09-02T15:29:10","modified_gmt":"2026-09-02T15:29:10","slug":"gedemuetigt-aubameyang-spielt-nicht-mehr-fuer-gabun-2","status":"publish","type":"post","link":"https:\/\/www.europesays.com\/afrika\/50183\/","title":{"rendered":"&#8222;Gedem\u00fctigt&#8220;: Aubameyang spielt nicht mehr f\u00fcr Gabun"},"content":{"rendered":"<p>Fu\u00dfball <\/p>\n<p>&#8222;Gedem\u00fctigt&#8220;: Aubameyang spielt nicht mehr f\u00fcr Gabun<\/p>\n<p>Aktualisiert am 02.09.2026 &#8211; 15:26 UhrLesedauer: 1 Min.<\/p>\n<p><a href=\"#focus-0\" class=\"transition-colors block text-current relative\" data-sctrack=\"FocusGalleryImage.Reference\"><img fetchpriority=\"high\" data-testid=\"Opener.Image\"   loading=\"eager\" src=\"https:\/\/www.europesays.com\/afrika\/wp-content\/uploads\/2026\/09\/pierre-emerick-aubameyang-im-trikot-seines-ex-clubs-marseille-archivbild.jpg\" alt=\"Pierre-Emerick Aubameyang\" title=\"Pierre-Emerick Aubameyang\" width=\"2048\" height=\"1152\" class=\"bg-[url:var(--lqipURL)] bg-cover bg-center flex h-full w-full max-w-full\" style=\"--lqipURL:url('https:\/\/images.t-online.de\/2026\/09\/ZLuK7U7SQIwq\/0x107:2048x1152\/fit-in\/150x0\/filters:blur(25)\/pierre-emerick-aubameyang-im-trikot-seines-ex-clubs-marseille-archivbild.jpg')\" decoding=\"async\"\/><img loading=\"lazy\" src=\"https:\/\/www.t-online.de\/s\/paper\/_next\/static\/media\/zoom-in.f7dae02f.svg\" alt=\"Vergr\u00f6\u00dfern des Bildes\" title=\"Vergr\u00f6\u00dfern des Bildes\" class=\"block h-[calc(var(--height)_\/_16_*_1rem)] w-[calc(var(--width)_\/_16_*_1rem)] max-w-none absolute right-8 bottom-8 rounded-4 bg-snow p-8\" style=\"--width:32;--height:32\" decoding=\"async\"\/><\/a><\/p>\n<p>Pierre-Emerick Aubameyang im Trikot seines Ex-Clubs Marseille. (Archivbild) (Quelle: Daniel Cole\/AP\/dpa\/dpa-bilder)<\/p>\n<p><img loading=\"lazy\" src=\"https:\/\/www.t-online.de\/s\/paper\/_next\/static\/media\/audio-volume.6689034c.svg\" alt=\"\" title=\"\" class=\"block h-[calc(var(--height)_\/_16_*_1rem)] w-[calc(var(--width)_\/_16_*_1rem)] max-w-none group-hover:brightness-0 group-hover:invert\" style=\"--width:16;--height:16\" decoding=\"async\"\/>Vorlesen<\/p>\n<p>Aktuelle Zeit:0:00Gesamtdauer:0:00<\/p>\n<p>1x<img loading=\"lazy\" src=\"https:\/\/www.t-online.de\/s\/paper\/_next\/static\/media\/font-sizes.32942e33.svg\" alt=\"\" title=\"\" class=\"block h-[calc(var(--height)_\/_16_*_1rem)] w-[calc(var(--width)_\/_16_*_1rem)] max-w-none group-hover:hidden group-aria-expanded:hidden\" style=\"--width:16;--height:16\" decoding=\"async\"\/><img loading=\"lazy\" src=\"https:\/\/www.t-online.de\/s\/paper\/_next\/static\/media\/font-sizes-dark-mode.e382645c.svg\" alt=\"\" title=\"\" class=\"block h-[calc(var(--height)_\/_16_*_1rem)] w-[calc(var(--width)_\/_16_*_1rem)] max-w-none hidden group-hover:block group-aria-expanded:block\" style=\"--width:16;--height:16\" decoding=\"async\"\/><img loading=\"lazy\" src=\"https:\/\/www.t-online.de\/s\/paper\/_next\/static\/media\/sharing-menu-icon.1eb71368.svg\" alt=\"\" title=\"\" class=\"block h-[calc(var(--height)_\/_16_*_1rem)] w-[calc(var(--width)_\/_16_*_1rem)] max-w-none group-hover:brightness-0 group-hover:invert\" style=\"--width:16;--height:16\" decoding=\"async\"\/>Artikel teilen<\/p>\n<p class=\"font-bold text-18 leading-17 user-text-lg:text-22 user-text-xl:text-24\">Pierre-Emerick Aubameyang hat keine Lust mehr auf die Rolle des S\u00fcndenbocks. Der St\u00fcrmer m\u00f6chte nicht mehr f\u00fcr Gabun spielen.<\/p>\n<p class=\"text-18 leading-17 user-text-lg:text-22 user-text-xl:text-24\">Der fr\u00fchere Bundesliga-Star <a href=\"https:\/\/www.t-online.de\/themen\/pierre-emerick-aubameyang\/\" class=\"transition-colors cursor-pointer no-underline md:hover:text-magenta md:focus:text-magenta border-b border-solid border-current text-salemsfur md:hover:border-magenta\" data-tracking=\"{&quot;action&quot;:&quot;click&quot;,&quot;category&quot;:&quot;intextLink&quot;,&quot;label&quot;:&quot;\/themen\/pierre-emerick-aubameyang\/&quot;}\" data-sctrack=\"BodyAnchor\" rel=\"nofollow noopener\" target=\"_blank\">Pierre-Emerick Aubameyang<\/a> wird vorl\u00e4ufig nicht mehr f\u00fcr die Nationalmannschaft Gabuns auflaufen. Das bekr\u00e4ftigte der 37-J\u00e4hrige in der Sendung &#8222;Talent d&#8217;Afrique&#8220; des TV-Senders Canal+. Dabei bezog sich der Ex-Dortmunder auf die Vorf\u00e4lle nach dem fr\u00fchen Aus Gabuns beim Afrika Cup 2025. Auch Medien aus Gabun berichteten \u00fcbereinstimmend von Aubameyangs R\u00fcckzug. <\/p>\n<p class=\"text-18 leading-17 user-text-lg:text-22 user-text-xl:text-24\">&#8222;Sie haben mich gedem\u00fctigt und in den Schmutz gezogen, obwohl ich den Afrika Cup trotz meiner Verletzung gespielt habe&#8220;, sagte der Angreifer von Deportivo A Coru\u00f1a. In Spanien zeigt sich der Routinier in guter Form, traf in drei Spielen f\u00fcr den Aufsteiger dreimal.<\/p>\n<p>Erster R\u00fccktritt 2022<\/p>\n<p class=\"text-18 leading-17 user-text-lg:text-22 user-text-xl:text-24\">Gabun war als Letzter in der Gruppenphase gescheitert. Daraufhin hatte die Regierung des Landes die Mannschaft suspendiert und Kapit\u00e4n Aubameyang ausgeschlossen. Nach dem Amtsantritt des neuen Sportministers Paul Ulrich Kessany, einem Ex-Nationalspieler, wurden die Suspendierungen aufgehoben.<\/p>\n<p class=\"text-18 leading-17 user-text-lg:text-22 user-text-xl:text-24\">Der jetzige Schritt w\u00e4re nicht der erste R\u00fccktritt aus dem Nationalteam. Bereits im Mai 2022 hatte Aubameyang dem Verband in einem Brief mitgeteilt, k\u00fcnftig nicht mehr zur Verf\u00fcgung zu stehen. Ein Jahr sp\u00e4ter lief er wieder f\u00fcr die Mannschaft auf. Aktuell steht Aubameyang bei 80 L\u00e4nderspielen und 40 Toren.<\/p>\n","protected":false},"excerpt":{"rendered":"Fu\u00dfball &#8222;Gedem\u00fctigt&#8220;: Aubameyang spielt nicht mehr f\u00fcr Gabun Aktualisiert am 02.09.2026 &#8211; 15:26 UhrLesedauer: 1 Min. Pierre-Emerick Aubameyang&hellip;\n","protected":false},"author":2,"featured_media":50184,"comment_status":"","ping_status":"","sticky":false,"template":"","format":"standard","meta":{"footnotes":"","_share_on_mastodon":"0"},"categories":[241],"tags":[29,19232,152,362,361,16671,1680],"class_list":["post-50183","post","type-post","status-publish","format-standard","has-post-thumbnail","category-gabun","tag-afrika","tag-canal-plus","tag-fussball","tag-gabon","tag-gabun","tag-marseille","tag-pierre-emerick-aubameyang"],"share_on_mastodon":{"url":"https:\/\/pubeurope.com\/@afrika\/117202161659182780","error":""},"_links":{"self":[{"href":"https:\/\/www.europesays.com\/afrika\/wp-json\/wp\/v2\/posts\/50183","targetHints":{"allow":["GET"]}}],"collection":[{"href":"https:\/\/www.europesays.com\/afrika\/wp-json\/wp\/v2\/posts"}],"about":[{"href":"https:\/\/www.europesays.com\/afrika\/wp-json\/wp\/v2\/types\/post"}],"author":[{"embeddable":true,"href":"https:\/\/www.europesays.com\/afrika\/wp-json\/wp\/v2\/users\/2"}],"replies":[{"embeddable":true,"href":"https:\/\/www.europesays.com\/afrika\/wp-json\/wp\/v2\/comments?post=50183"}],"version-history":[{"count":0,"href":"https:\/\/www.europesays.com\/afrika\/wp-json\/wp\/v2\/posts\/50183\/revisions"}],"wp:featuredmedia":[{"embeddable":true,"href":"https:\/\/www.europesays.com\/afrika\/wp-json\/wp\/v2\/media\/50184"}],"wp:attachment":[{"href":"https:\/\/www.europesays.com\/afrika\/wp-json\/wp\/v2\/media?parent=50183"}],"wp:term":[{"taxonomy":"category","embeddable":true,"href":"https:\/\/www.europesays.com\/afrika\/wp-json\/wp\/v2\/categories?post=50183"},{"taxonomy":"post_tag","embeddable":true,"href":"https:\/\/www.europesays.com\/afrika\/wp-json\/wp\/v2\/tags?post=50183"}],"curies":[{"name":"wp","href":"https:\/\/api.w.org\/{rel}","templated":true}]}}