{"id":50195,"date":"2026-09-02T15:59:20","date_gmt":"2026-09-02T15:59:20","guid":{"rendered":"https:\/\/www.europesays.com\/afrika\/50195\/"},"modified":"2026-09-02T15:59:20","modified_gmt":"2026-09-02T15:59:20","slug":"in-beliebter-urlaubsregion-22-tote-bei-schwerem-busunfall-news","status":"publish","type":"post","link":"https:\/\/www.europesays.com\/afrika\/50195\/","title":{"rendered":"In beliebter Urlaubsregion: 22 Tote bei schwerem Busunfall | News"},"content":{"rendered":"<p><a class=\"skip-content skip-content--link\" href=\"#in-content-skip-link-target-v-0-0\">TTS-Player \u00fcberspringen\u21b5<\/a><a id=\"in-content-skip-link-target-v-0-0\" class=\"skip-content--target-link-hidden skip-content skip-content--target-link\" href=\"#in-content-skip-link-target-v-0-0\">Artikel weiterlesen<\/a><\/p>\n<p>Sinai-Halbinsel (\u00c4gypten) \u2013 Bei einem schweren Busunfall auf der Sinai-Halbinsel in \u00c4gypten sind am Mittwoch 22 Menschen gestorben. 28 weitere Fahrg\u00e4ste wurden zum Teil schwer verletzt. Ob unter den Opfern auch Touristen sind, ist bislang unklar.<\/p>\n<p>Bus \u00fcberschl\u00e4gt sich mehrfach<\/p>\n<p>Der <a href=\"https:\/\/www.bild.de\/news\/aktuelles\/verkehrsunfall\/verkehrsunfaelle-alle-infos-76680804.bild.html\" class=\"text-link\" rel=\"nofollow noopener\" target=\"_blank\">Unfall<\/a> geschah auf einer K\u00fcstenstra\u00dfe zwischen den beliebten <a href=\"https:\/\/www.bild.de\/themen\/specials\/urlaub\/reise-news-fotos-videos-17008080.bild.html\" class=\"text-link\" rel=\"nofollow noopener\" target=\"_blank\">Urlaubsorten<\/a> Dahab und Nuweiba am Roten Meer im S\u00fcden des Sinai. Wie genau das Ungl\u00fcck passierte, ist noch unklar. Offenbar verlor der Busfahrer die Kontrolle \u00fcber das Fahrzeug, der Bus kippte um und \u00fcberschlug sich mehrmals. Das \u00e4gyptische Gesundheitsministerium teilte mit, dass 22 Passagiere starben. Bislang ist von 28 Verletzten die Rede, die in Krankenh\u00e4user gebracht wurden. Ministeriumssprecher Hussam Abd al-Ghafar: \u201eAlle medizinischen Teams arbeiten auf voller Kapazit\u00e4t, um den Unfall mit h\u00f6chster Effizienz und Schnelligkeit zu bew\u00e4ltigen. Das Gesundheits- und Bev\u00f6lkerungsministerium spricht den Familien der Opfer sein tief empfundenes Beileid aus.\u201c <\/p>\n<p><img decoding=\"async\" width=\"992\" height=\"558\" alt=\"Tr\u00fcmmerreste des Fahrzeugs liegen neben der Stra\u00dfe\" loading=\"lazy\" src=\"https:\/\/www.europesays.com\/afrika\/wp-content\/uploads\/2026\/09\/5d4131bab6d0443f525c924beaf24717,754a0d0f.jpeg\"   class=\"landscape\"\/><\/p>\n<p class=\"fig__caption__text\">Tr\u00fcmmerreste des Fahrzeugs liegen neben der Stra\u00dfe. Dieses Foto wurde von einer Nachrichtenagentur in Jordanien ver\u00f6ffentlicht<\/p>\n<p>Foto: STR\/AFP<\/p>\n<p>Vor allem f\u00fcr Taucher und Badeg\u00e4ste ist die Region ein Urlaubs-Hotspot. Au\u00dferdem kommen viele Reisende wegen der noch sehr urt\u00fcmlichen Beduinenkultur und der spektakul\u00e4ren W\u00fcsten-Touren. Unter den Opfern des <a href=\"https:\/\/www.bild.de\/themen\/ereignisse\/busunglueck\/auto-news-fotos-videos-35593386.bild.html\" class=\"text-link\" rel=\"nofollow noopener\" target=\"_blank\">Busungl\u00fccks<\/a> sollen auch 10 Jordanier sein, wie das jordanische Au\u00dfenministerium mitteilte.<\/p>\n","protected":false},"excerpt":{"rendered":"TTS-Player \u00fcberspringen\u21b5Artikel weiterlesen Sinai-Halbinsel (\u00c4gypten) \u2013 Bei einem schweren Busunfall auf der Sinai-Halbinsel in \u00c4gypten sind am Mittwoch&hellip;\n","protected":false},"author":2,"featured_media":50196,"comment_status":"","ping_status":"","sticky":false,"template":"","format":"standard","meta":{"footnotes":"","_share_on_mastodon":"0"},"categories":[7],"tags":[54,4565,55,9545,915,4763,7181,847,2494],"class_list":["post-50195","post","type-post","status-publish","format-standard","has-post-thumbnail","category-aegypten","tag-aegypten","tag-busunglueck","tag-egypt","tag-rotes-meer","tag-team-first","tag-todesopfer","tag-unfalltod","tag-urlaub","tag-verkehrsunfall"],"share_on_mastodon":{"url":"https:\/\/pubeurope.com\/@afrika\/117202279698686432","error":""},"_links":{"self":[{"href":"https:\/\/www.europesays.com\/afrika\/wp-json\/wp\/v2\/posts\/50195","targetHints":{"allow":["GET"]}}],"collection":[{"href":"https:\/\/www.europesays.com\/afrika\/wp-json\/wp\/v2\/posts"}],"about":[{"href":"https:\/\/www.europesays.com\/afrika\/wp-json\/wp\/v2\/types\/post"}],"author":[{"embeddable":true,"href":"https:\/\/www.europesays.com\/afrika\/wp-json\/wp\/v2\/users\/2"}],"replies":[{"embeddable":true,"href":"https:\/\/www.europesays.com\/afrika\/wp-json\/wp\/v2\/comments?post=50195"}],"version-history":[{"count":0,"href":"https:\/\/www.europesays.com\/afrika\/wp-json\/wp\/v2\/posts\/50195\/revisions"}],"wp:featuredmedia":[{"embeddable":true,"href":"https:\/\/www.europesays.com\/afrika\/wp-json\/wp\/v2\/media\/50196"}],"wp:attachment":[{"href":"https:\/\/www.europesays.com\/afrika\/wp-json\/wp\/v2\/media?parent=50195"}],"wp:term":[{"taxonomy":"category","embeddable":true,"href":"https:\/\/www.europesays.com\/afrika\/wp-json\/wp\/v2\/categories?post=50195"},{"taxonomy":"post_tag","embeddable":true,"href":"https:\/\/www.europesays.com\/afrika\/wp-json\/wp\/v2\/tags?post=50195"}],"curies":[{"name":"wp","href":"https:\/\/api.w.org\/{rel}","templated":true}]}}