{"id":50218,"date":"2026-09-02T17:38:11","date_gmt":"2026-09-02T17:38:11","guid":{"rendered":"https:\/\/www.europesays.com\/afrika\/50218\/"},"modified":"2026-09-02T17:38:11","modified_gmt":"2026-09-02T17:38:11","slug":"wut-auf-gabun-nationalelf-pierre-emerick-aubameyang-tritt-gedemuetigt-zurueck","status":"publish","type":"post","link":"https:\/\/www.europesays.com\/afrika\/50218\/","title":{"rendered":"Wut auf Gabun-Nationalelf: Pierre-Emerick Aubameyang tritt &#8222;gedem\u00fctigt&#8220; zur\u00fcck"},"content":{"rendered":"<p>Wut auf Gabun-NationalelfPierre-Emerick Aubameyang tritt &#8222;gedem\u00fctigt&#8220; zur\u00fcck<\/p>\n<p>Artikel anh\u00f6ren (01:45 min)<\/p>\n<p>02.09.2026 | 18:27 Uhr <\/p>\n<p>Schon zum zweiten Mal verabschiedet sich Pierre-Emerick Aubameyang aus seiner Fu\u00dfball-Nationalmannschaft. Grund sind die Vorf\u00e4lle um den Afrika Cup 2025. Gabun scheidet dort schon in der Gruppenphase aus &#8211; und die Regierung suspendiert die gesamte Mannschaft.<\/p>\n<p class=\"Typography_text-default__P3otY Typography_weight-normal__pqUbH StorylineParagraph_p__4mkZU\">Der fr\u00fchere Bundesliga-Star Pierre-Emerick Aubameyang wird vorl\u00e4ufig nicht mehr f\u00fcr die Nationalmannschaft Gabuns auflaufen. Das bekr\u00e4ftigte der 37-J\u00e4hrige in der Sendung &#8222;Talent d&#8217;Afrique&#8220; des TV-Senders Canal+. Dabei bezog sich der Ex-Dortmunder auf die Vorf\u00e4lle nach dem fr\u00fchen Aus Gabuns beim Afrika Cup 2025. Auch Medien aus Gabun berichteten \u00fcbereinstimmend von Aubameyangs R\u00fcckzug.<\/p>\n<p class=\"Typography_text-default__P3otY Typography_weight-normal__pqUbH StorylineParagraph_p__4mkZU\">&#8222;Sie haben mich gedem\u00fctigt und in den Schmutz gezogen, obwohl ich den Afrika Cup trotz meiner Verletzung gespielt habe&#8220;, sagte der Angreifer von Deportivo La Coru\u00f1a. In Spanien pr\u00e4sentiert sich der Routinier in guter Form, traf in drei Spielen f\u00fcr den Aufsteiger dreimal.<\/p>\n<p class=\"Typography_text-default__P3otY Typography_weight-normal__pqUbH StorylineParagraph_p__4mkZU\">Gabun war als Letzter in der Gruppenphase gescheitert. Daraufhin hatte die Regierung des Landes die Mannschaft suspendiert und Kapit\u00e4n Aubameyang ausgeschlossen. Nach dem Amtsantritt des neuen Sportministers Paul Ulrich Kessany, einem Ex-Nationalspieler, wurden die Suspendierungen aufgehoben.<\/p>\n<p class=\"Typography_text-default__P3otY Typography_weight-normal__pqUbH StorylineParagraph_p__4mkZU\">Der jetzige Schritt w\u00e4re nicht der erste R\u00fccktritt aus dem Nationalteam. Bereits im Mai 2022 hatte Aubameyang dem Verband in einem Brief mitgeteilt, k\u00fcnftig nicht mehr zur Verf\u00fcgung zu stehen. Ein Jahr sp\u00e4ter lief er wieder f\u00fcr die Mannschaft auf. Aubameyangs L\u00e4nderspielbilanz steht bei 80 Eins\u00e4tzen und 40 Toren.<\/p>\n<p>Verwendete Quellen: ntv.de, ses\/dpa<\/p>\n","protected":false},"excerpt":{"rendered":"Wut auf Gabun-NationalelfPierre-Emerick Aubameyang tritt &#8222;gedem\u00fctigt&#8220; zur\u00fcck Artikel anh\u00f6ren (01:45 min) 02.09.2026 | 18:27 Uhr Schon zum zweiten&hellip;\n","protected":false},"author":2,"featured_media":50219,"comment_status":"","ping_status":"","sticky":false,"template":"","format":"standard","meta":{"footnotes":"","_share_on_mastodon":"0"},"categories":[5],"tags":[29,310,152,361,1680],"class_list":["post-50218","post","type-post","status-publish","format-standard","has-post-thumbnail","category-afrika","tag-afrika","tag-afrika-cup","tag-fussball","tag-gabun","tag-pierre-emerick-aubameyang"],"share_on_mastodon":{"url":"https:\/\/pubeurope.com\/@afrika\/117202668898671757","error":""},"_links":{"self":[{"href":"https:\/\/www.europesays.com\/afrika\/wp-json\/wp\/v2\/posts\/50218","targetHints":{"allow":["GET"]}}],"collection":[{"href":"https:\/\/www.europesays.com\/afrika\/wp-json\/wp\/v2\/posts"}],"about":[{"href":"https:\/\/www.europesays.com\/afrika\/wp-json\/wp\/v2\/types\/post"}],"author":[{"embeddable":true,"href":"https:\/\/www.europesays.com\/afrika\/wp-json\/wp\/v2\/users\/2"}],"replies":[{"embeddable":true,"href":"https:\/\/www.europesays.com\/afrika\/wp-json\/wp\/v2\/comments?post=50218"}],"version-history":[{"count":0,"href":"https:\/\/www.europesays.com\/afrika\/wp-json\/wp\/v2\/posts\/50218\/revisions"}],"wp:featuredmedia":[{"embeddable":true,"href":"https:\/\/www.europesays.com\/afrika\/wp-json\/wp\/v2\/media\/50219"}],"wp:attachment":[{"href":"https:\/\/www.europesays.com\/afrika\/wp-json\/wp\/v2\/media?parent=50218"}],"wp:term":[{"taxonomy":"category","embeddable":true,"href":"https:\/\/www.europesays.com\/afrika\/wp-json\/wp\/v2\/categories?post=50218"},{"taxonomy":"post_tag","embeddable":true,"href":"https:\/\/www.europesays.com\/afrika\/wp-json\/wp\/v2\/tags?post=50218"}],"curies":[{"name":"wp","href":"https:\/\/api.w.org\/{rel}","templated":true}]}}