{"id":50231,"date":"2026-09-02T18:32:08","date_gmt":"2026-09-02T18:32:08","guid":{"rendered":"https:\/\/www.europesays.com\/afrika\/50231\/"},"modified":"2026-09-02T18:32:08","modified_gmt":"2026-09-02T18:32:08","slug":"aubameyang-will-nicht-mehr-fuer-gabun-spielen","status":"publish","type":"post","link":"https:\/\/www.europesays.com\/afrika\/50231\/","title":{"rendered":"Aubameyang will nicht mehr f\u00fcr Gabun spielen"},"content":{"rendered":"<p class=\"content__description\" data-speakable=\"\">Pierre-Emerick Aubameyang hat keine Lust mehr auf die Rolle des S\u00fcndenbocks in der Nationalmannschaft Gabuns. Der St\u00fcrmer m\u00f6chte nicht mehr f\u00fcr sein Heimatland spielen.<\/p>\n<p data-speakable=\"\">Der fr\u00fchere Bundesliga-Star <a data-component-name=\"link.semantic\" data-brain-zone=\".42680954.content.textlink_1\" data-component-path=\"content.textlink_1\" href=\"https:\/\/www.gmx.net\/magazine\/sport\/thema\/pierre-emerick-aubameyang\" rel=\"nofollow noopener\" target=\"_blank\">Pierre-Emerick Aubameyang<\/a> wird vorl\u00e4ufig nicht mehr f\u00fcr die Nationalmannschaft Gabuns auflaufen. Das bekr\u00e4ftigte der 37-J\u00e4hrige in der Sendung &#8222;Talent d&#8217;Afrique&#8220; des TV-Senders Canal+. Dabei bezog sich der Ex-Dortmunder auf die Vorf\u00e4lle nach dem fr\u00fchen Aus Gabuns beim Afrika Cup 2025. Auch Medien aus Gabun berichteten \u00fcbereinstimmend von Aubameyangs R\u00fcckzug. <\/p>\n<p data-speakable=\"\">&#8222;Sie haben mich gedem\u00fctigt und in den Schmutz gezogen, obwohl ich den Afrika Cup trotz meiner Verletzung gespielt habe&#8220;, sagte der Angreifer von Deportivo A Coru\u00f1a. In Spanien zeigt sich der Routinier in guter Form, traf in drei Spielen f\u00fcr den Aufsteiger dreimal.<\/p>\n<p>Aubameyang trat schon mal zur\u00fcck<\/p>\n<p data-speakable=\"\">Gabun war als Letzter in der Gruppenphase gescheitert. Daraufhin hatte die Regierung des Landes <a data-brain-zone=\".42680954.content.textlink_2\" data-component-path=\"content.textlink_2\" data-component-name=\"link.editorial\" href=\"https:\/\/www.gmx.net\/magazine\/sport\/fussball\/international\/minister-suspendiert-komplettes-team-afrika-cup-debakel-41741702\" rel=\"nofollow noopener\" target=\"_blank\">die Mannschaft suspendiert und Kapit\u00e4n Aubameyang ausgeschlossen<\/a>. Nach dem Amtsantritt des neuen Sportministers Paul Ulrich Kessany, einem Ex-Nationalspieler, wurden die Suspendierungen aufgehoben.<\/p>\n<p>Empfehlungen der Redaktion<\/p>\n<p data-speakable=\"\">Der jetzige Schritt w\u00e4re nicht der erste R\u00fccktritt aus dem Nationalteam. Bereits im Mai 2022 hatte Aubameyang dem Verband in einem Brief mitgeteilt, k\u00fcnftig nicht mehr zur Verf\u00fcgung zu stehen. Ein Jahr sp\u00e4ter lief er wieder f\u00fcr die Mannschaft auf. Aktuell steht Aubameyang bei 80 L\u00e4nderspielen und 40 Toren. (dpa\/bearbeitet von jum)<\/p>\n","protected":false},"excerpt":{"rendered":"Pierre-Emerick Aubameyang hat keine Lust mehr auf die Rolle des S\u00fcndenbocks in der Nationalmannschaft Gabuns. Der St\u00fcrmer m\u00f6chte&hellip;\n","protected":false},"author":2,"featured_media":50232,"comment_status":"","ping_status":"","sticky":false,"template":"","format":"standard","meta":{"footnotes":"","_share_on_mastodon":"0"},"categories":[241],"tags":[29,19232,362,361,17886,1680],"class_list":["post-50231","post","type-post","status-publish","format-standard","has-post-thumbnail","category-gabun","tag-afrika","tag-canal-plus","tag-gabon","tag-gabun","tag-heimatland","tag-pierre-emerick-aubameyang"],"share_on_mastodon":{"url":"https:\/\/pubeurope.com\/@afrika\/117202881279451723","error":""},"_links":{"self":[{"href":"https:\/\/www.europesays.com\/afrika\/wp-json\/wp\/v2\/posts\/50231","targetHints":{"allow":["GET"]}}],"collection":[{"href":"https:\/\/www.europesays.com\/afrika\/wp-json\/wp\/v2\/posts"}],"about":[{"href":"https:\/\/www.europesays.com\/afrika\/wp-json\/wp\/v2\/types\/post"}],"author":[{"embeddable":true,"href":"https:\/\/www.europesays.com\/afrika\/wp-json\/wp\/v2\/users\/2"}],"replies":[{"embeddable":true,"href":"https:\/\/www.europesays.com\/afrika\/wp-json\/wp\/v2\/comments?post=50231"}],"version-history":[{"count":0,"href":"https:\/\/www.europesays.com\/afrika\/wp-json\/wp\/v2\/posts\/50231\/revisions"}],"wp:featuredmedia":[{"embeddable":true,"href":"https:\/\/www.europesays.com\/afrika\/wp-json\/wp\/v2\/media\/50232"}],"wp:attachment":[{"href":"https:\/\/www.europesays.com\/afrika\/wp-json\/wp\/v2\/media?parent=50231"}],"wp:term":[{"taxonomy":"category","embeddable":true,"href":"https:\/\/www.europesays.com\/afrika\/wp-json\/wp\/v2\/categories?post=50231"},{"taxonomy":"post_tag","embeddable":true,"href":"https:\/\/www.europesays.com\/afrika\/wp-json\/wp\/v2\/tags?post=50231"}],"curies":[{"name":"wp","href":"https:\/\/api.w.org\/{rel}","templated":true}]}}