{"id":50248,"date":"2026-09-02T19:15:28","date_gmt":"2026-09-02T19:15:28","guid":{"rendered":"https:\/\/www.europesays.com\/afrika\/50248\/"},"modified":"2026-09-02T19:15:28","modified_gmt":"2026-09-02T19:15:28","slug":"mario-lemina-verletzungshistorie-transfermarkt","status":"publish","type":"post","link":"https:\/\/www.europesays.com\/afrika\/50248\/","title":{"rendered":"Mario Lemina &#8211; Verletzungshistorie | Transfermarkt"},"content":{"rendered":"<p>Mario Lemina &#8211; Verletzungshistorie | Transfermarkt<\/p>\n<p>                                    <a href=\"https:\/\/www.transfermarkt.de\/\" class=\"main-navbar__lp-link \" onclick=\"tmEvent(&#039;hauptnavi&#039;, \" https:=\"\" rel=\"nofollow noopener\" target=\"_blank\"><br \/>\n                        News                    <\/a><br \/>\n                                    <a href=\"https:\/\/www.transfermarkt.de\/aktuell\/transfermarktticker\" class=\"main-navbar__lp-link \" onclick=\"tmEvent(&#039;hauptnavi&#039;, \" https:=\"\" rel=\"nofollow noopener\" target=\"_blank\"><br \/>\n                        Transferticker                    <\/a><br \/>\n                                    <a href=\"https:\/\/www.transfermarkt.de\/navigation\/transfersundgeruechte\" class=\"main-navbar__lp-link \" onclick=\"tmEvent(&#039;hauptnavi&#039;, \" https:=\"\" ger=\"\" rel=\"nofollow noopener\" target=\"_blank\"><br \/>\n                        Transfers &amp; Ger\u00fcchte                    <\/a><br \/>\n                                    <a href=\"https:\/\/www.transfermarkt.de\/navigation\/marktwerte\" class=\"main-navbar__lp-link \" onclick=\"tmEvent(&#039;hauptnavi&#039;, \" https:=\"\" rel=\"nofollow noopener\" target=\"_blank\"><br \/>\n                        Marktwerte                    <\/a><br \/>\n                                    <a href=\"https:\/\/www.transfermarkt.de\/navigation\/wettbewerbe\" class=\"main-navbar__lp-link \" onclick=\"tmEvent(&#039;hauptnavi&#039;, \" https:=\"\" rel=\"nofollow noopener\" target=\"_blank\"><br \/>\n                        Wettbewerbe                    <\/a><br \/>\n                                    <a href=\"https:\/\/www.transfermarkt.de\/navigation\/statistiken\" class=\"main-navbar__lp-link \" onclick=\"tmEvent(&#039;hauptnavi&#039;, \" https:=\"\" rel=\"nofollow noopener\" target=\"_blank\"><br \/>\n                        Statistiken                    <\/a><br \/>\n                                    <a href=\"https:\/\/www.transfermarkt.de\/navigation\/community\" class=\"main-navbar__lp-link \" onclick=\"tmEvent(&#039;hauptnavi&#039;, \" https:=\"\" rel=\"nofollow noopener\" target=\"_blank\"><br \/>\n                        Community                    <\/a><br \/>\n                                    <a href=\"https:\/\/www.transfermarkt.de\/navigation\/gaming\" class=\"main-navbar__lp-link \" onclick=\"tmEvent(&#039;hauptnavi&#039;, \" https:=\"\" rel=\"nofollow noopener\" target=\"_blank\"><br \/>\n                        Gaming                    <\/a><\/p>\n<p>                                    Empfehlungen<\/p>\n<p>                                    F\u00fcr Spielerberater<\/p>\n<p>                                    F\u00fcr Spielerberater<\/p>\n<p>                                        <img decoding=\"async\" src=\"https:\/\/www.europesays.com\/afrika\/wp-content\/uploads\/2026\/09\/170934-1779991881.png\" alt=\"Mario Lemina\" title=\"Mario Lemina\" data-custom-close=\"\" loading=\"lazy\"\/><\/p>\n<p><a href=\"https:\/\/www.transfermarkt.de\/statistik\/neuestetransfers\" target=\"1\" class=\"db mt10\" onclick=\"tmEvent(&#039;banner&#039;, &#039;https:\/\/www.transfermarkt.de\/statistik\/neuestetransfers&#039;, &#039;d-day-banner&#039;);\" rel=\"nofollow noopener\"><br \/>\n    <img decoding=\"async\" loading=\"lazy\" src=\"https:\/\/www.europesays.com\/afrika\/wp-content\/uploads\/2026\/09\/latest-transfers-de-banner-desktop-1.png\" width=\"1034\" height=\"99\" alt=\"deadline-day banner\"\/><br \/>\n<\/a><\/p>\n<p>                Verletzungshistorie            <\/p>\n<p class=\"info-content\">\nDie Verletzungshistorie sowie die Sperren und Ausf\u00e4lle basieren auf verschiedenen Medienberichten und werden mit gr\u00f6\u00dftm\u00f6glicher Sorgfalt recherchiert. Sollte Ihnen dennoch ein Fehler auffallen, nutzen Sie bitte das Korrekturformular. <a href=\"https:\/\/www.transfermarkt.de\/mario-lemina\/verletzungkorrektur\/spieler\/170934\" rel=\"nofollow noopener\" target=\"_blank\">Hier geht es zum Korrekturformular<\/a>            <\/p>\n<p>307116299757298324289570284868271868282479187715186559156097149861146373141023136012132380<\/p>\n<p>\n                Insgesamt             <\/p>\n<p>202520242021202020192018201720162015<\/p>\n<p>Widerruf Tracking &amp; Cookies<\/p>\n<p class=\"tm-modal__text\">Du hast erfolgreich deine Einwilligung in die Nutzung unseres Angebots mit Tracking und Cookies widerrufen. Damit entfallen alle Einwilligungen, die du zuvor \u00fcber den (Cookie-) Einwilligungsbanner bzw. \u00fcber den Privacy-Manager erteilt hast. Du kannst dich jetzt erneut zwischen dem Pur-Abo und der Nutzung mit Tracking und Cookies entscheiden. Bitte beachte, dass dieser Widerruf aus technischen Gr\u00fcnden keine Wirksamkeit f\u00fcr sonstige Einwilligungen (z.B. in den Empfang von Newslettern) entfalten kann. Bitte wende dich diesbez\u00fcglich an datenschutz@transfermarkt.de.<\/p>\n","protected":false},"excerpt":{"rendered":"Mario Lemina &#8211; Verletzungshistorie | Transfermarkt News Transferticker Transfers &amp; Ger\u00fcchte Marktwerte Wettbewerbe Statistiken Community Gaming Empfehlungen F\u00fcr&hellip;\n","protected":false},"author":2,"featured_media":50249,"comment_status":"","ping_status":"","sticky":false,"template":"","format":"standard","meta":{"footnotes":"","_share_on_mastodon":"0"},"categories":[241],"tags":[362,361,1131,1130,1132],"class_list":["post-50248","post","type-post","status-publish","format-standard","has-post-thumbnail","category-gabun","tag-gabon","tag-gabun","tag-galatasaray-istanbul","tag-mario-lemina","tag-sueper-lig"],"share_on_mastodon":{"url":"https:\/\/pubeurope.com\/@afrika\/117203050345112342","error":""},"_links":{"self":[{"href":"https:\/\/www.europesays.com\/afrika\/wp-json\/wp\/v2\/posts\/50248","targetHints":{"allow":["GET"]}}],"collection":[{"href":"https:\/\/www.europesays.com\/afrika\/wp-json\/wp\/v2\/posts"}],"about":[{"href":"https:\/\/www.europesays.com\/afrika\/wp-json\/wp\/v2\/types\/post"}],"author":[{"embeddable":true,"href":"https:\/\/www.europesays.com\/afrika\/wp-json\/wp\/v2\/users\/2"}],"replies":[{"embeddable":true,"href":"https:\/\/www.europesays.com\/afrika\/wp-json\/wp\/v2\/comments?post=50248"}],"version-history":[{"count":0,"href":"https:\/\/www.europesays.com\/afrika\/wp-json\/wp\/v2\/posts\/50248\/revisions"}],"wp:featuredmedia":[{"embeddable":true,"href":"https:\/\/www.europesays.com\/afrika\/wp-json\/wp\/v2\/media\/50249"}],"wp:attachment":[{"href":"https:\/\/www.europesays.com\/afrika\/wp-json\/wp\/v2\/media?parent=50248"}],"wp:term":[{"taxonomy":"category","embeddable":true,"href":"https:\/\/www.europesays.com\/afrika\/wp-json\/wp\/v2\/categories?post=50248"},{"taxonomy":"post_tag","embeddable":true,"href":"https:\/\/www.europesays.com\/afrika\/wp-json\/wp\/v2\/tags?post=50248"}],"curies":[{"name":"wp","href":"https:\/\/api.w.org\/{rel}","templated":true}]}}