{"id":50284,"date":"2026-09-02T21:16:11","date_gmt":"2026-09-02T21:16:11","guid":{"rendered":"https:\/\/www.europesays.com\/afrika\/50284\/"},"modified":"2026-09-02T21:16:11","modified_gmt":"2026-09-02T21:16:11","slug":"spaniens-regierung-in-der-krise-streit-ueber-marokkos-rolle-in-ceuta","status":"publish","type":"post","link":"https:\/\/www.europesays.com\/afrika\/50284\/","title":{"rendered":"Spaniens Regierung in der Krise: Streit \u00fcber Marokkos Rolle in Ceuta"},"content":{"rendered":"<p>Die spanische Regierung ist am Mittwoch in eine Krise gest\u00fcrzt. Ein durchgesickerter Polizeibericht legt nahe, dass marokkanische Sicherheitskr\u00e4fte Migranten nach Ceuta gedr\u00e4ngt haben. Es w\u00e4re ein beispielloser Bruch der Grenze und setzt Madrid massiv unter Druck.<\/p>\n<p>          <img decoding=\"async\" class=\"c-ad__placeholder__logo\" src=\"https:\/\/static.euronews.com\/website\/images\/logos\/logo-euronews-stacked-outlined-72x72-grey-9.svg\" width=\"72\" height=\"72\" alt=\"\" loading=\"lazy\"\/><br \/>\n          WERBUNG<\/p>\n<p>          <img decoding=\"async\" class=\"c-ad__placeholder__logo\" src=\"https:\/\/static.euronews.com\/website\/images\/logos\/logo-euronews-stacked-outlined-72x72-grey-9.svg\" width=\"72\" height=\"72\" alt=\"\" loading=\"lazy\"\/><br \/>\n          WERBUNG<\/p>\n<p>Mehrere Medien berufen sich auf ein Papier der Strafverfolgungsbeh\u00f6rden. Demnach sollen marokkanische Beh\u00f6rden Migranten auf dem Seeweg vorangetrieben und sich ansonsten \u201epassiv\u201c verhalten haben. Der Bericht kommt zu dem Schluss, dass der Zustrom von rund 80.000 Menschen in die spanische Enklave nicht zuf\u00e4llig war.<\/p>\n<p>Die Vorw\u00fcrfe l\u00f6sten einen politischen Sturm aus und setzen das Innenministerium in Madrid zus\u00e4tzlich unter Druck.<\/p>\n<p>Innenminister Fernando Grande-Marlaska steht wegen seines Umgangs mit dem schwersten Sicherheitsvorfall der j\u00fcngeren spanischen Geschichte massiv in der Kritik. Er hatte die Polizei angewiesen, die Anschuldigungen zu kl\u00e4ren, die der offiziellen Darstellung der Regierung direkt widersprechen.<\/p>\n<p>Ein ranghoher Polizeibeamter wies sp\u00e4ter zur\u00fcck, dass es einen Bericht gebe, der Marokko direkt verantwortlich macht. Die Erkl\u00e4rung beruhigte die Lage jedoch kaum. Die Regierung von S\u00e1nchez ringt darum, die Krise einzud\u00e4mmen, w\u00e4hrend weiterhin Tausende Migranten in der Stadt festsitzen \u2013 sehr zum \u00c4rger der Einwohner.<\/p>\n<p>Am Mittwoch fanden in ganz Spanien Demonstrationen zur Unterst\u00fctzung Ceutas statt.<\/p>\n<p>Der Schlagabtausch \u00fcber Enth\u00fcllungen zeigte zudem, dass das politisch heikle Innenministerium offenbar die Kontrolle \u00fcber Teile der Polizei verliert. Einige Beamte scheinen entschlossen, die Regierung blo\u00dfzustellen oder neue Informationen ans Licht zu bringen.<\/p>\n<p>Regierung und Opposition werfen sich in Spanien immer wieder gegenseitig \u201eLawfare\u201c vor \u2013 also den Versuch, Gerichte oder Polizeibeh\u00f6rden f\u00fcr parteipolitische Zwecke zu nutzen.<\/p>\n<p>Entscheidend f\u00fcr das politische \u00dcberleben der Regierung ist die Frage, wie viel sie in den Stunden vor dem Zusammenbruch der Grenze wusste. S\u00e1nchez steht vor seiner bisher schwersten Krise, noch vor der n\u00e4chsten Wahl, die 2027 ansteht.<\/p>\n<p>Oppositionschef Alberto N\u00fa\u00f1ez Feij\u00f3o sagte vor Journalisten, die Regierung \u201ewusste es \u2013 und hat es vertuscht\u201c.<\/p>\n<p>Grenzkrise in Ceuta: Ernste Folgen f\u00fcr Madrid<\/p>\n<p>Trotz der dramatischen Ereignisse in Ceuta, bei denen mehr als 150 Menschen im Meer gestorben sind, macht Spanien Marokko offiziell nicht verantwortlich. Madrid spricht von einer Verletzung seiner territorialen Integrit\u00e4t und ruft die europ\u00e4ischen Partner zu Solidarit\u00e4t auf.<\/p>\n<p>Stattdessen verweist die Regierung auf Falschinformationen in sozialen Netzwerken im Zusammenhang mit einem Gerichtsurteil sowie auf Schleuser als Haupttreiber des Massenzustroms. Diese Lesart \u00fcbernimmt auch die EU-Kommission, die Marokko selbst w\u00e4hrend des Grenzzusammenbruchs weiter als \u201everl\u00e4sslichen Partner\u201c im Kampf gegen irregul\u00e4re Migration bezeichnet.<\/p>\n<p>Eine Sprecherin der EU-Kommission lehnte eine Stellungnahme zu dem durchgesickerten Bericht ab und sprach von einer innerstaatlichen Angelegenheit.<\/p>\n<p>Bereits Anfang der Woche deutete S\u00e1nchez an, dass Russland und Israel Desinformation verst\u00e4rkt haben k\u00f6nnten. Zwischen Spanien und Israel kommt es seit Beginn des Krieges im Gazastreifen immer wieder zu heftigen Spannungen.<\/p>\n<p>Dennoch bleibt offen, wie die marokkanischen Beh\u00f6rden, die die Grenze ebenfalls \u00fcberwachen, den Aufbau so vieler Migranten entlang des Grenzgebiets \u00fcbersehen und nicht aufgel\u00f6st haben.<\/p>\n<p>Juan Fernando L\u00f3pez Aguilar, fr\u00fcher sozialistischer Justizminister und heute Mitglied des Europ\u00e4ischen Parlaments, sagte diese Woche zu Euronews: \u201eEs liegt doch auf der Hand, das h\u00e4tte nicht passieren k\u00f6nnen, ohne dass die marokkanischen Beh\u00f6rden weggeschaut haben.\u201c<\/p>\n<p>\u201eDas ist gesunder Menschenverstand. Aber die Regierung muss auf Grundlage von Fakten und Beweisen handeln\u201c, betonte er in der Euronews-Sendung \u201eEurope Today\u201c.<\/p>\n<p>Spanische Minister liefern bislang widerspr\u00fcchliche Angaben dazu, was sie in den Tagen vor der Krise wussten und ob die Geheimdienste entscheidende Informationen weitergegeben haben.<\/p>\n<p>Das Thema ist hochexplosiv. Ein Versagen beim Umgang mit Sicherheitswarnungen w\u00fcrde als schwere Pflichtverletzung gelten und k\u00f6nnte Forderungen nach einem Misstrauensvotum gegen den Regierungschef und sein Kabinett anheizen.<\/p>\n<p>Ceuta: Stadt am Limit<\/p>\n<p>Abseits der politischen Debatte steht die spanische Regierung in Ceuta vor enormen praktischen Problemen. In der Stadt halten sich rund 5.000 Migranten auf, etwa die H\u00e4lfte von ihnen gilt als minderj\u00e4hrig. Die lokale Verwaltung spricht sogar von bis zu 10.000 Menschen.<\/p>\n<p>Am Mittwoch erkl\u00e4rte Ceutas Pr\u00e4sident Juan Jes\u00fas Vivas, die Stadt stehe \u201eam Rand des Zusammenbruchs\u201c. Er macht Marokko direkt verantwortlich und wirft Rabat Schikane vor.<\/p>\n<p>\u201eMarokko hatte und hat weiterhin ein unersch\u00fctterliches Ziel: unsere zwei St\u00e4dte zu ersticken, zu drangsalieren und zu Fall zu bringen\u201c, sagte er mit Blick auf Ceuta und die Schwesterstadt Melilla in Nordafrika.<\/p>\n<p>\u201eIch glaube, niemand bezweifelt, dass das, was uns widerfahren ist, keine Migrationskrise ist. Es ist eine Verletzung der territorialen Integrit\u00e4t Spaniens\u201c, so Vivas.<\/p>\n<p>Vivas fordert die R\u00fcckf\u00fchrung s\u00e4mtlicher Migranten und bezeichnet dies als einzige M\u00f6glichkeit, in Ceuta wieder zur Normalit\u00e4t zur\u00fcckzukehren. F\u00fcr die spanischen Beh\u00f6rden ist das ein schwieriger Balanceakt.<\/p>\n<p>Strenge Kinderschutzgesetze verbieten schnelle R\u00fcckf\u00fchrungen, selbst bei irregul\u00e4rer Einreise. Gleichzeitig stellen die lokalen Beh\u00f6rden bislang keine \u00f6ffentlichen R\u00e4ume f\u00fcr die Registrierung der Migranten bereit. Das sorgt f\u00fcr weitere Verz\u00f6gerungen.<\/p>\n<p>Unter dem Blick der europ\u00e4ischen Partner verspricht Madrid zudem, dass die Lage in Ceuta den Schengenraum mit seiner Reisefreiheit nicht beeintr\u00e4chtigt. Das schr\u00e4nkt jedoch die M\u00f6glichkeiten ein, Migranten zur Entlastung der Stadt auf das spanische Festland zu verteilen.<\/p>\n<p>Angesichts der komplexen Situation bittet Spanien nun Frontex, die EU-Agentur f\u00fcr die Au\u00dfengrenzen, um Unterst\u00fctzung.<\/p>\n<p>Marokkos Beh\u00f6rden halten dagegen, die von Spanien Anfang des Jahres angek\u00fcndigte gro\u00dfe Legalisierungsaktion f\u00fcr Migranten habe als zus\u00e4tzlicher Anreiz f\u00fcr die \u00dcberquerung der Grenze gewirkt.<\/p>\n<p>In eigener Sache: Sehen Sie auch die aktuelle Euronews Exklusiv-Reportage:<\/p>\n","protected":false},"excerpt":{"rendered":"Die spanische Regierung ist am Mittwoch in eine Krise gest\u00fcrzt. Ein durchgesickerter Polizeibericht legt nahe, dass marokkanische Sicherheitskr\u00e4fte&hellip;\n","protected":false},"author":2,"featured_media":50285,"comment_status":"","ping_status":"","sticky":false,"template":"","format":"standard","meta":{"footnotes":"","_share_on_mastodon":"0"},"categories":[10],"tags":[672,357,95,96,17058,1544],"class_list":["post-50284","post","type-post","status-publish","format-standard","has-post-thumbnail","category-marokko","tag-einwanderung","tag-europaeische-union","tag-marokko","tag-morocco","tag-pedro-sanchez","tag-spanien"],"share_on_mastodon":{"url":"https:\/\/pubeurope.com\/@afrika\/117203526359490082","error":""},"_links":{"self":[{"href":"https:\/\/www.europesays.com\/afrika\/wp-json\/wp\/v2\/posts\/50284","targetHints":{"allow":["GET"]}}],"collection":[{"href":"https:\/\/www.europesays.com\/afrika\/wp-json\/wp\/v2\/posts"}],"about":[{"href":"https:\/\/www.europesays.com\/afrika\/wp-json\/wp\/v2\/types\/post"}],"author":[{"embeddable":true,"href":"https:\/\/www.europesays.com\/afrika\/wp-json\/wp\/v2\/users\/2"}],"replies":[{"embeddable":true,"href":"https:\/\/www.europesays.com\/afrika\/wp-json\/wp\/v2\/comments?post=50284"}],"version-history":[{"count":0,"href":"https:\/\/www.europesays.com\/afrika\/wp-json\/wp\/v2\/posts\/50284\/revisions"}],"wp:featuredmedia":[{"embeddable":true,"href":"https:\/\/www.europesays.com\/afrika\/wp-json\/wp\/v2\/media\/50285"}],"wp:attachment":[{"href":"https:\/\/www.europesays.com\/afrika\/wp-json\/wp\/v2\/media?parent=50284"}],"wp:term":[{"taxonomy":"category","embeddable":true,"href":"https:\/\/www.europesays.com\/afrika\/wp-json\/wp\/v2\/categories?post=50284"},{"taxonomy":"post_tag","embeddable":true,"href":"https:\/\/www.europesays.com\/afrika\/wp-json\/wp\/v2\/tags?post=50284"}],"curies":[{"name":"wp","href":"https:\/\/api.w.org\/{rel}","templated":true}]}}