{"id":50289,"date":"2026-09-02T21:36:06","date_gmt":"2026-09-02T21:36:06","guid":{"rendered":"https:\/\/www.europesays.com\/afrika\/50289\/"},"modified":"2026-09-02T21:36:06","modified_gmt":"2026-09-02T21:36:06","slug":"disput-mit-regierung-gedemuetigt-aubameyang-spielt-nicht-mehr-fuer-gabun-sport","status":"publish","type":"post","link":"https:\/\/www.europesays.com\/afrika\/50289\/","title":{"rendered":"Disput mit Regierung &#8211; \u00abGedem\u00fctigt\u00bb: Aubameyang spielt nicht mehr f\u00fcr Gabun &#8211; Sport"},"content":{"rendered":"<p class=\"article-lead\" data-news-landmark=\"article-lead\">Pierre-Emerick Aubameyang hat keine Lust mehr auf die Rolle des S\u00fcndenbocks.<\/p>\n<p>  Jetzt h\u00f6ren<\/p>\n<p>            Jetzt h\u00f6ren<\/p>\n<p>                <img decoding=\"async\" alt=\"Mann im gelben Fussballtrikot auf einem Spielfeld.\" class=\"image__img\" loading=\"lazy\" src=\"data:image\/gif;base64,R0lGODlhAQABAIAAAAAAAP\/\/\/yH5BAEAAAAALAAAAAABAAEAAAIBRAA7\"\/><\/p>\n<p>                    Legende:<\/p>\n<p>                Rekordtorsch\u00fctze seines Landes<\/p>\n<p>                Pierre-Emerick Aubameyang.<\/p>\n<p>                    imago images\/Shengolpixs<\/p>\n<p class=\"article-paragraph\">Der fr\u00fchere Bundesliga-Profi Pierre-Emerick Aubameyang hat nach einem Disput mit der nationalen Regierung seinen R\u00fccktritt aus der gabunischen Nationalmannschaft angek\u00fcndigt. Der einstige St\u00fcrmer von Borussia Dortmund und Rekordtorsch\u00fctze seines Landes war von der Regierung f\u00fcr das Vorrunden-Aus beim Afrika-Cup verantwortlich gemacht worden. <\/p>\n<p class=\"article-paragraph\">\u00abSie haben mich gedem\u00fctigt und diffamiert, obwohl ich bei der Afrikameisterschaft trotz einer Verletzung gespielt habe\u00bb, sagte der 37-J\u00e4hrige in einem Fernsehinterview: \u00abDas ist der letzte Tropfen, der das Fass zum \u00dcberlaufen bringt, und ich h\u00f6re lieber hier auf.\u00bb Aubameyang lief 80 Mal f\u00fcr Gabun auf und erzielte insgesamt 40 Tore.<\/p>\n<p class=\"article-paragraph\">Gabun war bei dem Turnier in Marokko im vergangenen Dezember nach drei Niederlagen ausgeschieden. Die Regierung um Pr\u00e4sident Brice Clotaire Oligui Nguema entliess daraufhin den Trainerstab, suspendierte die Mannschaft auf unbestimmte Zeit und schloss Aubameyang sowie den 38-j\u00e4hrigen Bruno Ecuele Manga aus dem Kader aus. <\/p>\n","protected":false},"excerpt":{"rendered":"Pierre-Emerick Aubameyang hat keine Lust mehr auf die Rolle des S\u00fcndenbocks. Jetzt h\u00f6ren Jetzt h\u00f6ren Legende: Rekordtorsch\u00fctze seines&hellip;\n","protected":false},"author":2,"featured_media":50290,"comment_status":"","ping_status":"","sticky":false,"template":"","format":"standard","meta":{"footnotes":"","_share_on_mastodon":"0"},"categories":[241],"tags":[362,361],"class_list":["post-50289","post","type-post","status-publish","format-standard","has-post-thumbnail","category-gabun","tag-gabon","tag-gabun"],"share_on_mastodon":{"url":"https:\/\/pubeurope.com\/@afrika\/117203604918024190","error":""},"_links":{"self":[{"href":"https:\/\/www.europesays.com\/afrika\/wp-json\/wp\/v2\/posts\/50289","targetHints":{"allow":["GET"]}}],"collection":[{"href":"https:\/\/www.europesays.com\/afrika\/wp-json\/wp\/v2\/posts"}],"about":[{"href":"https:\/\/www.europesays.com\/afrika\/wp-json\/wp\/v2\/types\/post"}],"author":[{"embeddable":true,"href":"https:\/\/www.europesays.com\/afrika\/wp-json\/wp\/v2\/users\/2"}],"replies":[{"embeddable":true,"href":"https:\/\/www.europesays.com\/afrika\/wp-json\/wp\/v2\/comments?post=50289"}],"version-history":[{"count":0,"href":"https:\/\/www.europesays.com\/afrika\/wp-json\/wp\/v2\/posts\/50289\/revisions"}],"wp:featuredmedia":[{"embeddable":true,"href":"https:\/\/www.europesays.com\/afrika\/wp-json\/wp\/v2\/media\/50290"}],"wp:attachment":[{"href":"https:\/\/www.europesays.com\/afrika\/wp-json\/wp\/v2\/media?parent=50289"}],"wp:term":[{"taxonomy":"category","embeddable":true,"href":"https:\/\/www.europesays.com\/afrika\/wp-json\/wp\/v2\/categories?post=50289"},{"taxonomy":"post_tag","embeddable":true,"href":"https:\/\/www.europesays.com\/afrika\/wp-json\/wp\/v2\/tags?post=50289"}],"curies":[{"name":"wp","href":"https:\/\/api.w.org\/{rel}","templated":true}]}}