{"id":50291,"date":"2026-09-02T21:43:53","date_gmt":"2026-09-02T21:43:53","guid":{"rendered":"https:\/\/www.europesays.com\/afrika\/50291\/"},"modified":"2026-09-02T21:43:53","modified_gmt":"2026-09-02T21:43:53","slug":"wm-wirbel-um-senegal-teamarzt-ist-kein-sportmediziner-sondern-frauenarzt","status":"publish","type":"post","link":"https:\/\/www.europesays.com\/afrika\/50291\/","title":{"rendered":"WM-Wirbel um Senegal: Teamarzt ist kein Sportmediziner, sondern Frauenarzt"},"content":{"rendered":"<p class=\"m-0 text-lg font-normal leading-[30px] text-gray-800\">\n                Wenn am Dienstag und Mittwoch die WM-Halbfinals angepfiffen werden, sitzen die Teams aus Afrika nur noch vor dem Fernseher. Trotzdem war die <a target=\"_blank\" href=\"https:\/\/www.berliner-kurier.de\/sport\/fussball\/fussball-wm-2026-alle-daten-fakten-und-ergebnisse-auf-einen-blick-li.10108927\" rel=\"nofollow noopener\">Weltmeisterschaft<\/a> f\u00fcr den Kontinent alles andere als eine Entt\u00e4uschung: Von zehn Teilnehmern schafften gleich neun den Sprung in die K.o.-Runde. Senegal schied erst im Sechszehntelfinale ungl\u00fccklich gegen Belgien (2:3 n.V.) aus.\n              <\/p>\n<p>              Senegal-Spieler zweifelten bei WM an Teamarzt<\/p>\n<p class=\"m-0 text-lg font-normal leading-[30px] text-gray-800\">\n                Seitdem l\u00e4uft im Verband die Aufarbeitung des Turniers \u2013 inklusive einer Debatte \u00fcber die medizinische Betreuung der Mannschaft. Kurios: Verbandspr\u00e4sident Abdoulaye Fall erkl\u00e4rte auf einer Pressekonferenz in Dakar, er habe erst sp\u00e4t erfahren, dass der langj\u00e4hrige Teamarzt Abderahmane Fediore urspr\u00fcnglich Frauenarzt sei und kein Sportmediziner. Einige Spieler sollen deshalb nicht von der medizinischen Betreuung w\u00e4hrend der WM \u00fcberzeugt gewesen sein. Fall: \u201eDen R\u00fcckmeldungen zufolge, die ich erhalten habe, hatten die Spieler nicht das Gef\u00fchl, von ihm ausreichend unterst\u00fctzt zu werden.\u201c\n              <\/p>\n<p class=\"m-0 text-lg font-normal leading-[30px] text-gray-800\">\n                Aber: Es gibt Widerspruch. Die Senegalesische Gesellschaft f\u00fcr Sportmedizin weist die Vorw\u00fcrfe zur\u00fcck. Demnach verf\u00fcgt Fediore \u00fcber einen Abschluss in Sportmedizin und Sportbiologie der Universit\u00e4t Cheikh Anta Diop. Au\u00dferdem betreut er die Nationalmannschaft bereits seit 2017. In dieser Zeit war er bei drei <a target=\"_blank\" href=\"https:\/\/www.berliner-kurier.de\/panorama\/kapverden-curacao-urlaub-tui-li.10141311\" rel=\"nofollow noopener\">Weltmeisterschaften<\/a> und f\u00fcnf Afrika-Cups dabei. Ein Neuling auf der Teamarztbank sieht anders aus \u2026\n              <\/p>\n<p>                  <img decoding=\"async\" src=\"https:\/\/www.europesays.com\/afrika\/wp-content\/uploads\/2026\/09\/a645e6c5-74a6-4ba2-b949-080f8fb9a1c4.jpg\"   alt=\"Fu\u00dfball-Fans aus Senegal gelten als besonders stimmungsvoll. Bei der WM 2026 hatten sie jedoch nur wenig Grund zum Jubeln.\" class=\"h-full w-full object-cover\" loading=\"lazy\" data-original-url=\"https:\/\/blzprod-endpoint-h3ajcyhfd4gsducd.a03.azurefd.net\/images\/2026\/07\/14\/a645e6c5-74a6-4ba2-b949-080f8fb9a1c4.jpg\" data-caption=\"Fu\u00dfball-Fans aus Senegal gelten als besonders stimmungsvoll. Bei der WM 2026 hatten sie jedoch nur wenig Grund zum Jubeln.\" data-source=\"Matthias Koch\/imago\"\/><\/p>\n<p class=\"m-0 flex-[3] text-left text-xs font-normal leading-[18px] text-gray-650\">Fu\u00dfball-Fans aus Senegal gelten als besonders stimmungsvoll. Bei der WM 2026 hatten sie jedoch nur wenig Grund zum Jubeln.<\/p>\n<p class=\"m-0 mt-1 flex-1 text-left text-xs font-normal leading-[18px] text-gray-650 md:mt-0 md:text-right\">\n                        \u00a9 Matthias Koch\/imago\n                      <\/p>\n<p class=\"m-0 text-lg font-normal leading-[30px] text-gray-800\">\n                Senegal war als amtierender <a target=\"_blank\" data-li-document-ref=\"10036550\" href=\"https:\/\/www.replace-delivery-host.com\/artikel\/fachkraeftemangel-berlin-sucht-personal-in-afrika-10036550\" rel=\"nofollow noopener\">Afrika<\/a>-Meister und einer der Geheimfavoriten nach Nordamerika gereist. Nach Niederlagen gegen Frankreich (1:3) und Norwegen (2:3) k\u00e4mpften sich die \u201eL\u00f6wen von Teranga\u201c dank eines Sieges gegen den Irak (5:0) noch in n\u00e4chste Runde. Dort folgte jedoch das bittere Aus gegen Belgien.\n              <\/p>\n<p>              Arzt-Zoff und Trainer-Rauswurf: Senegal unter Druck<\/p>\n<p class=\"m-0 text-lg font-normal leading-[30px] text-gray-800\">\n                Die Konsequenzen lie\u00dfen nicht lange auf sich warten: Nationaltrainer Pape Bouna Thiaw musste bereits gehen. Die Aff\u00e4re um den Mannschaftsarzt wirft nun grunds\u00e4tzliche Fragen zu strukturellen Defiziten im afrikanischen Fu\u00dfball auf. Die Aussagen von Verbandspr\u00e4sident Abdoulaye Fall haben diese Debatte nun mit voller Wucht neu entfacht.<\/p>\n<p>Wie ist Ihre Meinung zum Thema? Kann ein\u00a0Gyn\u00e4kologe auch eine Fu\u00dfball-Mannschaft betreuen? Bitte schreiben Sie uns:\u202f<a href=\"https:\/\/www.berliner-kurier.de\/article\/mailto:leser-bk@berlinerverlag.com\" target=\"_blank\" rel=\"nofollow noopener\">leser-bk@berlinerverlag.com<\/a><\/p>\n","protected":false},"excerpt":{"rendered":"Wenn am Dienstag und Mittwoch die WM-Halbfinals angepfiffen werden, sitzen die Teams aus Afrika nur noch vor dem&hellip;\n","protected":false},"author":2,"featured_media":50292,"comment_status":"","ping_status":"","sticky":false,"template":"","format":"standard","meta":{"footnotes":"","_share_on_mastodon":"0"},"categories":[18],"tags":[16215,29,2658,413,19274,12618,300],"class_list":["post-50291","post","type-post","status-publish","format-standard","has-post-thumbnail","category-senegal","tag-abderahmane-fediore","tag-afrika","tag-belgien","tag-dakar","tag-melissa-levin","tag-seattle","tag-senegal"],"share_on_mastodon":{"url":"https:\/\/pubeurope.com\/@afrika\/117203636558571141","error":""},"_links":{"self":[{"href":"https:\/\/www.europesays.com\/afrika\/wp-json\/wp\/v2\/posts\/50291","targetHints":{"allow":["GET"]}}],"collection":[{"href":"https:\/\/www.europesays.com\/afrika\/wp-json\/wp\/v2\/posts"}],"about":[{"href":"https:\/\/www.europesays.com\/afrika\/wp-json\/wp\/v2\/types\/post"}],"author":[{"embeddable":true,"href":"https:\/\/www.europesays.com\/afrika\/wp-json\/wp\/v2\/users\/2"}],"replies":[{"embeddable":true,"href":"https:\/\/www.europesays.com\/afrika\/wp-json\/wp\/v2\/comments?post=50291"}],"version-history":[{"count":0,"href":"https:\/\/www.europesays.com\/afrika\/wp-json\/wp\/v2\/posts\/50291\/revisions"}],"wp:featuredmedia":[{"embeddable":true,"href":"https:\/\/www.europesays.com\/afrika\/wp-json\/wp\/v2\/media\/50292"}],"wp:attachment":[{"href":"https:\/\/www.europesays.com\/afrika\/wp-json\/wp\/v2\/media?parent=50291"}],"wp:term":[{"taxonomy":"category","embeddable":true,"href":"https:\/\/www.europesays.com\/afrika\/wp-json\/wp\/v2\/categories?post=50291"},{"taxonomy":"post_tag","embeddable":true,"href":"https:\/\/www.europesays.com\/afrika\/wp-json\/wp\/v2\/tags?post=50291"}],"curies":[{"name":"wp","href":"https:\/\/api.w.org\/{rel}","templated":true}]}}