{"id":50295,"date":"2026-09-02T21:58:16","date_gmt":"2026-09-02T21:58:16","guid":{"rendered":"https:\/\/www.europesays.com\/afrika\/50295\/"},"modified":"2026-09-02T21:58:16","modified_gmt":"2026-09-02T21:58:16","slug":"simon-adingra-spielerprofil-26-27","status":"publish","type":"post","link":"https:\/\/www.europesays.com\/afrika\/50295\/","title":{"rendered":"Simon Adingra &#8211; Spielerprofil 26\/27"},"content":{"rendered":"<p>Simon Adingra &#8211; Spielerprofil 26\/27 | Transfermarkt<\/p>\n<p>                                    <a href=\"https:\/\/www.transfermarkt.de\/\" class=\"main-navbar__lp-link \" onclick=\"tmEvent(&#039;hauptnavi&#039;, \" https:=\"\" rel=\"nofollow noopener\" target=\"_blank\"><br \/>\n                        News                    <\/a><br \/>\n                                    <a href=\"https:\/\/www.transfermarkt.de\/navigation\/transfersundgeruechte\" class=\"main-navbar__lp-link \" onclick=\"tmEvent(&#039;hauptnavi&#039;, \" https:=\"\" ger=\"\" rel=\"nofollow noopener\" target=\"_blank\"><br \/>\n                        Transfers &amp; Ger\u00fcchte                    <\/a><br \/>\n                                    <a href=\"https:\/\/www.transfermarkt.de\/navigation\/marktwerte\" class=\"main-navbar__lp-link \" onclick=\"tmEvent(&#039;hauptnavi&#039;, \" https:=\"\" rel=\"nofollow noopener\" target=\"_blank\"><br \/>\n                        Marktwerte                    <\/a><br \/>\n                                    <a href=\"https:\/\/www.transfermarkt.de\/navigation\/wettbewerbe\" class=\"main-navbar__lp-link \" onclick=\"tmEvent(&#039;hauptnavi&#039;, \" https:=\"\" rel=\"nofollow noopener\" target=\"_blank\"><br \/>\n                        Wettbewerbe                    <\/a><br \/>\n                                    <a href=\"https:\/\/www.transfermarkt.de\/navigation\/statistiken\" class=\"main-navbar__lp-link \" onclick=\"tmEvent(&#039;hauptnavi&#039;, \" https:=\"\" rel=\"nofollow noopener\" target=\"_blank\"><br \/>\n                        Statistiken                    <\/a><br \/>\n                                    <a href=\"https:\/\/www.transfermarkt.de\/navigation\/community\" class=\"main-navbar__lp-link \" onclick=\"tmEvent(&#039;hauptnavi&#039;, \" https:=\"\" rel=\"nofollow noopener\" target=\"_blank\"><br \/>\n                        Community                    <\/a><br \/>\n                                    <a href=\"https:\/\/www.transfermarkt.de\/navigation\/gaming\" class=\"main-navbar__lp-link \" onclick=\"tmEvent(&#039;hauptnavi&#039;, \" https:=\"\" rel=\"nofollow noopener\" target=\"_blank\"><br \/>\n                        Gaming                    <\/a><\/p>\n<p>                                    Empfehlungen<\/p>\n<p>                                    F\u00fcr Spielerberater<\/p>\n<p>                                    F\u00fcr Spielerberater<\/p>\n<p>                                        <img decoding=\"async\" src=\"https:\/\/www.europesays.com\/afrika\/wp-content\/uploads\/2026\/09\/658536-1746437487.jpg\" alt=\"Simon Adingra\" title=\"Simon Adingra\" data-custom-close=\"\" loading=\"lazy\"\/><\/p>\n<p><a href=\"https:\/\/www.transfermarkt.de\/aktuell\/transfermarktticker\" target=\"0\" class=\"db mt10\" onclick=\"tmEvent(&#039;banner&#039;, &#039;https:\/\/www.transfermarkt.de\/aktuell\/transfermarktticker&#039;, &#039;d-day-banner&#039;);\" rel=\"nofollow noopener\"><br \/>\n    <img decoding=\"async\" loading=\"lazy\" src=\"https:\/\/www.europesays.com\/afrika\/wp-content\/uploads\/2026\/09\/ticker-banner-desktop-4.png\" width=\"1034\" height=\"99\" alt=\"deadline-day banner\"\/><br \/>\n<\/a><\/p>\n<p>    Spielerdaten<\/p>\n<p>                        Detailposition                    <\/p>\n<p>                                        Hauptposition:<br \/>\n                                        Linksau\u00dfen<\/p>\n<p>                                        Nebenposition:<br \/>\n                                                                                    Rechtsau\u00dfen<br \/>\n                                                                                    Linkes Mittelfeld<\/p>\n<p>                Daten und Fakten            <\/p>\n<p>                                    Geb.\/Alter:<\/p>\n<p>                                                    <a href=\"https:\/\/www.transfermarkt.de\/aktuell\/waspassiertheute\/aktuell\/new\/datum\/2002-01-01\" rel=\"nofollow noopener\" target=\"_blank\">01.01.2002 (24)<\/a>                        <\/p>\n<p>                                    Geburtsort:<\/p>\n<p>                         Abobo\u00a0\u00a0<img decoding=\"async\" src=\"https:\/\/www.europesays.com\/afrika\/wp-content\/uploads\/2026\/08\/1788024493_90_38.png\" title=\"Elfenbeink\u00fcste\" alt=\"Elfenbeink\u00fcste\" class=\"flaggenrahmen lazy lazy\"\/><br \/>\n                                                                                                        Gr\u00f6\u00dfe:<br \/>\n                    1,75\u00a0m<br \/>\n                                    Staatsb\u00fcrgerschaft:<\/p>\n<p>                        <img decoding=\"async\" src=\"https:\/\/www.europesays.com\/afrika\/wp-content\/uploads\/2026\/08\/1788024493_90_38.png\" title=\"Elfenbeink\u00fcste\" alt=\"Elfenbeink\u00fcste\" class=\"flaggenrahmen\"\/>\u00a0\u00a0Elfenbeink\u00fcste<br \/>\n                                Position:<\/p>\n<p>                    Sturm &#8211; Linksau\u00dfen<br \/>\n                                    Fu\u00df:<br \/>\n                    rechts<br \/>\n                                                    Spielerberater:<\/p>\n<p>                                                    <a onclick=\"tmEvent(&quot;spielerprofil&quot;, &quot;click&quot;, &quot;berater-spielerdaten&quot;)\" href=\"https:\/\/www.transfermarkt.de\/fidus-sports\/beraterfirma\/berater\/13148\" rel=\"nofollow noopener\" target=\"_blank\">Fidus Sports<\/a>                                                            <img loading=\"lazy\" decoding=\"async\" src=\"https:\/\/www.europesays.com\/afrika\/wp-content\/uploads\/2026\/04\/verified_premium_minified.png\" alt=\"Verifiziert\" title=\"Verifiziert\" height=\"13\" width=\"13\"\/><\/p>\n<p>                    Aktueller Verein:<\/p>\n<p>                    <a href=\"https:\/\/www.transfermarkt.de\/ajax-amsterdam\/startseite\/verein\/610\" rel=\"nofollow noopener\" target=\"_blank\"><br \/>\n                        <img  alt=\"Ajax Amsterdam\" height=\"15\" width=\"15\"\/><br \/>\n                    <\/a><br \/>\n                    <a title=\"Ajax Amsterdam\" href=\"https:\/\/www.transfermarkt.de\/ajax-amsterdam\/startseite\/verein\/610\" rel=\"nofollow noopener\" target=\"_blank\">Ajax Amsterdam<\/a>                <\/p>\n<p>                                            Im Team seit:<\/p>\n<p>                            02.09.2026<br \/>\n                        Vertrag bis:<br \/>\n                        30.06.2027<\/p>\n<p>                                            Vertragsoption:<br \/>\n                        Kaufoption<br \/>\n                                                        Ausgeliehen von:<br \/>\n                    <a title=\"AFC Sunderland\" href=\"https:\/\/www.transfermarkt.de\/afc-sunderland\/startseite\/verein\/289\" rel=\"nofollow noopener\" target=\"_blank\">AFC Sunderland<\/a><br \/>\n                    Vertrag dort bis:<br \/>\n                    30.06.2030<br \/>\n                                    Social Media:<\/p>\n<p>\n        Transfermarkt Videos    <\/p>\n<p>        Jugendvereine<\/p>\n<p>\n            ABIS Sport Academy (2016-2018), Right to Dream Academy (2018-2020)\n        <\/p>\n<p class=\"fav-voting__question fav-voting__question--text-favorite\">\n                    Welcher dieser Spieler <br \/>ist dir lieber?                <\/p>\n<p>Widerruf Tracking &amp; Cookies<\/p>\n<p class=\"tm-modal__text\">Du hast erfolgreich deine Einwilligung in die Nutzung unseres Angebots mit Tracking und Cookies widerrufen. Damit entfallen alle Einwilligungen, die du zuvor \u00fcber den (Cookie-) Einwilligungsbanner bzw. \u00fcber den Privacy-Manager erteilt hast. Du kannst dich jetzt erneut zwischen dem Pur-Abo und der Nutzung mit Tracking und Cookies entscheiden. Bitte beachte, dass dieser Widerruf aus technischen Gr\u00fcnden keine Wirksamkeit f\u00fcr sonstige Einwilligungen (z.B. in den Empfang von Newslettern) entfalten kann. Bitte wende dich diesbez\u00fcglich an datenschutz@transfermarkt.de.<\/p>\n","protected":false},"excerpt":{"rendered":"Simon Adingra &#8211; Spielerprofil 26\/27 | Transfermarkt News Transfers &amp; Ger\u00fcchte Marktwerte Wettbewerbe Statistiken Community Gaming Empfehlungen F\u00fcr&hellip;\n","protected":false},"author":2,"featured_media":50296,"comment_status":"","ping_status":"","sticky":false,"template":"","format":"standard","meta":{"footnotes":"","_share_on_mastodon":"0"},"categories":[14],"tags":[19277,125,124,19278,126,6212],"class_list":["post-50295","post","type-post","status-publish","format-standard","has-post-thumbnail","category-elfenbeinkueste","tag-ajax-amsterdam","tag-cote-divoire","tag-elfenbeinkueste","tag-eredivisie","tag-ivory-coast","tag-simon-adingra"],"share_on_mastodon":{"url":"https:\/\/pubeurope.com\/@afrika\/117203691338069895","error":""},"_links":{"self":[{"href":"https:\/\/www.europesays.com\/afrika\/wp-json\/wp\/v2\/posts\/50295","targetHints":{"allow":["GET"]}}],"collection":[{"href":"https:\/\/www.europesays.com\/afrika\/wp-json\/wp\/v2\/posts"}],"about":[{"href":"https:\/\/www.europesays.com\/afrika\/wp-json\/wp\/v2\/types\/post"}],"author":[{"embeddable":true,"href":"https:\/\/www.europesays.com\/afrika\/wp-json\/wp\/v2\/users\/2"}],"replies":[{"embeddable":true,"href":"https:\/\/www.europesays.com\/afrika\/wp-json\/wp\/v2\/comments?post=50295"}],"version-history":[{"count":0,"href":"https:\/\/www.europesays.com\/afrika\/wp-json\/wp\/v2\/posts\/50295\/revisions"}],"wp:featuredmedia":[{"embeddable":true,"href":"https:\/\/www.europesays.com\/afrika\/wp-json\/wp\/v2\/media\/50296"}],"wp:attachment":[{"href":"https:\/\/www.europesays.com\/afrika\/wp-json\/wp\/v2\/media?parent=50295"}],"wp:term":[{"taxonomy":"category","embeddable":true,"href":"https:\/\/www.europesays.com\/afrika\/wp-json\/wp\/v2\/categories?post=50295"},{"taxonomy":"post_tag","embeddable":true,"href":"https:\/\/www.europesays.com\/afrika\/wp-json\/wp\/v2\/tags?post=50295"}],"curies":[{"name":"wp","href":"https:\/\/api.w.org\/{rel}","templated":true}]}}