{"id":50323,"date":"2026-09-02T23:38:45","date_gmt":"2026-09-02T23:38:45","guid":{"rendered":"https:\/\/www.europesays.com\/afrika\/50323\/"},"modified":"2026-09-02T23:38:45","modified_gmt":"2026-09-02T23:38:45","slug":"deutschland-elfenbeinkueste-voraussichtliche-aufstellungen","status":"publish","type":"post","link":"https:\/\/www.europesays.com\/afrika\/50323\/","title":{"rendered":"Deutschland \u2013 Elfenbeink\u00fcste: Voraussichtliche Aufstellungen"},"content":{"rendered":"<p>Voraussichtliche Aufstellung: Wie spielt Deutschland gegen die Elfenbeink\u00fcste?<\/p>\n<p>Julian Nagelsmann wird sich voraussichtlich gegen Ver\u00e4nderungen in der Startelf entscheiden. Das Spiel gegen die <a href=\"https:\/\/www.fussballdaten.de\/vereine\/elfenbeinkueste\/\" title=\"Profil von Elfenbeink\u00fcste\" rel=\"nofollow noopener\" target=\"_blank\">Elfenbeink\u00fcste<\/a> d\u00fcrfte dieselbe Formation beginnen, die auch beim 7:1-Auftaktsieg gegen Cura\u00e7ao von Beginn an auf dem Platz stand.<\/p>\n<p class=\"mb20 mt30\"><a href=\"https:\/\/www.fussballdaten.de\/vereine\/deutschland\/\" title=\"Profil von Deutschland\" rel=\"nofollow noopener\" target=\"_blank\">Deutschland<\/a>: Neuer \u2013 Kimmich, Tah, Schlotterbeck, Brown \u2013 Pavlovic, Nmecha \u2013 San\u00e9, Musiala, Wirtz \u2013 Havertz<\/p>\n<p>Voraussichtliche Aufstellung der Elfenbeink\u00fcste: Die Startelf des Au\u00dfenseiters<\/p>\n<p class=\"mb20 mt30\">Die Spieler der deutschen Nationalmannschaft m\u00fcssen am Samstagabend vor allem ein Auge auf den aus der Bundesliga bestens bekannten Yan Diomande werfen. Der talentierte Fl\u00fcgelspieler zeigte bereits gegen Ecuador eine sehr starke Leistung.<\/p>\n<p><a href=\"https:\/\/www.fussballdaten.de\/go\/neobetdeboost\" target=\"_blank\" rel=\"noopener noreferrer nofollow\"><img decoding=\"async\" src=\"https:\/\/www.europesays.com\/afrika\/wp-content\/uploads\/2026\/06\/pLelMhpziOVbOkhFwmtAL9-8k96oMHL5.png\"\/><\/a><\/p>\n<p class=\"mb20 mt30\">In der Startelf des Au\u00dfenseiters werden zudem einige erfahrene Akteure erwartet. Allen voran sind hierbei Franck Kessi\u00e9, Seko Fofana oder Nicolas P\u00e9p\u00e9 zu nennen.<\/p>\n<p class=\"mb20 mt30\">Elfenbeink\u00fcste: Y. Fofana \u2013 G. Dou\u00e9, Singo, Ndicka, Konan \u2013 Kessi\u00e9, S. Fofana \u2013 Amad, Y. Diomande \u2013 P\u00e9p\u00e9, Boony<\/p>\n<p>Deutschland gegen die Elfenbeink\u00fcste live im TV: Ansto\u00dfzeit und \u00dcbertragung<\/p>\n<p class=\"mb20 mt30\">Das Spiel zwischen Deutschland und der Elfenbeink\u00fcste wird am Samstag (20. Juni 2026) um 22:00 Uhr deutscher Zeit angepfiffen. Die Begegnung wird selbstverst\u00e4ndlich live im TV und Online-Stream \u00fcbertragen. Im Free-TV ist das Spiel im ZDF zu sehen. Die Live-Streams stehen in der ZDFmediathek sowie bei MagentaTV zur Verf\u00fcgung.<\/p>\n","protected":false},"excerpt":{"rendered":"Voraussichtliche Aufstellung: Wie spielt Deutschland gegen die Elfenbeink\u00fcste? Julian Nagelsmann wird sich voraussichtlich gegen Ver\u00e4nderungen in der Startelf&hellip;\n","protected":false},"author":2,"featured_media":50324,"comment_status":"","ping_status":"","sticky":false,"template":"","format":"standard","meta":{"footnotes":"","_share_on_mastodon":"0"},"categories":[14],"tags":[125,158,124,126,854],"class_list":["post-50323","post","type-post","status-publish","format-standard","has-post-thumbnail","category-elfenbeinkueste","tag-cote-divoire","tag-deutschland","tag-elfenbeinkueste","tag-ivory-coast","tag-wm"],"share_on_mastodon":{"url":"https:\/\/pubeurope.com\/@afrika\/117204084548297339","error":""},"_links":{"self":[{"href":"https:\/\/www.europesays.com\/afrika\/wp-json\/wp\/v2\/posts\/50323","targetHints":{"allow":["GET"]}}],"collection":[{"href":"https:\/\/www.europesays.com\/afrika\/wp-json\/wp\/v2\/posts"}],"about":[{"href":"https:\/\/www.europesays.com\/afrika\/wp-json\/wp\/v2\/types\/post"}],"author":[{"embeddable":true,"href":"https:\/\/www.europesays.com\/afrika\/wp-json\/wp\/v2\/users\/2"}],"replies":[{"embeddable":true,"href":"https:\/\/www.europesays.com\/afrika\/wp-json\/wp\/v2\/comments?post=50323"}],"version-history":[{"count":0,"href":"https:\/\/www.europesays.com\/afrika\/wp-json\/wp\/v2\/posts\/50323\/revisions"}],"wp:featuredmedia":[{"embeddable":true,"href":"https:\/\/www.europesays.com\/afrika\/wp-json\/wp\/v2\/media\/50324"}],"wp:attachment":[{"href":"https:\/\/www.europesays.com\/afrika\/wp-json\/wp\/v2\/media?parent=50323"}],"wp:term":[{"taxonomy":"category","embeddable":true,"href":"https:\/\/www.europesays.com\/afrika\/wp-json\/wp\/v2\/categories?post=50323"},{"taxonomy":"post_tag","embeddable":true,"href":"https:\/\/www.europesays.com\/afrika\/wp-json\/wp\/v2\/tags?post=50323"}],"curies":[{"name":"wp","href":"https:\/\/api.w.org\/{rel}","templated":true}]}}