{"id":50331,"date":"2026-09-03T00:09:59","date_gmt":"2026-09-03T00:09:59","guid":{"rendered":"https:\/\/www.europesays.com\/afrika\/50331\/"},"modified":"2026-09-03T00:09:59","modified_gmt":"2026-09-03T00:09:59","slug":"guinea-mamadi-doumbouya-vereidigt-und-offiziell-als-praesident-ins-amt-eingefuehrt","status":"publish","type":"post","link":"https:\/\/www.europesays.com\/afrika\/50331\/","title":{"rendered":"Guinea: Mamadi Doumbouya vereidigt und offiziell als Pr\u00e4sident ins Amt eingef\u00fchrt"},"content":{"rendered":"<p class=\"wp-block-paragraph\">In Guinea ist Mamadi Doumbouya am Samstag <a href=\"https:\/\/fokus-afrika.de\/praesidentschaftswahl-in-guinea-mamadi-doumbouya-mit-8672-prozent-zum-sieger-erklaert\/\" rel=\"nofollow noopener\" target=\"_blank\">offiziell<\/a> als Pr\u00e4sident der Republik vereidigt worden. Mit der Zeremonie im Stadion G\u00e9n\u00e9ral Lansana Cont\u00e9 in Conakry begann formal die 5. Republik. Anwesend waren mehrere afrikanische Staats- und Regierungschefs, Vertreter nationaler Institutionen sowie diplomatische Delegationen. In Reden und Stellungnahmen standen Verfassungstreue, nationale Einheit und wirtschaftliche Entwicklung im Mittelpunkt.<\/p>\n<p>Vereidigung im Stadion von Nongo<\/p>\n<p class=\"wp-block-paragraph\">Der neue Pr\u00e4sident\u00a0Mamadi Doumbouya\u00a0legte seinen Amtseid vor der Bev\u00f6lkerung und den Institutionen des Landes ab. Er schwor auf die Verfassung, die Gesetze und die richterlichen Entscheidungen der Republik. In dem Eid verpflichtete er sich unter anderem zur Wahrung der territorialen Integrit\u00e4t, zur Sicherung des sozialen Zusammenhalts sowie zum Schutz der Institutionen und der nationalen Unabh\u00e4ngigkeit.<\/p>\n<p><img data-od-replaced- data-od-xpath=\"\/HTML\/BODY\/DIV[@id='page']\/*[1][self::DIV]\/*[3][self::MAIN]\/*[1][self::DIV]\/*[1][self::DIV]\/*[1][self::DIV]\/*[1][self::DIV]\/*[3][self::DIV]\/*[1][self::DIV]\/*[2][self::DIV]\/*[1][self::DIV]\/*[5][self::DIV]\/*[1][self::FIGURE]\/*[1][self::IMG]\" loading=\"lazy\" decoding=\"async\" width=\"1024\" height=\"627\" src=\"https:\/\/www.europesays.com\/afrika\/wp-content\/uploads\/2026\/09\/G-4gQz6XEAA3hdf-1024x627-jpeg.webp\" alt=\"\" class=\"wp-image-23673 size-full\"  \/><\/p>\n<p class=\"wp-block-paragraph\">Die Zeremonie fand im Beisein zahlreicher hochrangiger G\u00e4ste statt und markierte den formellen Beginn seiner Amtszeit nach der von der Obersten Gerichtsbarkeit best\u00e4tigten Pr\u00e4sidentschaftswahl.<\/p>\n<p>Mahnung der Justiz zur Verfassungstreue<\/p>\n<p class=\"wp-block-paragraph\">Vor der Vereidigung richtete der Pr\u00e4sident des Obersten Gerichtshofs,\u00a0Fod\u00e9 Bangoura, eine Ansprache an den gew\u00e4hlten Pr\u00e4sidenten. Er erinnerte daran, dass die am 26. September 2025 angenommene Verfassung die verbindliche Grundlage staatlichen Handelns darstelle. Die demokratische Legitimation durch die Wahl sei untrennbar mit der Pflicht verbunden, den Rechtsstaat zu achten und die Gewaltenteilung zu wahren.<\/p>\n<p class=\"wp-block-paragraph\">Bangoura betonte, dass Exekutive, Legislative und Judikative jeweils in ihren verfassungsm\u00e4\u00dfigen Zust\u00e4ndigkeiten handeln m\u00fcssten. Die Justiz werde die Regierung begleiten, solange das staatliche Handeln an Recht und Gesetz gebunden bleibe.<\/p>\n<p>Doumbouya ruft zur Zusammenarbeit auf<\/p>\n<p class=\"wp-block-paragraph\">Aus der guineischen Politik kamen Reaktionen, die zur Zusammenarbeit aufriefen. Der ehemalige Pr\u00e4sidentschaftskandidat\u00a0Abdoulaye Kourouma, Vorsitzender des Rassemblement pour la Renaissance et le D\u00e9veloppement, begr\u00fc\u00dfte den Appell des Pr\u00e4sidenten zur nationalen Einheit. Er erkl\u00e4rte, die politische Phase der Transition sei abgeschlossen und es gelte nun, Stabilit\u00e4t und Entwicklung gemeinsam voranzubringen.<\/p>\n<p lang=\"fr\" dir=\"ltr\">\ud835\uddd6\ud835\uddf5\ud835\uddf2\ud835\uddff\ud835\ude00 \ud835\uddf0\ud835\uddfc\ud835\uddfa\ud835\uddfd\ud835\uddee\ud835\ude01\ud835\uddff\ud835\uddf6\ud835\uddfc\ud835\ude01\ud835\uddf2\ud835\ude00, <br \/>\ud835\udde3\ud835\uddf2\ud835\ude02\ud835\uddfd\ud835\uddf9\ud835\uddf2 \ud835\ude00\ud835\uddfc\ud835\ude02\ud835\ude03\ud835\uddf2\ud835\uddff\ud835\uddee\ud835\uddf6\ud835\uddfb \ud835\uddf1\ud835\uddf2 \ud835\uddda\ud835\ude02\ud835\uddf6\ud835\uddfb\ud835\uddf2\u0301\ud835\uddf2, <\/p>\n<p>En ce jour historique, \ud835\uddf7\ud835\uddf2 \ud835\uddff\ud835\uddf2\ud835\uddfb\ud835\uddf1\ud835\ude00 \ud835\uddf4\ud835\uddff\ud835\uddee\u0302\ud835\uddf0\ud835\uddf2 \ud835\uddee\u0300 \ud835\uddd7\ud835\uddf6\ud835\uddf2\ud835\ude02 \ud835\uddf2\ud835\ude01 \ud835\uddf7\ud835\uddf2 \ud835\ude03\ud835\uddfc\ud835\ude02\ud835\ude00 \ud835\uddee\ud835\uddf1\ud835\uddff\ud835\uddf2\ud835\ude00\ud835\ude00\ud835\uddf2, \ud835\uddf1\ud835\ude02 \ud835\uddf3\ud835\uddfc\ud835\uddfb\ud835\uddf1 \ud835\uddf1\ud835\ude02 \ud835\uddf0\u0153\ud835\ude02\ud835\uddff, \ud835\uddfa\ud835\uddee \ud835\uddfd\ud835\uddff\ud835\uddfc\ud835\uddf3\ud835\uddfc\ud835\uddfb\ud835\uddf1\ud835\uddf2 \ud835\uddf4\ud835\uddff\ud835\uddee\ud835\ude01\ud835\uddf6\ud835\ude01\ud835\ude02\ud835\uddf1\ud835\uddf2 \ud835\uddfd\ud835\uddfc\ud835\ude02\ud835\uddff \ud835\ude03\ud835\uddfc\ud835\ude01\ud835\uddff\ud835\uddf2\u2026<\/p>\n<p>\u2014 Pr\u00e9sident Mamadi Doumbouya (@presi_doumbouya) <a href=\"https:\/\/twitter.com\/presi_doumbouya\/status\/2008173456492302344?ref_src=twsrc%5Etfw\" rel=\"nofollow noopener\" target=\"_blank\">January 5, 2026<\/a> <\/p>\n<p class=\"wp-block-paragraph\">Kourouma hob hervor, dass die Betonung von Frauen und Jugendlichen den gesellschaftlichen Realit\u00e4ten des Landes entspreche. Seine Partei sei bereit, im Rahmen der Republik mit den neuen Institutionen zusammenzuarbeiten.<\/p>\n<p>Wirtschaftliche Erwartungen und Schwerpunkt Simandou<\/p>\n<p class=\"wp-block-paragraph\">Vertreter der Wirtschaft \u00e4u\u00dferten sich ebenfalls zur Amtseinf\u00fchrung. Der Unternehmer\u00a0Mamadou Saliou Diallo, Gesch\u00e4ftsf\u00fchrer des Bauunternehmens SADCOD, verwies auf die Bedeutung langfristiger Entwicklungsprojekte. Er nannte insbesondere das Programm Simandou 2040, das auf die Nutzung der Bergbauressourcen Guineas zur F\u00f6rderung von Besch\u00e4ftigung, lokaler Wertsch\u00f6pfung und wirtschaftlicher Transformation abzielt.<\/p>\n<p>Internationale Reaktionen und Rolle der USA<\/p>\n<p class=\"wp-block-paragraph\">Auch international wurde die Vereidigung aufmerksam verfolgt. Die Vereinigten Staaten <a href=\"https:\/\/www.guinee360.com\/17\/01\/2026\/cooperation-washington-tend-la-main-a-mamadi-doumbouya\/\" rel=\"nofollow noopener\" target=\"_blank\">entsandten einen hochrangigen Vertreter zur Zeremonie<\/a>. Das US-Au\u00dfenministerium erkl\u00e4rte, man wolle die bilateralen Beziehungen weiterentwickeln und die wirtschaftliche Zusammenarbeit ausbauen. In einer offiziellen Mitteilung gratulierte Washington dem Pr\u00e4sidenten und der Bev\u00f6lkerung Guineas zur Amtseinf\u00fchrung.<\/p>\n<p>Inhaltliche Schwerpunkte des neuen Pr\u00e4sidenten Doumbouya<\/p>\n<p class=\"wp-block-paragraph\">In seiner Ansprache nach der Vereidigung erkl\u00e4rte Pr\u00e4sident Doumbouya, er wolle sich den bestehenden Herausforderungen der Regierungsf\u00fchrung widmen und die Erwartungen der Bev\u00f6lkerung erf\u00fcllen. Er betonte die Unteilbarkeit des Landes und stellte die nationale Einheit als zentrale Grundlage politischen Handelns heraus.<\/p>\n<p class=\"wp-block-paragraph\">Dar\u00fcber hinaus verwies er auf die Bedeutung einer aktiven B\u00fcrgerbeteiligung sowie auf Investitionen in Bildung und Ausbildung. Die Nutzung der nat\u00fcrlichen Ressourcen solle st\u00e4rker auf nationale Entwicklung ausgerichtet werden, insbesondere durch die lokale Weiterverarbeitung.<\/p>\n<p>Politischer Rahmen der 5. Republik<br \/>\n<img data-od-replaced- data-od-xpath=\"\/HTML\/BODY\/DIV[@id='page']\/*[1][self::DIV]\/*[3][self::MAIN]\/*[1][self::DIV]\/*[1][self::DIV]\/*[1][self::DIV]\/*[1][self::DIV]\/*[3][self::DIV]\/*[1][self::DIV]\/*[2][self::DIV]\/*[1][self::DIV]\/*[22][self::DIV]\/*[1][self::FIGURE]\/*[1][self::IMG]\" loading=\"lazy\" decoding=\"async\" width=\"1024\" height=\"638\" src=\"https:\/\/www.europesays.com\/afrika\/wp-content\/uploads\/2026\/09\/G9QsH6fWgAAlmhT-2-1-1024x638-jpeg.webp\" alt=\"\" class=\"wp-image-23675 size-full\"  \/><\/p>\n<p class=\"wp-block-paragraph\">In den kommenden Monaten wird sich zeigen, wie die <a href=\"https:\/\/fokus-afrika.de\/partei-pag-aeussert-bedenken-ueber-die-neue-verfassung-guineas\/\" rel=\"nofollow noopener\" target=\"_blank\">angek\u00fcndigten politischen und wirtschaftlichen Priorit\u00e4ten umgesetzt werden<\/a> und welche Rolle die neuen Institutionen dabei einnehmen.<\/p>\n<p><img data-od-xpath=\"\/HTML\/BODY\/DIV[@id='page']\/*[1][self::DIV]\/*[3][self::MAIN]\/*[1][self::DIV]\/*[1][self::DIV]\/*[1][self::DIV]\/*[1][self::DIV]\/*[3][self::DIV]\/*[1][self::DIV]\/*[2][self::DIV]\/*[1][self::DIV]\/*[24][self::IMG]\" loading=\"lazy\" decoding=\"async\" id=\"metis-img-pixel\" src=\"https:\/\/www.europesays.com\/afrika\/wp-content\/uploads\/2026\/09\/478811667a4d4e46957d3ad88930df86.gif\" width=\"1\" height=\"1\" alt=\"\"\/><\/p>\n<p><script async src=\"https:\/\/platform.twitter.com\/widgets.js\" charset=\"utf-8\"><\/script><\/p>\n","protected":false},"excerpt":{"rendered":"In Guinea ist Mamadi Doumbouya am Samstag offiziell als Pr\u00e4sident der Republik vereidigt worden. Mit der Zeremonie im&hellip;\n","protected":false},"author":2,"featured_media":50332,"comment_status":"","ping_status":"","sticky":false,"template":"","format":"standard","meta":{"footnotes":"","_share_on_mastodon":"0"},"categories":[238],"tags":[15310,14889,539,328,15081,4264,287],"class_list":["post-50331","post","type-post","status-publish","format-standard","has-post-thumbnail","category-guinea","tag-15310","tag-14889","tag-demokratie","tag-guinea","tag-parteien","tag-praesident","tag-usa"],"share_on_mastodon":{"url":"https:\/\/pubeurope.com\/@afrika\/117204210349804847","error":""},"_links":{"self":[{"href":"https:\/\/www.europesays.com\/afrika\/wp-json\/wp\/v2\/posts\/50331","targetHints":{"allow":["GET"]}}],"collection":[{"href":"https:\/\/www.europesays.com\/afrika\/wp-json\/wp\/v2\/posts"}],"about":[{"href":"https:\/\/www.europesays.com\/afrika\/wp-json\/wp\/v2\/types\/post"}],"author":[{"embeddable":true,"href":"https:\/\/www.europesays.com\/afrika\/wp-json\/wp\/v2\/users\/2"}],"replies":[{"embeddable":true,"href":"https:\/\/www.europesays.com\/afrika\/wp-json\/wp\/v2\/comments?post=50331"}],"version-history":[{"count":0,"href":"https:\/\/www.europesays.com\/afrika\/wp-json\/wp\/v2\/posts\/50331\/revisions"}],"wp:featuredmedia":[{"embeddable":true,"href":"https:\/\/www.europesays.com\/afrika\/wp-json\/wp\/v2\/media\/50332"}],"wp:attachment":[{"href":"https:\/\/www.europesays.com\/afrika\/wp-json\/wp\/v2\/media?parent=50331"}],"wp:term":[{"taxonomy":"category","embeddable":true,"href":"https:\/\/www.europesays.com\/afrika\/wp-json\/wp\/v2\/categories?post=50331"},{"taxonomy":"post_tag","embeddable":true,"href":"https:\/\/www.europesays.com\/afrika\/wp-json\/wp\/v2\/tags?post=50331"}],"curies":[{"name":"wp","href":"https:\/\/api.w.org\/{rel}","templated":true}]}}