{"id":50335,"date":"2026-09-03T00:26:16","date_gmt":"2026-09-03T00:26:16","guid":{"rendered":"https:\/\/www.europesays.com\/afrika\/50335\/"},"modified":"2026-09-03T00:26:16","modified_gmt":"2026-09-03T00:26:16","slug":"fussball-wm-cacau-ueber-die-elfenbeinkueste-sie-werden-sich-opfern","status":"publish","type":"post","link":"https:\/\/www.europesays.com\/afrika\/50335\/","title":{"rendered":"Fu\u00dfball-WM: Cacau \u00fcber die Elfenbeink\u00fcste: &#8222;Sie werden sich opfern&#8220;"},"content":{"rendered":"<p>            <img loading=\"lazy\" decoding=\"async\" class=\"ts-image\" src=\"https:\/\/www.europesays.com\/afrika\/wp-content\/uploads\/2026\/09\/swr-56354.jpg\" alt=\"Cacau\" title=\"Cacau | IMAGO, IMAGO \/ Eibner\"\/><\/p>\n<p class=\"metatextline\">Stand: 20.06.2026 \u2022 10:31 Uhr<\/p>\n<p class=\"article-head__shorttext\">\n        Am Samstagabend trifft die Deutsche Nationalelf im zweiten Gruppenspiel auf die Elfenbeink\u00fcste. Ex-Nationalspieler Cacau warnt vor einem Gegner, der nicht zu untersch\u00e4tzen ist.\n    <\/p>\n<p class=\"textabsatz m-ten m-offset-one l-eight l-offset-two columns twelve\">&#8222;Es ist eine Mannschaft, die vor allem offensiv sehr starke, schnelle, dribbelstarke Spieler hat&#8220;, erkl\u00e4rte Cacau am Freitagabend in der SWR Landesschau. Nach dem 7:1-Sieg zum Auftakt gegen Cura\u00e7ao scheint die deutsche Mannschaft bereits voll im Turniermodus zu sein. Die Erwartungen sind hoch, auch gegen das starke Team von der Elfenbeink\u00fcste. Dennoch warnt Cacau: &#8222;Sie werden sich auch defensiv opfern, um dann ihre Chancen nach vorne zu bekommen. Es ist eine Mannschaft, die nicht zu untersch\u00e4tzen ist.&#8220;<\/p>\n<p class=\"textabsatz m-ten m-offset-one l-eight l-offset-two columns twelve\">Selbst hat der 45-J\u00e4hrige seine Fu\u00dfballschuhe l\u00e4ngst an den Nagel geh\u00e4ngt. Heute lebt der WM-Torsch\u00fctze von 2010 im beschaulichen Korb am Neckar im Remstal. Es komme immer wieder vor, dass er in der Nachbarschaft nach seiner Meinung gefragt werde, erz\u00e4hlt er. &#8222;Die Leute wollen dann wissen, wie das Spiel ausgehen wird, wie die Stimmung ist. Da redet man gerne mit den Leuten&#8220;, so Cacau, der in seiner Karriere 80 Tore f\u00fcr den VfB Stuttgart erzielte. Eine Marke, f\u00fcr die der aktuelle VfB-Goalgetter Deniz Undav noch eine ganze Weile brauchen wird.<\/p>\n<p class=\"textabsatz m-ten m-offset-one l-eight l-offset-two columns twelve\">Im Hinblick auf Undav erkennt Cacau einige Parallelen zu sich selbst. Auch er sei damals in einer guten Phase von der Auswechselbank gekommen. Im ersten WM-Gruppenspiel 2010 gegen Australien traf Cacau als Einwechselspieler &#8211; wie auch Undav im ersten Spiel 2026. &#8222;Nur der Umgang vom Bundestrainer war ein anderer&#8220;, sagt Cacau l\u00e4chelnd. Aber das sei ja l\u00e4ngst abgearbeitet, so der Deutsch-Brasilianer.<\/p>\n<p>                                        <a class=\"backlink__link\" href=\"https:\/\/www.swr.de\/sport\/fussball\/cacau-elfenbeinkueste-nationalmannschaft-undav-wm-100.html\" rel=\"nofollow noopener\" target=\"_blank\"><\/p>\n<p>                                                <img decoding=\"async\" src=\"https:\/\/images.sportschau.de\/image\/d14251d0-d158-4797-a47c-e97e1e58a56b\/AAABlap_vas\/AAABnR8VW9w\/original\/lra-swr-logo-100.svg\" alt=\"S\u00fcdwestrundfunk\"\/><\/p>\n<p>                                        <\/a><\/p>\n","protected":false},"excerpt":{"rendered":"Stand: 20.06.2026 \u2022 10:31 Uhr Am Samstagabend trifft die Deutsche Nationalelf im zweiten Gruppenspiel auf die Elfenbeink\u00fcste. Ex-Nationalspieler&hellip;\n","protected":false},"author":2,"featured_media":50336,"comment_status":"","ping_status":"","sticky":false,"template":"","format":"standard","meta":{"footnotes":"","_share_on_mastodon":"0"},"categories":[14],"tags":[125,124,152,126,412,7514],"class_list":["post-50335","post","type-post","status-publish","format-standard","has-post-thumbnail","category-elfenbeinkueste","tag-cote-divoire","tag-elfenbeinkueste","tag-fussball","tag-ivory-coast","tag-sport","tag-swr"],"share_on_mastodon":{"url":"https:\/\/pubeurope.com\/@afrika\/117204273292281814","error":""},"_links":{"self":[{"href":"https:\/\/www.europesays.com\/afrika\/wp-json\/wp\/v2\/posts\/50335","targetHints":{"allow":["GET"]}}],"collection":[{"href":"https:\/\/www.europesays.com\/afrika\/wp-json\/wp\/v2\/posts"}],"about":[{"href":"https:\/\/www.europesays.com\/afrika\/wp-json\/wp\/v2\/types\/post"}],"author":[{"embeddable":true,"href":"https:\/\/www.europesays.com\/afrika\/wp-json\/wp\/v2\/users\/2"}],"replies":[{"embeddable":true,"href":"https:\/\/www.europesays.com\/afrika\/wp-json\/wp\/v2\/comments?post=50335"}],"version-history":[{"count":0,"href":"https:\/\/www.europesays.com\/afrika\/wp-json\/wp\/v2\/posts\/50335\/revisions"}],"wp:featuredmedia":[{"embeddable":true,"href":"https:\/\/www.europesays.com\/afrika\/wp-json\/wp\/v2\/media\/50336"}],"wp:attachment":[{"href":"https:\/\/www.europesays.com\/afrika\/wp-json\/wp\/v2\/media?parent=50335"}],"wp:term":[{"taxonomy":"category","embeddable":true,"href":"https:\/\/www.europesays.com\/afrika\/wp-json\/wp\/v2\/categories?post=50335"},{"taxonomy":"post_tag","embeddable":true,"href":"https:\/\/www.europesays.com\/afrika\/wp-json\/wp\/v2\/tags?post=50335"}],"curies":[{"name":"wp","href":"https:\/\/api.w.org\/{rel}","templated":true}]}}