{"id":50361,"date":"2026-09-03T01:38:26","date_gmt":"2026-09-03T01:38:26","guid":{"rendered":"https:\/\/www.europesays.com\/afrika\/50361\/"},"modified":"2026-09-03T01:38:26","modified_gmt":"2026-09-03T01:38:26","slug":"jeremy-oyono-spielerprofil-26-27","status":"publish","type":"post","link":"https:\/\/www.europesays.com\/afrika\/50361\/","title":{"rendered":"J\u00e9r\u00e9my Oyono &#8211; Spielerprofil 26\/27"},"content":{"rendered":"<p>J\u00e9r\u00e9my Oyono &#8211; Spielerprofil 26\/27 | Transfermarkt<\/p>\n<p>                                    <a href=\"https:\/\/www.transfermarkt.de\/\" class=\"main-navbar__lp-link \" onclick=\"tmEvent(&#039;hauptnavi&#039;, \" https:=\"\" rel=\"nofollow noopener\" target=\"_blank\"><br \/>\n                        News                    <\/a><br \/>\n                                    <a href=\"https:\/\/www.transfermarkt.de\/navigation\/transfersundgeruechte\" class=\"main-navbar__lp-link \" onclick=\"tmEvent(&#039;hauptnavi&#039;, \" https:=\"\" ger=\"\" rel=\"nofollow noopener\" target=\"_blank\"><br \/>\n                        Transfers &amp; Ger\u00fcchte                    <\/a><br \/>\n                                    <a href=\"https:\/\/www.transfermarkt.de\/navigation\/marktwerte\" class=\"main-navbar__lp-link \" onclick=\"tmEvent(&#039;hauptnavi&#039;, \" https:=\"\" rel=\"nofollow noopener\" target=\"_blank\"><br \/>\n                        Marktwerte                    <\/a><br \/>\n                                    <a href=\"https:\/\/www.transfermarkt.de\/navigation\/wettbewerbe\" class=\"main-navbar__lp-link \" onclick=\"tmEvent(&#039;hauptnavi&#039;, \" https:=\"\" rel=\"nofollow noopener\" target=\"_blank\"><br \/>\n                        Wettbewerbe                    <\/a><br \/>\n                                    <a href=\"https:\/\/www.transfermarkt.de\/navigation\/statistiken\" class=\"main-navbar__lp-link \" onclick=\"tmEvent(&#039;hauptnavi&#039;, \" https:=\"\" rel=\"nofollow noopener\" target=\"_blank\"><br \/>\n                        Statistiken                    <\/a><br \/>\n                                    <a href=\"https:\/\/www.transfermarkt.de\/navigation\/community\" class=\"main-navbar__lp-link \" onclick=\"tmEvent(&#039;hauptnavi&#039;, \" https:=\"\" rel=\"nofollow noopener\" target=\"_blank\"><br \/>\n                        Community                    <\/a><br \/>\n                                    <a href=\"https:\/\/www.transfermarkt.de\/navigation\/gaming\" class=\"main-navbar__lp-link \" onclick=\"tmEvent(&#039;hauptnavi&#039;, \" https:=\"\" rel=\"nofollow noopener\" target=\"_blank\"><br \/>\n                        Gaming                    <\/a><\/p>\n<p>                                    Empfehlungen<\/p>\n<p>                                    F\u00fcr Spielerberater<\/p>\n<p>                                    F\u00fcr Spielerberater<\/p>\n<p>                                        <img decoding=\"async\" src=\"https:\/\/www.europesays.com\/afrika\/wp-content\/uploads\/2026\/09\/917376-1724692616.jpg\" alt=\"J\u00e9r\u00e9my Oyono\" title=\"J\u00e9r\u00e9my Oyono\" data-custom-close=\"\" loading=\"lazy\"\/><\/p>\n<p><a href=\"https:\/\/www.transfermarkt.de\/statistik\/neuestetransfers\" target=\"1\" class=\"db mt10\" onclick=\"tmEvent(&#039;banner&#039;, &#039;https:\/\/www.transfermarkt.de\/statistik\/neuestetransfers&#039;, &#039;d-day-banner&#039;);\" rel=\"nofollow noopener\"><br \/>\n    <img decoding=\"async\" loading=\"lazy\" src=\"https:\/\/www.europesays.com\/afrika\/wp-content\/uploads\/2026\/09\/latest-transfers-de-banner-desktop-1.png\" width=\"1034\" height=\"99\" alt=\"deadline-day banner\"\/><br \/>\n<\/a><\/p>\n<p>    Spielerdaten<\/p>\n<p>                        Detailposition                    <\/p>\n<p>                                        Hauptposition:<br \/>\n                                        Rechter Verteidiger<\/p>\n<p>                                        Nebenposition:<br \/>\n                                                                                    Rechtes Mittelfeld<\/p>\n<p>                Daten und Fakten            <\/p>\n<p>                                    Name im Heimatland:<br \/>\n                    J\u00e9r\u00e9my Oyono Omva Torque<br \/>\n                                    Geb.\/Alter:<\/p>\n<p>                                                    <a href=\"https:\/\/www.transfermarkt.de\/aktuell\/waspassiertheute\/aktuell\/new\/datum\/2001-04-12\" rel=\"nofollow noopener\" target=\"_blank\">12.04.2001 (25)<\/a>                        <\/p>\n<p>                                    Geburtsort:<\/p>\n<p>                         Lille\u00a0\u00a0<img decoding=\"async\" src=\"https:\/\/www.europesays.com\/afrika\/wp-content\/uploads\/2026\/08\/50.png\" title=\"Frankreich\" alt=\"Frankreich\" class=\"flaggenrahmen lazy lazy\"\/><br \/>\n                                                                                                        Gr\u00f6\u00dfe:<br \/>\n                    1,78\u00a0m<br \/>\n                                    Staatsb\u00fcrgerschaft:<\/p>\n<p>                        <img decoding=\"async\" src=\"https:\/\/www.europesays.com\/afrika\/wp-content\/uploads\/2026\/08\/51.png\" title=\"Gabun\" alt=\"Gabun\" class=\"flaggenrahmen\"\/>\u00a0\u00a0Gabun<br \/><img decoding=\"async\" src=\"https:\/\/www.europesays.com\/afrika\/wp-content\/uploads\/2026\/08\/50.png\" title=\"Frankreich\" alt=\"Frankreich\" class=\"flaggenrahmen\"\/>\u00a0\u00a0Frankreich<br \/>\n                                Position:<\/p>\n<p>                    Abwehr &#8211; Rechter Verteidiger<br \/>\n                                    Fu\u00df:<br \/>\n                    rechts<br \/>\n                                                    Spielerberater:<\/p>\n<p>                                                    <a onclick=\"tmEvent(&quot;spielerprofil&quot;, &quot;click&quot;, &quot;berater-spielerdaten&quot;)\" href=\"https:\/\/www.transfermarkt.de\/fk-sport-management-srl\/beraterfirma\/berater\/1697\" rel=\"nofollow noopener\" target=\"_blank\">FK Sport Management &#8230;<\/a>                                                                        <\/p>\n<p>                    Aktueller Verein:<\/p>\n<p>                    <a href=\"https:\/\/www.transfermarkt.de\/spezia-calcio\/startseite\/verein\/3522\" rel=\"nofollow noopener\" target=\"_blank\"><br \/>\n                        <img  alt=\"Spezia Calcio\" height=\"15\" width=\"15\"\/><br \/>\n                    <\/a><br \/>\n                    <a title=\"Spezia Calcio\" href=\"https:\/\/www.transfermarkt.de\/spezia-calcio\/startseite\/verein\/3522\" rel=\"nofollow noopener\" target=\"_blank\">Spezia Calcio<\/a>                <\/p>\n<p>                                            Im Team seit:<\/p>\n<p>                            25.08.2026<br \/>\n                        Vertrag bis:<br \/>\n                        30.06.2027<\/p>\n<p>                                            Vertragsoption:<br \/>\n                        Kaufpflicht mit Bedingungen<br \/>\n                                                        Ausgeliehen von:<br \/>\n                    <a title=\"Frosinone Calcio\" href=\"https:\/\/www.transfermarkt.de\/frosinone-calcio\/startseite\/verein\/8970\" rel=\"nofollow noopener\" target=\"_blank\">Frosinone Calcio<\/a><br \/>\n                    Vertrag dort bis:<br \/>\n                    &#8211;<\/p>\n<p>\n        Transfermarkt Videos    <\/p>\n<p>        Jugendvereine<\/p>\n<p>\n            US Ascq (-2013)\n        <\/p>\n<p class=\"fav-voting__question fav-voting__question--text-favorite\">\n                    Welcher dieser Spieler <br \/>ist dir lieber?                <\/p>\n<p>Widerruf Tracking &amp; Cookies<\/p>\n<p class=\"tm-modal__text\">Du hast erfolgreich deine Einwilligung in die Nutzung unseres Angebots mit Tracking und Cookies widerrufen. Damit entfallen alle Einwilligungen, die du zuvor \u00fcber den (Cookie-) Einwilligungsbanner bzw. \u00fcber den Privacy-Manager erteilt hast. Du kannst dich jetzt erneut zwischen dem Pur-Abo und der Nutzung mit Tracking und Cookies entscheiden. Bitte beachte, dass dieser Widerruf aus technischen Gr\u00fcnden keine Wirksamkeit f\u00fcr sonstige Einwilligungen (z.B. in den Empfang von Newslettern) entfalten kann. Bitte wende dich diesbez\u00fcglich an datenschutz@transfermarkt.de.<\/p>\n","protected":false},"excerpt":{"rendered":"J\u00e9r\u00e9my Oyono &#8211; Spielerprofil 26\/27 | Transfermarkt News Transfers &amp; Ger\u00fcchte Marktwerte Wettbewerbe Statistiken Community Gaming Empfehlungen F\u00fcr&hellip;\n","protected":false},"author":2,"featured_media":50307,"comment_status":"","ping_status":"","sticky":false,"template":"","format":"standard","meta":{"footnotes":"","_share_on_mastodon":"0"},"categories":[241],"tags":[362,361,2046,7856,19280],"class_list":["post-50361","post","type-post","status-publish","format-standard","has-post-thumbnail","category-gabun","tag-gabon","tag-gabun","tag-jeremy-oyono","tag-serie-c-b","tag-spezia-calcio"],"share_on_mastodon":{"url":"https:\/\/pubeurope.com\/@afrika\/117204556441822545","error":""},"_links":{"self":[{"href":"https:\/\/www.europesays.com\/afrika\/wp-json\/wp\/v2\/posts\/50361","targetHints":{"allow":["GET"]}}],"collection":[{"href":"https:\/\/www.europesays.com\/afrika\/wp-json\/wp\/v2\/posts"}],"about":[{"href":"https:\/\/www.europesays.com\/afrika\/wp-json\/wp\/v2\/types\/post"}],"author":[{"embeddable":true,"href":"https:\/\/www.europesays.com\/afrika\/wp-json\/wp\/v2\/users\/2"}],"replies":[{"embeddable":true,"href":"https:\/\/www.europesays.com\/afrika\/wp-json\/wp\/v2\/comments?post=50361"}],"version-history":[{"count":0,"href":"https:\/\/www.europesays.com\/afrika\/wp-json\/wp\/v2\/posts\/50361\/revisions"}],"wp:featuredmedia":[{"embeddable":true,"href":"https:\/\/www.europesays.com\/afrika\/wp-json\/wp\/v2\/media\/50307"}],"wp:attachment":[{"href":"https:\/\/www.europesays.com\/afrika\/wp-json\/wp\/v2\/media?parent=50361"}],"wp:term":[{"taxonomy":"category","embeddable":true,"href":"https:\/\/www.europesays.com\/afrika\/wp-json\/wp\/v2\/categories?post=50361"},{"taxonomy":"post_tag","embeddable":true,"href":"https:\/\/www.europesays.com\/afrika\/wp-json\/wp\/v2\/tags?post=50361"}],"curies":[{"name":"wp","href":"https:\/\/api.w.org\/{rel}","templated":true}]}}