{"id":50385,"date":"2026-09-03T02:37:20","date_gmt":"2026-09-03T02:37:20","guid":{"rendered":"https:\/\/www.europesays.com\/afrika\/50385\/"},"modified":"2026-09-03T02:37:20","modified_gmt":"2026-09-03T02:37:20","slug":"demokratische-republik-kongo-kader-im-detail-2010-galerie-seite-42","status":"publish","type":"post","link":"https:\/\/www.europesays.com\/afrika\/50385\/","title":{"rendered":"Demokratische Republik Kongo &#8211; Kader im Detail 2010 (Galerie) | Seite 42"},"content":{"rendered":"<p>Demokratische Republik Kongo &#8211; Kader im Detail 2010 (Galerie) | Seite 42 | Transfermarkt<\/p>\n<p>                                    <a href=\"https:\/\/www.transfermarkt.at\/\" class=\"main-navbar__lp-link \" onclick=\"tmEvent(&#039;hauptnavi&#039;, \" https:=\"\" rel=\"nofollow noopener\" target=\"_blank\"><br \/>\n                        NEWS                    <\/a><br \/>\n                                    <a href=\"https:\/\/www.transfermarkt.at\/navigation\/transfersundgeruechte\" class=\"main-navbar__lp-link \" onclick=\"tmEvent(&#039;hauptnavi&#039;, \" https:=\"\" ger=\"\" rel=\"nofollow noopener\" target=\"_blank\"><br \/>\n                        TRANSFERS &amp; GER\u00dcCHTE                    <\/a><br \/>\n                                    <a href=\"https:\/\/www.transfermarkt.at\/navigation\/marktwerte\" class=\"main-navbar__lp-link \" onclick=\"tmEvent(&#039;hauptnavi&#039;, \" https:=\"\" rel=\"nofollow noopener\" target=\"_blank\"><br \/>\n                        MARKTWERTE                    <\/a><br \/>\n                                    <a href=\"https:\/\/www.transfermarkt.at\/navigation\/wettbewerbe\" class=\"main-navbar__lp-link \" onclick=\"tmEvent(&#039;hauptnavi&#039;, \" https:=\"\" rel=\"nofollow noopener\" target=\"_blank\"><br \/>\n                        WETTBEWERBE                    <\/a><br \/>\n                                    <a href=\"https:\/\/www.transfermarkt.at\/navigation\/statistiken\" class=\"main-navbar__lp-link \" onclick=\"tmEvent(&#039;hauptnavi&#039;, \" https:=\"\" rel=\"nofollow noopener\" target=\"_blank\"><br \/>\n                        STATISTIKEN                    <\/a><br \/>\n                                    <a href=\"https:\/\/www.transfermarkt.at\/navigation\/community\" class=\"main-navbar__lp-link \" onclick=\"tmEvent(&#039;hauptnavi&#039;, \" https:=\"\" rel=\"nofollow noopener\" target=\"_blank\"><br \/>\n                        COMMUNITY                    <\/a><br \/>\n                                    <a href=\"https:\/\/www.transfermarkt.at\/navigation\/gaming\" class=\"main-navbar__lp-link \" onclick=\"tmEvent(&#039;hauptnavi&#039;, \" https:=\"\" rel=\"nofollow noopener\" target=\"_blank\"><br \/>\n                        GAMING                    <\/a><\/p>\n<p>                                    Empfehlungen<\/p>\n<p>                                    F\u00fcr Spielerberater<\/p>\n<p>                                    F\u00fcr Spielerberater<\/p>\n<p><a href=\"https:\/\/www.transfermarkt.at\/bundesliga\/letztetransfers\/wettbewerb\/A1\" target=\"0\" class=\"db mt10\" onclick=\"tmEvent(&#039;banner&#039;, &#039;https:\/\/www.transfermarkt.at\/bundesliga\/letztetransfers\/wettbewerb\/A1&#039;, &#039;d-day-banner&#039;);\" rel=\"nofollow noopener\"><br \/>\n    <img decoding=\"async\" loading=\"lazy\" src=\"https:\/\/www.europesays.com\/afrika\/wp-content\/uploads\/2026\/09\/bannerdeadl.png\" width=\"1034\" height=\"99\" alt=\"deadline-day banner\"\/><br \/>\n<\/a><\/p>\n<p>            Kader Demokratische Republik Kongo<br \/>\n             &#8211; Saison 10\/11        <\/p>\n<p class=\"info-content\">\n                    Diese Seite enth\u00e4lt die detaillierte Kader-\u00dcbersicht eines Vereins. Alle Spieler der jeweiligen Mannschaften werden mit ihrem Alter, der Nationalit\u00e4t, der Vertragslaufzeit sowie dem Marktwert angezeigt. Zus\u00e4tzlich wird in einer Tabelle das Durchschnittsalter, der kumulierte Marktwert sowie der Durchschnittsmarktwert der jeweiligen Spieler-Positionen und gesamt angegeben.                <\/p>\n<p>                    <img decoding=\"async\" src=\"https:\/\/www.europesays.com\/afrika\/wp-content\/uploads\/2026\/04\/galerie_bg.jpg\" alt=\"Fallback\" title=\"Fallback\" class=\"galerie-bild\"\/><br \/>\n            <img decoding=\"async\" src=\"https:\/\/www.europesays.com\/afrika\/wp-content\/uploads\/2026\/09\/3854.png\" title=\"Demokratische Republik Kongo\" alt=\"Demokratische Republik Kongo\" class=\"\"\/><img decoding=\"async\" src=\"https:\/\/www.europesays.com\/afrika\/wp-content\/uploads\/2026\/09\/s_62179_3854_2012_2.jpg\" title=\"Tr\u00e9sor Mputu\" alt=\"Tr\u00e9sor Mputu\" class=\"galerie-bild-fallback\"\/><\/p>\n<p>www.tpmazembe.com<\/p>\n<p>Marktwert<\/p>\n<p>&#8211;<\/p>\n<p>        <a href=\"https:\/\/www.transfermarkt.at\/demokratische-republik-kongo\/kader\/verein\/3854\/saison_id\/2010\/plus\/0\/galerie\/1\/page\/41\" class=\"galerie-prev\" rel=\"nofollow noopener\" target=\"_blank\"><br \/>\n        <a href=\"https:\/\/www.transfermarkt.at\/demokratische-republik-kongo\/kader\/verein\/3854\/saison_id\/2010\/plus\/0\/galerie\/1\/page\/43\" class=\"galerie-next\" rel=\"nofollow noopener\" target=\"_blank\"><\/p>\n<p>SpielerGeb.\/AlterVereinGr\u00f6\u00dfeFu\u00dfL\u00e4nderspieleToreDeb\u00fct<a class=\"sort-link desc\" href=\"https:\/\/www.transfermarkt.at\/demokratische-republik-kongo\/kader\/verein\/3854\/saison_id\/2010\/plus\/0\/galerie\/1\/page\/42\/sort\/marketValueRaw\" rel=\"nofollow noopener\" target=\"_blank\">Marktwert<\/a><\/p>\n<p>10.12.1985 (25)<img decoding=\"async\" src=\"https:\/\/www.europesays.com\/afrika\/wp-content\/uploads\/2026\/08\/1787145973_17_123.png\" title=\"Karriereende\" alt=\"Karriereende\" class=\"\"\/>1,72mrechts531405.09.2004-<\/p>\n<p>8<\/p>\n<p>Widerruf Tracking &amp; Cookies<\/p>\n<p class=\"tm-modal__text\">Du hast erfolgreich deine Einwilligung in die Nutzung unseres Angebots mit Tracking und Cookies widerrufen. Damit entfallen alle Einwilligungen, die du zuvor \u00fcber den (Cookie-) Einwilligungsbanner bzw. \u00fcber den Privacy-Manager erteilt hast. Du kannst dich jetzt erneut zwischen dem Pur-Abo und der Nutzung mit Tracking und Cookies entscheiden. Bitte beachte, dass dieser Widerruf aus technischen Gr\u00fcnden keine Wirksamkeit f\u00fcr sonstige Einwilligungen (z.B. in den Empfang von Newslettern) entfalten kann. Bitte wende dich diesbez\u00fcglich an datenschutz@transfermarkt.de.<\/p>\n","protected":false},"excerpt":{"rendered":"Demokratische Republik Kongo &#8211; Kader im Detail 2010 (Galerie) | Seite 42 | Transfermarkt NEWS TRANSFERS &amp; GER\u00dcCHTE&hellip;\n","protected":false},"author":2,"featured_media":50155,"comment_status":"","ping_status":"","sticky":false,"template":"","format":"standard","meta":{"footnotes":"","_share_on_mastodon":"0"},"categories":[17],"tags":[192,194,190,188,193,191,462,461,189],"class_list":["post-50385","post","type-post","status-publish","format-standard","has-post-thumbnail","category-demokratische-republik-kongo","tag-dem-rep-kongo","tag-democratic-republic-of-the-congo","tag-demokratische-republik","tag-demokratische-republik-kongo","tag-dr-congo","tag-dr-kongo","tag-drc","tag-drk","tag-kongo"],"share_on_mastodon":{"url":"https:\/\/pubeurope.com\/@afrika\/117204788382968612","error":""},"_links":{"self":[{"href":"https:\/\/www.europesays.com\/afrika\/wp-json\/wp\/v2\/posts\/50385","targetHints":{"allow":["GET"]}}],"collection":[{"href":"https:\/\/www.europesays.com\/afrika\/wp-json\/wp\/v2\/posts"}],"about":[{"href":"https:\/\/www.europesays.com\/afrika\/wp-json\/wp\/v2\/types\/post"}],"author":[{"embeddable":true,"href":"https:\/\/www.europesays.com\/afrika\/wp-json\/wp\/v2\/users\/2"}],"replies":[{"embeddable":true,"href":"https:\/\/www.europesays.com\/afrika\/wp-json\/wp\/v2\/comments?post=50385"}],"version-history":[{"count":0,"href":"https:\/\/www.europesays.com\/afrika\/wp-json\/wp\/v2\/posts\/50385\/revisions"}],"wp:featuredmedia":[{"embeddable":true,"href":"https:\/\/www.europesays.com\/afrika\/wp-json\/wp\/v2\/media\/50155"}],"wp:attachment":[{"href":"https:\/\/www.europesays.com\/afrika\/wp-json\/wp\/v2\/media?parent=50385"}],"wp:term":[{"taxonomy":"category","embeddable":true,"href":"https:\/\/www.europesays.com\/afrika\/wp-json\/wp\/v2\/categories?post=50385"},{"taxonomy":"post_tag","embeddable":true,"href":"https:\/\/www.europesays.com\/afrika\/wp-json\/wp\/v2\/tags?post=50385"}],"curies":[{"name":"wp","href":"https:\/\/api.w.org\/{rel}","templated":true}]}}