{"id":50388,"date":"2026-09-03T02:43:24","date_gmt":"2026-09-03T02:43:24","guid":{"rendered":"https:\/\/www.europesays.com\/afrika\/50388\/"},"modified":"2026-09-03T02:43:24","modified_gmt":"2026-09-03T02:43:24","slug":"vietnam-und-die-elfenbeinkueste-streben-ein-bilaterales-handelsvolumen-von-3-bis-5-milliarden-us-dollar-an-2","status":"publish","type":"post","link":"https:\/\/www.europesays.com\/afrika\/50388\/","title":{"rendered":"Vietnam und die Elfenbeink\u00fcste streben ein bilaterales Handelsvolumen von 3 bis 5 Milliarden US-Dollar an."},"content":{"rendered":"<p> W\u00e4hrend der Gespr\u00e4che zeigte sich der Vorsitzende der Nationalversammlung, <a class=\"data-link\" data-org-href=\"https:\/\/www.vietnam.vn\/de\/tag\/tran-thanh-man\" href=\"https:\/\/www.vietnam.vn\/de\/tag\/tran-thanh-man\" title=\"Tran Thanh Man\" target=\"_blank\" rel=\"nofollow noopener\">Tran Thanh Man,<\/a> erfreut \u00fcber die positiven Fortschritte in der bilateralen Zusammenarbeit in j\u00fcngster Zeit, die dazu f\u00fchren, dass die Elfenbeink\u00fcste bis 2025 zu Vietnams gr\u00f6\u00dftem Handelspartner in Afrika wird, mit einem Handelsvolumen von fast 2 Milliarden US-Dollar.<\/p>\n<p> Der Vorsitzende <a class=\"data-link\" data-org-href=\"https:\/\/www.vietnam.vn\/de\/tag\/quoc-hoi\" href=\"https:\/\/www.vietnam.vn\/de\/tag\/quoc-hoi\" title=\"Nationalversammlung\" target=\"_blank\" rel=\"nofollow noopener\">der Nationalversammlung,<\/a> Tran Thanh Man, betonte die Rolle der beiden gesetzgebenden K\u00f6rperschaften bei der Schaffung eines g\u00fcnstigen Umfelds f\u00fcr die Entwicklung und schlug vor, dass beide Seiten die Koordinierung bei der F\u00f6rderung und \u00dcberwachung der Verhandlungen, Unterzeichnung und Umsetzung grundlegender Dokumente und Abkommen wie des Rahmenabkommens \u00fcber die Zusammenarbeit zwischen den beiden Regierungen, des Abkommens zur Vermeidung der Doppelbesteuerung und des Abkommens zur F\u00f6rderung und zum Schutz von Investitionen verst\u00e4rken sollten. <\/p>\n<p><img decoding=\"async\" fetchpriority=\"high\" data-author=\"\" src=\"https:\/\/www.europesays.com\/afrika\/wp-content\/uploads\/2026\/08\/1787528130488_4-4a-1787497676968436139579.jpeg\" id=\"img_241102179334189056\" w=\"1732\" h=\"1155\" alt=\"Vietnam und die Elfenbeink\u00fcste streben einen bilateralen Handel von 3-5 Milliarden US-Dollar an - Foto 1.\" rel=\"lightbox\" photoid=\"241102179334189056\" data-original=\"https:\/\/images2.thanhnien.vn\/528068263637045248\/2026\/8\/23\/4-4a-1787497676968436139579.jpg\" type=\"photo\" style=\"max-width:100%;;cursor:pointer\" width=\"1732\" height=\"1155\" data-nosnippet=\"\" \/><\/p>\n<p data-placeholder=\"Nh\u1eadp ch\u00fa th\u00edch \u1ea3nh\"> <a class=\"data-link\" data-org-href=\"https:\/\/www.vietnam.vn\/de\/tag\/chu-tich-quoc-hoi\" href=\"https:\/\/www.vietnam.vn\/de\/tag\/chu-tich-quoc-hoi\" title=\"Sprecher der Nationalversammlung\" target=\"_blank\" rel=\"nofollow noopener\">Der Vorsitzende der Nationalversammlung,<\/a> Tran Thanh Man, und der Vorsitzende der Nationalversammlung der Elfenbeink\u00fcste, Patrick Achi, besuchten die Dien Hong Halle im Geb\u00e4ude der Nationalversammlung.<\/p>\n<p>Das k\u00f6nnte Sie interessieren<\/p>\n<p> Der Sprecher der ivorischen Nationalversammlung \u00e4u\u00dferte unterdessen den Wunsch, dass die vietnamesische Nationalversammlung ihre Erfahrungen in den Bereichen Gesetzgebung, Unterst\u00fctzung der wirtschaftlichen Entwicklung, insbesondere in den Bereichen Landwirtschaft und Fischerei, technische und berufliche Ausbildung, \u00f6ffentliches Finanzmanagement, Innovation und Parlamentsreform, einbringen solle.<\/p>\n<p> Beide Seiten vereinbarten, den Informationsaustausch zu intensivieren und neue Richtlinien und Vorschriften, insbesondere im Bereich Import und Export sowie der Anwerbung ausl\u00e4ndischer Investitionen, umgehend auszutauschen. Der Vorsitzende der Nationalversammlung, Tran Thanh Man, \u00e4u\u00dferte die Hoffnung, dass die Nationalversammlungen beider L\u00e4nder den Aufbau eines transparenten und stabilen Gesch\u00e4ftsumfelds f\u00f6rdern, g\u00fcnstige Bedingungen f\u00fcr den bilateralen Handel schaffen, die Import- und Exportg\u00fcter diversifizieren und in naher Zukunft ein bilaterales Handelsvolumen von \u00fcber 3 bis 5 Milliarden US-Dollar anstreben w\u00fcrden.<\/p>\n<p> Hinsichtlich der multilateralen Zusammenarbeit bekr\u00e4ftigten die beiden Staatschefs, dass beide L\u00e4nder die Konsultationen intensivieren und ihre guten Beziehungen und wertvolle Unterst\u00fctzung in internationalen Foren, insbesondere in multilateralen parlamentarischen Foren wie der Interparlamentarischen Union (IPU) und der Parlamentarischen Versammlung der Frankophonie (APF), fortsetzen werden. Bez\u00fcglich der Verbindungen zu regionalen Organisationen \u00e4u\u00dferte der Vorsitzende der Nationalversammlung, Tran Thanh Man, die Hoffnung, dass die Elfenbeink\u00fcste Vietnam bei der St\u00e4rkung der substanziellen Beziehungen zur Afrikanischen Union (AU) und zur Wirtschaftsgemeinschaft Westafrikanischer Staaten (ECOWAS) unterst\u00fctzen werde. Vietnam seinerseits ist bereit, als Br\u00fccke zwischen der Elfenbeink\u00fcste und der ASEAN sowie deren Mitgliedstaaten zu fungieren.<\/p>\n<p>Das k\u00f6nnte Sie interessieren<\/p>\n<p> Bei dieser Gelegenheit lud der Pr\u00e4sident der ivorischen Nationalversammlung seinen Kollegen Tran Thanh Man respektvoll zu einem Besuch in die Elfenbeink\u00fcste im Jahr 2027 ein. Begleitet werden soll er Minister, Leiter von Ministerien und Beh\u00f6rden sowie eine Delegation vietnamesischer Unternehmen, um konkrete Projekte der wirtschaftlichen Zusammenarbeit zwischen beiden L\u00e4ndern zu f\u00f6rdern. Tran Thanh Man dankte ihm und beauftragte die zust\u00e4ndigen Beh\u00f6rden beider L\u00e4nder mit der Vorbereitung des Besuchs.<\/p>\n<p> Im Anschluss an die Gespr\u00e4che besichtigten der Vorsitzende der Nationalversammlung, Tran Thanh Man, gemeinsam mit dem Sprecher der ivorischen Nationalversammlung die im Parlamentsgeb\u00e4ude installierten Instrumente zur digitalen Transformation der Gesetzgebung. Der Sprecher der ivorischen Nationalversammlung brachte erneut seine Bewunderung f\u00fcr die Kompetenzen und Erfolge der vietnamesischen Nationalversammlung im Bereich der digitalen Transformation zum Ausdruck. <\/p>\n<p class=\"mb-0\"> Quelle: https:\/\/thanhnien.vn\/viet-nam-va-cote-divoire-huong-den-thuong-mai-song-phuong-dat-3-5-ti-usd-185260823221059802.htm<\/p>\n","protected":false},"excerpt":{"rendered":"W\u00e4hrend der Gespr\u00e4che zeigte sich der Vorsitzende der Nationalversammlung, Tran Thanh Man, erfreut \u00fcber die positiven Fortschritte in&hellip;\n","protected":false},"author":2,"featured_media":50389,"comment_status":"","ping_status":"","sticky":false,"template":"","format":"standard","meta":{"footnotes":"","_share_on_mastodon":"0"},"categories":[14],"tags":[17742,125,135,124,132,126,127],"class_list":["post-50388","post","type-post","status-publish","format-standard","has-post-thumbnail","category-elfenbeinkueste","tag-bilateraler-handel","tag-cote-divoire","tag-der-sprecher-der-nationalversammlung","tag-elfenbeinkueste","tag-investieren","tag-ivory-coast","tag-tran-thanh-man"],"share_on_mastodon":{"url":"https:\/\/pubeurope.com\/@afrika\/117204812242518849","error":""},"_links":{"self":[{"href":"https:\/\/www.europesays.com\/afrika\/wp-json\/wp\/v2\/posts\/50388","targetHints":{"allow":["GET"]}}],"collection":[{"href":"https:\/\/www.europesays.com\/afrika\/wp-json\/wp\/v2\/posts"}],"about":[{"href":"https:\/\/www.europesays.com\/afrika\/wp-json\/wp\/v2\/types\/post"}],"author":[{"embeddable":true,"href":"https:\/\/www.europesays.com\/afrika\/wp-json\/wp\/v2\/users\/2"}],"replies":[{"embeddable":true,"href":"https:\/\/www.europesays.com\/afrika\/wp-json\/wp\/v2\/comments?post=50388"}],"version-history":[{"count":0,"href":"https:\/\/www.europesays.com\/afrika\/wp-json\/wp\/v2\/posts\/50388\/revisions"}],"wp:featuredmedia":[{"embeddable":true,"href":"https:\/\/www.europesays.com\/afrika\/wp-json\/wp\/v2\/media\/50389"}],"wp:attachment":[{"href":"https:\/\/www.europesays.com\/afrika\/wp-json\/wp\/v2\/media?parent=50388"}],"wp:term":[{"taxonomy":"category","embeddable":true,"href":"https:\/\/www.europesays.com\/afrika\/wp-json\/wp\/v2\/categories?post=50388"},{"taxonomy":"post_tag","embeddable":true,"href":"https:\/\/www.europesays.com\/afrika\/wp-json\/wp\/v2\/tags?post=50388"}],"curies":[{"name":"wp","href":"https:\/\/api.w.org\/{rel}","templated":true}]}}