{"id":50404,"date":"2026-09-03T03:37:05","date_gmt":"2026-09-03T03:37:05","guid":{"rendered":"https:\/\/www.europesays.com\/afrika\/50404\/"},"modified":"2026-09-03T03:37:05","modified_gmt":"2026-09-03T03:37:05","slug":"kehrtwende-bei-wahi-elfenbeinkueste-kann-im-wm-duell-gegen-dfb-elf-auf-sge-spieler-zaehlen","status":"publish","type":"post","link":"https:\/\/www.europesays.com\/afrika\/50404\/","title":{"rendered":"Kehrtwende bei Wahi: Elfenbeink\u00fcste kann im WM-Duell gegen DFB-Elf auf SGE-Spieler\u00a0z\u00e4hlen"},"content":{"rendered":"<p><a href=\"https:\/\/www.fr.de\/\" class=\"id-Breadcrumb-link\" data-id-ec=\"{\" shn=\"\" textlink=\"\" data-k5a-pos=\"1_startseite\" rel=\"nofollow noopener\" target=\"_blank\">Startseite<\/a><a href=\"https:\/\/www.fr.de\/sport\/\" class=\"id-Breadcrumb-link\" data-id-ec=\"{\" shn=\"\" textlink=\"\" data-k5a-pos=\"2_sport\" rel=\"nofollow noopener\" target=\"_blank\">Sport<\/a><a href=\"https:\/\/www.fr.de\/sport\/fussball\/\" class=\"id-Breadcrumb-link\" data-id-ec=\"{\" shn=\"\" textlink=\"\" data-k5a-pos=\"3_fussball\" rel=\"nofollow noopener\" target=\"_blank\">Fu\u00dfball<\/a><\/p>\n<p class=\"id-Story-timestamp id-Story-timestamp--default\">Stand: 18.06.2026, 13:16 Uhr<\/p>\n<p class=\"id-Story-authors id-Story-authors--default\">Von: <a class=\"id-Story-authors-link lp_west_author\" href=\"https:\/\/www.fr.de\/autor\/sebastian-muehlenhof-6t3k9015z.html\" title=\"Zur Autorenseite von Sebastian M&#xFC;hlenhof\" data-id-ec=\"{\" shn=\"\" author-link=\"\" m=\"\" data-k5a-pos=\"west_author\" rel=\"nofollow noopener\" target=\"_blank\">Sebastian M\u00fchlenhof<\/a><\/p>\n<p class=\"id-Story-interactionBar id-Story-interactionBar--default\">DruckenTeilen<\/p>\n<p><a href=\"https:\/\/profile.google.com\/cp\/CgkvbS8wNHk5cHYaAA\" class=\"id-Story-googleFollowButton id-Story-googleFollowButton--default\" target=\"_blank\" data-id-ec=\"{\" shn=\"\" google-follow=\"\" auf=\"\" google=\"\" folgen=\"\" rel=\"nofollow noopener\">Uns auf Google folgen<\/a><\/p>\n<p class=\"id-StoryElement-leadText\">Die Elfenbeink\u00fcste kann am Samstag im WM-Spiel gegen Deutschland wohl doch auf Elye Wahi zur\u00fcckgreifen. Zuvor war dem Eintracht-Spieler die Einreise verwehrt worden.<\/p>\n<p class=\"id-StoryElement-paragraph\">Toronto \u2013 Update vom 18. Juni, 19.50 Uhr: Elye Wahi kann der Elfenbeink\u00fcste im WM-Gruppenspiel gegen Deutschland offenbar doch zur Verf\u00fcgung stehen. Nachdem zun\u00e4chst berichtet worden war, Kanada werde dem ivorischen St\u00fcrmer wegen laufender Ermittlungen in Frankreich die Einreise verweigern, erhielt er laut AFP nun doch die n\u00f6tige Genehmigung. Damit w\u00e4re ein Einsatz am Samstag in Toronto m\u00f6glich.<\/p>\n<p class=\"id-StoryElement-paragraph\">Hintergrund sind Untersuchungen wegen des Verdachts auf Betrug, Korruption im Sport, Hehlerei und Geldw\u00e4sche. Im Mittelpunkt steht ein Ligue-1-Spiel zwischen Nizza und Metz, bei dem Wahi angeblich absichtlich eine Gelbe Karte provoziert haben soll; zudem soll es auff\u00e4llige Wettbewegungen gegeben haben. Seine Anw\u00e4ltin betont jedoch, dass er lediglich kurz befragt und anschlie\u00dfend freigelassen wurde. Eine Anklage gibt es bislang nicht, auch der ivorische Verband stellte sich \u00f6ffentlich hinter den 23-J\u00e4hrigen.<\/p>\n<p class=\"id-StoryElement-paragraph\">Erstmeldung: Die Einreisebestimmungen sind weiterhin ein pr\u00e4gendes Thema bei dieser <a href=\"https:\/\/www.fr.de\/sport\/fussball-wm-ere25907\/\" class=\"id-import-Link\" title=\"Fu&#xDF;ball-WM\" data-id-ec=\"{&quot;sht&quot;:&quot;Container&quot;,&quot;shn&quot;:&quot;Story&quot;,&quot;p&quot;:{&quot;containerType&quot;:&quot;Paragraph&quot;,&quot;displayType&quot;:&quot;Paragraph InlineLink&quot;,&quot;type&quot;:&quot;INLINE_LINK&quot;,&quot;value&quot;:&quot;Fu&#xDF;ball-WM&quot;,&quot;variant&quot;:&quot;standardLink&quot;,&quot;sponsored&quot;:false,&quot;linkHref&quot;:&quot;https:\/\/www.fr.de\/sport\/fussball-wm-ere25907\/&quot;,&quot;storyElementPosition&quot;:11,&quot;storyElementCount&quot;:23}}\" rel=\"nofollow noopener\" target=\"_blank\">Fu\u00dfball-WM<\/a>. Nachdem bereits <a href=\"https:\/\/www.fr.de\/sport\/fussball\/wegen-harter-vorwuerfe-einreiseverbot-fuer-ghana-ass-partey-zr-94349368.html\" class=\"id-import-Link\" data-id-ec=\"{&quot;sht&quot;:&quot;Container&quot;,&quot;shn&quot;:&quot;Story&quot;,&quot;p&quot;:{&quot;containerType&quot;:&quot;Paragraph&quot;,&quot;displayType&quot;:&quot;Paragraph InlineLink&quot;,&quot;type&quot;:&quot;INLINE_LINK&quot;,&quot;value&quot;:&quot;Thomas Partey nicht nach Kanada einreisen durfte&quot;,&quot;variant&quot;:&quot;standardLink&quot;,&quot;sponsored&quot;:false,&quot;linkHref&quot;:&quot;https:\/\/www.fr.de\/sport\/fussball\/wegen-harter-vorwuerfe-einreiseverbot-fuer-ghana-ass-partey-zr-94349368.html&quot;,&quot;storyElementPosition&quot;:11,&quot;storyElementCount&quot;:23}}\" rel=\"nofollow noopener\" target=\"_blank\">Thomas Partey nicht nach Kanada einreisen durfte<\/a>, hat es nun mit Elye Wahi den n\u00e4chsten Fu\u00dfballer eines afrikanischen Landes erwischt. Der Verband der Elfenbeink\u00fcste offenbarte am Donnerstag, dass der Mittelfeldspieler von <a href=\"https:\/\/www.fr.de\/eintracht-frankfurt\/\" class=\"id-import-Link\" title=\"Eintracht Frankfurt\" data-id-ec=\"{&quot;sht&quot;:&quot;Container&quot;,&quot;shn&quot;:&quot;Story&quot;,&quot;p&quot;:{&quot;containerType&quot;:&quot;Paragraph&quot;,&quot;displayType&quot;:&quot;Paragraph InlineLink&quot;,&quot;type&quot;:&quot;INLINE_LINK&quot;,&quot;value&quot;:&quot;Eintracht Frankfurt&quot;,&quot;variant&quot;:&quot;standardLink&quot;,&quot;sponsored&quot;:false,&quot;linkHref&quot;:&quot;https:\/\/www.fr.de\/eintracht-frankfurt\/&quot;,&quot;storyElementPosition&quot;:11,&quot;storyElementCount&quot;:23}}\" rel=\"nofollow noopener\" target=\"_blank\">Eintracht Frankfurt<\/a> nicht mit dem Team reisen darf.<\/p>\n<p><img decoding=\"async\" class=\"id-RatioPlaceholder-element wv_story_el_image\" src=\"https:\/\/www.europesays.com\/afrika\/wp-content\/uploads\/2026\/09\/42578695-absolut-hautnah-absolut-fundiert-absolut-fussball-berichtet-fuer-euch-von-der-wm-2026-PyBG..jpeg\" loading=\"lazy\"   height=\"618\" width=\"1100\" alt=\"Absolut hautnah. Absolut fundiert: Absolut Fussball berichtet f&#xFC;r euch von der WM 2026. Unsere Reporter sind in Amerika vor Ort und versorgen euch mit News, Videos und exklusiven Einblicken. \"\/>Absolut hautnah. Absolut fundiert: Absolut Fussball berichtet f\u00fcr euch von der WM 2026. Unsere Reporter sind in Amerika vor Ort und versorgen euch mit News, Videos und exklusiven Einblicken. \u00a9\u00a0Absolut Fussball<\/p>\n<p class=\"id-StoryElement-paragraph\">\u201eDie f\u00fcr seine Einreise nach Kanada erforderlichen beh\u00f6rdlichen Genehmigungen konnten zum jetzigen Zeitpunkt nicht eingeholt werden\u201c, hei\u00dft es in der Mitteilung der FIF. Wahi wird stattdessen in Philadelphia, wo das Team w\u00e4hrend des Turniers beheimatet ist, bleiben und sich das Duell gegen Deutschland im TV anschauen.<\/p>\n<p>N\u00e4chste Abweisung bei WM: Wahi wird Elfenbeink\u00fcste gegen Deutschland fehlen<\/p>\n<p class=\"id-StoryElement-paragraph\">Ausl\u00f6ser f\u00fcr die Einreiseverweigerung d\u00fcrften die Vorw\u00fcrfe gegen Wahi sein. Dem 23-J\u00e4hrigen wird laut einem Bericht von The Athletic vorgeworfen, Spiele manipuliert zu haben. Demnach habe der St\u00fcrmer in Frankreich wegen \u201eorganisiertem Betrug, organisierter Korruption im Sport, Umgang mit Ertr\u00e4gen aus Straftaten und Geldw\u00e4sche\u201c zeitweise sogar in Haft gesessen.<\/p>\n<p>\u201eWM damals und heute\u201c \u2013 die WM-Kolumne von Reporter-Legende G\u00fcnter Klein<img decoding=\"async\" class=\"id-RatioPlaceholder-element wv_story_el_image\" src=\"https:\/\/www.europesays.com\/afrika\/wp-content\/uploads\/2026\/06\/42965533-zu-e-e-zeiten-war-zwar-selbst-guenter-klein-noch-nicht-dabei-ueber-die-jahrzehnte-danach-ka.jpeg\" loading=\"lazy\"   height=\"619\" width=\"1100\" alt=\"Zu P&#xE9;l&#xE9;s Zeiten war zwar selbst G&#xFC;nter Klein noch nicht dabei, &#xFC;ber die Jahrzehnte danach kann er aber viel erz&#xE4;hlen.\"\/>Zu P\u00e9l\u00e9s Zeiten war zwar selbst G\u00fcnter Klein noch nicht dabei, \u00fcber die Jahrzehnte danach kann er aber so einiges erz\u00e4hlen. \u00a9\u00a0dpa\/Absolut Fussball<\/p>\n<p class=\"id-StoryElement-factBox-paragraph\">Absolut-Fussball-Reporter G\u00fcnter Klein ist ein Urgestein des deutschen Sportjournalismus: Er berichtet zum neunten Mal von einer WM, seit 1990 folgt er meist dem deutschen Team, war aber immer auch in anderen Stadien unterwegs, erlebte sieben Finals mit. 2022 in Katar sah er 34 Spiele live.<\/p>\n<p class=\"id-StoryElement-factBox-paragraph\">In der Kolumne \u201eWM damals und heute\u201c bringt er aktuelle Ereignisse mit spannenden Anekdoten aus der Vergangenheit in Verbindung.<\/p>\n<p class=\"id-StoryElement-paragraph\">Diese Strafma\u00dfnahmen sind Wahi, wie auch Partey zuvor, wohl zum Verh\u00e4ngnis geworden. \u201eWenn Sie eine Straftat begangen haben oder wegen einer Straftat verurteilt wurden, wird Ihnen die Einreise nach Kanada m\u00f6glicherweise verweigert\u201c, hei\u00dft es im kanadischen Einwanderungsgesetz. Eine Abweisung ist damit m\u00f6glich.<\/p>\n<p>Unwetter sorgt f\u00fcr Wasserschlacht: Die sch\u00f6nsten und skurrilsten Fan-Bilder der WM 2026<img decoding=\"async\" class=\"id-RatioPlaceholder-element wv_story_el_interstitialImage\" src=\"https:\/\/www.europesays.com\/afrika\/wp-content\/uploads\/2026\/06\/42943278-wm-2026-die-besten-schoensten-und-skurrilsten-fan-bilder-jfe.jpg\" loading=\"lazy\"   height=\"1200\" width=\"1800\" alt=\"WM 2026: Die besten sch&#xF6;nsten und skurrilsten Fan-Bilder\"\/><a href=\"https:\/\/www.fr.de\/sport\/fussball\/wm-2026-die-besten-schonsten-und-skurrilsten-fan-bilder-zr-94349776.html\" class=\"id-StoryElement-intestitialLink-link\" data-id-ec=\"{\" shn=\"\" ansehen=\"\" data-k5a-pos=\"west_story_20_photoGalleryLink\" title=\"Zur Fotostrecke: Unwetter sorgt f&#xFC;r Wasserschlacht: Die sch&#xF6;nsten und skurrilsten Fan-Bilder der WM 2026\" rel=\"nofollow noopener\" target=\"_blank\">Fotostrecke ansehen<\/a><\/p>\n<p class=\"id-StoryElement-paragraph\">Der ivorische Verband hatte sich angesichts der Anschuldigungen hinter seinen Spieler gestellt, der erst vor wenigen Monaten die Staatsb\u00fcrgerschaft angenommen hat. \u201eIn dieser besonders heiklen Zeit spricht die FIF dem Spieler ihre volle Unterst\u00fctzung aus und bekr\u00e4ftigt ihr Vertrauen in ihn. Elye Wahi bleibt ein wichtiger Bestandteil der ivorischen Nationalmannschaft\u201c, schreibt sie.<\/p>\n","protected":false},"excerpt":{"rendered":"StartseiteSportFu\u00dfball Stand: 18.06.2026, 13:16 Uhr Von: Sebastian M\u00fchlenhof DruckenTeilen Uns auf Google folgen Die Elfenbeink\u00fcste kann am Samstag&hellip;\n","protected":false},"author":2,"featured_media":50405,"comment_status":"","ping_status":"","sticky":false,"template":"","format":"standard","meta":{"footnotes":"","_share_on_mastodon":"0"},"categories":[14],"tags":[125,124,126],"class_list":["post-50404","post","type-post","status-publish","format-standard","has-post-thumbnail","category-elfenbeinkueste","tag-cote-divoire","tag-elfenbeinkueste","tag-ivory-coast"],"share_on_mastodon":{"url":"https:\/\/pubeurope.com\/@afrika\/117205024380011586","error":""},"_links":{"self":[{"href":"https:\/\/www.europesays.com\/afrika\/wp-json\/wp\/v2\/posts\/50404","targetHints":{"allow":["GET"]}}],"collection":[{"href":"https:\/\/www.europesays.com\/afrika\/wp-json\/wp\/v2\/posts"}],"about":[{"href":"https:\/\/www.europesays.com\/afrika\/wp-json\/wp\/v2\/types\/post"}],"author":[{"embeddable":true,"href":"https:\/\/www.europesays.com\/afrika\/wp-json\/wp\/v2\/users\/2"}],"replies":[{"embeddable":true,"href":"https:\/\/www.europesays.com\/afrika\/wp-json\/wp\/v2\/comments?post=50404"}],"version-history":[{"count":0,"href":"https:\/\/www.europesays.com\/afrika\/wp-json\/wp\/v2\/posts\/50404\/revisions"}],"wp:featuredmedia":[{"embeddable":true,"href":"https:\/\/www.europesays.com\/afrika\/wp-json\/wp\/v2\/media\/50405"}],"wp:attachment":[{"href":"https:\/\/www.europesays.com\/afrika\/wp-json\/wp\/v2\/media?parent=50404"}],"wp:term":[{"taxonomy":"category","embeddable":true,"href":"https:\/\/www.europesays.com\/afrika\/wp-json\/wp\/v2\/categories?post=50404"},{"taxonomy":"post_tag","embeddable":true,"href":"https:\/\/www.europesays.com\/afrika\/wp-json\/wp\/v2\/tags?post=50404"}],"curies":[{"name":"wp","href":"https:\/\/api.w.org\/{rel}","templated":true}]}}