{"id":50416,"date":"2026-09-03T04:05:12","date_gmt":"2026-09-03T04:05:12","guid":{"rendered":"https:\/\/www.europesays.com\/afrika\/50416\/"},"modified":"2026-09-03T04:05:12","modified_gmt":"2026-09-03T04:05:12","slug":"gedemuetigt-aubameyang-spielt-nicht-mehr-fuer-gabun-4","status":"publish","type":"post","link":"https:\/\/www.europesays.com\/afrika\/50416\/","title":{"rendered":"\u201eGedem\u00fctigt\u201c: Aubameyang spielt nicht mehr f\u00fcr Gabun"},"content":{"rendered":"<p><a href=\"https:\/\/www.onetz.de\/f\/ic\/ga-large\/articlemedia\/2026\/09\/02\/0bfcd2ec-9e16-4480-992e-3ec7f0c5a783.jpg\" class=\"ps-item\" data-psg=\"https:\/\/www.onetz.de\/sport\/1\" data-size=\"960x640\" data-caption=\"&lt;div&gt;Bild: Daniel Cole\/AP\/dpa&lt;\/div&gt;Pierre-Emerick Aubameyang im Trikot seines Ex-Clubs Marseille. (Archivbild)\" rel=\"nofollow noopener\" target=\"_blank\"><img loading=\"lazy\" decoding=\"async\" src=\"https:\/\/www.europesays.com\/afrika\/wp-content\/uploads\/2026\/09\/0bfcd2ec-9e16-4480-992e-3ec7f0c5a783.jpg\" alt=\"Pierre-Emerick Aubameyang im Trikot seines Ex-Clubs Marseille. (Archivbild) Bild: Daniel Cole\/AP\/dpa\" title=\"\" width=\"805\" height=\"453\" class=\"img-responsive\"\/><\/a><\/p>\n<p>Pierre-Emerick Aubameyang im Trikot seines Ex-Clubs Marseille. (Archivbild)<\/p>\n<p>Bild: Daniel Cole\/AP\/dpa<\/p>\n<p>Der fr\u00fchere Bundesliga-Star Pierre-Emerick Aubameyang wird vorl\u00e4ufig nicht mehr f\u00fcr die Nationalmannschaft Gabuns auflaufen. Das bekr\u00e4ftigte der 37-J\u00e4hrige in der Sendung \u201eTalent d&#8217;Afrique\u201c des TV-Senders Canal+. Dabei bezog sich der Ex-Dortmunder auf die Vorf\u00e4lle nach dem fr\u00fchen Aus Gabuns beim Afrika Cup 2025. Auch Medien aus Gabun berichteten \u00fcbereinstimmend von Aubameyangs R\u00fcckzug.\u00a0<\/p>\n<p>\u201eSie haben mich gedem\u00fctigt und in den Schmutz gezogen, obwohl ich den Afrika Cup trotz meiner Verletzung gespielt habe\u201c, sagte der Angreifer von Deportivo A Coru\u00f1a. In Spanien zeigt sich der Routinier in guter Form, traf in drei Spielen f\u00fcr den Aufsteiger dreimal.<\/p>\n<p>Erster R\u00fccktritt 2022 <\/p>\n<p>Gabun war als Letzter in der Gruppenphase gescheitert. Daraufhin hatte die Regierung des Landes die Mannschaft suspendiert und Kapit\u00e4n Aubameyang ausgeschlossen. Nach dem Amtsantritt des neuen Sportministers Paul Ulrich Kessany, einem Ex-Nationalspieler, wurden die Suspendierungen aufgehoben.<\/p>\n<p>Der jetzige Schritt w\u00e4re nicht der erste R\u00fccktritt aus dem Nationalteam. Bereits im Mai 2022 hatte Aubameyang dem Verband in einem Brief mitgeteilt, k\u00fcnftig nicht mehr zur Verf\u00fcgung zu stehen. Ein Jahr sp\u00e4ter lief er wieder f\u00fcr die Mannschaft auf. Aktuell steht Aubameyang bei 80 L\u00e4nderspielen und 40 Toren.<\/p>\n<p>\u00a9 dpa-infocom, dpa:260902-930-622656\/1<\/p>\n","protected":false},"excerpt":{"rendered":"Pierre-Emerick Aubameyang im Trikot seines Ex-Clubs Marseille. (Archivbild) Bild: Daniel Cole\/AP\/dpa Der fr\u00fchere Bundesliga-Star Pierre-Emerick Aubameyang wird vorl\u00e4ufig&hellip;\n","protected":false},"author":2,"featured_media":50417,"comment_status":"","ping_status":"","sticky":false,"template":"","format":"standard","meta":{"footnotes":"","_share_on_mastodon":"0"},"categories":[241],"tags":[8075,152,362,361,412],"class_list":["post-50416","post","type-post","status-publish","format-standard","has-post-thumbnail","category-gabun","tag-dpa","tag-fussball","tag-gabon","tag-gabun","tag-sport"],"share_on_mastodon":{"url":"https:\/\/pubeurope.com\/@afrika\/117205134439277499","error":""},"_links":{"self":[{"href":"https:\/\/www.europesays.com\/afrika\/wp-json\/wp\/v2\/posts\/50416","targetHints":{"allow":["GET"]}}],"collection":[{"href":"https:\/\/www.europesays.com\/afrika\/wp-json\/wp\/v2\/posts"}],"about":[{"href":"https:\/\/www.europesays.com\/afrika\/wp-json\/wp\/v2\/types\/post"}],"author":[{"embeddable":true,"href":"https:\/\/www.europesays.com\/afrika\/wp-json\/wp\/v2\/users\/2"}],"replies":[{"embeddable":true,"href":"https:\/\/www.europesays.com\/afrika\/wp-json\/wp\/v2\/comments?post=50416"}],"version-history":[{"count":0,"href":"https:\/\/www.europesays.com\/afrika\/wp-json\/wp\/v2\/posts\/50416\/revisions"}],"wp:featuredmedia":[{"embeddable":true,"href":"https:\/\/www.europesays.com\/afrika\/wp-json\/wp\/v2\/media\/50417"}],"wp:attachment":[{"href":"https:\/\/www.europesays.com\/afrika\/wp-json\/wp\/v2\/media?parent=50416"}],"wp:term":[{"taxonomy":"category","embeddable":true,"href":"https:\/\/www.europesays.com\/afrika\/wp-json\/wp\/v2\/categories?post=50416"},{"taxonomy":"post_tag","embeddable":true,"href":"https:\/\/www.europesays.com\/afrika\/wp-json\/wp\/v2\/tags?post=50416"}],"curies":[{"name":"wp","href":"https:\/\/api.w.org\/{rel}","templated":true}]}}