{"id":50432,"date":"2026-09-03T05:15:03","date_gmt":"2026-09-03T05:15:03","guid":{"rendered":"https:\/\/www.europesays.com\/afrika\/50432\/"},"modified":"2026-09-03T05:15:03","modified_gmt":"2026-09-03T05:15:03","slug":"abfall-weltweit-vortrag-mit-einblicken-aus-tansania","status":"publish","type":"post","link":"https:\/\/www.europesays.com\/afrika\/50432\/","title":{"rendered":"Abfall weltweit: Vortrag mit Einblicken aus Tansania"},"content":{"rendered":"<p class=\"wp-block-paragraph\">(ra) Wie unterschiedlich gehen L\u00e4nder mit M\u00fcll um \u2013 und was k\u00f6nnen sie voneinander lernen? Ein Vortrag in Straubing beleuchtet den Umgang mit Abfall in Tansania und Deutschland. Dabei stehen globale Perspektiven und praktische Erfahrungen im Mittelpunkt.<\/p>\n<p><img loading=\"lazy\" decoding=\"async\" width=\"800\" height=\"450\" src=\"https:\/\/www.europesays.com\/afrika\/wp-content\/uploads\/2026\/09\/2026-03-20_06-800.jpg\" alt=\"\" class=\"wp-image-199745\"  \/>Prof. Dr. Anja berichtet anschaulich und praxisnah vom Leben auf einem anderen Flecken Erde auf unserem Globus. Daraus ergeben sich unter anderem spannende Fragen um kreative Ideen zum Umgang mit Abf\u00e4llen.<\/p>\n<p class=\"wp-block-paragraph\">Prof. Dr. Anja Fa\u00dfe vom TUM Campus Straubing spricht am Donnerstag, 26. M\u00e4rz um 11 Uhr unter GAIA in der Basilika St. Jakob. Die Wissenschaftlerin berichtet aus ihren langj\u00e4hrigen Forschungsreisen nach Tansania und gibt Einblicke in Lebensbedingungen, Ressourcenmanagement und den Umgang mit Abf\u00e4llen.<\/p>\n<p class=\"wp-block-paragraph\">Seit 2012 untersucht Fa\u00dfe vor Ort unter anderem die Situation von Kleinbauern. Neben Ern\u00e4hrung und Einkommen spielen dabei auch Themen wie M\u00fcllvermeidung, Recycling und der Umgang mit Plastik eine wichtige Rolle. Anhand von Bildern zeigt sie den Alltag der Menschen und stellt kreative L\u00f6sungen ebenso wie bestehende Herausforderungen vor.<\/p>\n<p class=\"wp-block-paragraph\">W\u00e4hrend Tansania bereits 2019 ein umfassendes Plastikt\u00fctenverbot eingef\u00fchrt hat, folgte Deutschland erst Jahre sp\u00e4ter \u2013 mit Einschr\u00e4nkungen. Gleichzeitig steht das Abfallmanagement in dem ostafrikanischen Land vor strukturellen Problemen, da ein gro\u00dfer Teil des M\u00fclls nicht gesammelt wird.<\/p>\n<p class=\"wp-block-paragraph\">Im Anschluss an den Vortrag ist eine offene Diskussionsrunde geplant. Gemeinsam mit Gangolf Wasmeier vom ZAW Straubing l\u00e4dt Fa\u00dfe zum Austausch \u00fcber nachhaltige L\u00f6sungen und neue Perspektiven im Umgang mit Ressourcen ein. Die Veranstaltung richtet sich auch an Schulklassen und alle Interessierten.<\/p>\n<p>Gef\u00e4llt mir:Gef\u00e4llt mir Wird geladen\u00a0\u2026<a class=\"sd-link-color\"\/>                        <\/p>\n<p>\t\tBeitragsnavigation<\/p>\n","protected":false},"excerpt":{"rendered":"(ra) Wie unterschiedlich gehen L\u00e4nder mit M\u00fcll um \u2013 und was k\u00f6nnen sie voneinander lernen? Ein Vortrag in&hellip;\n","protected":false},"author":2,"featured_media":50433,"comment_status":"","ping_status":"","sticky":false,"template":"","format":"standard","meta":{"footnotes":"","_share_on_mastodon":"0"},"categories":[19],"tags":[19332,178,179],"class_list":["post-50432","post","type-post","status-publish","format-standard","has-post-thumbnail","category-tansania","tag-region-straubing","tag-tansania","tag-tanzania"],"share_on_mastodon":{"url":"https:\/\/pubeurope.com\/@afrika\/117205409978383913","error":""},"_links":{"self":[{"href":"https:\/\/www.europesays.com\/afrika\/wp-json\/wp\/v2\/posts\/50432","targetHints":{"allow":["GET"]}}],"collection":[{"href":"https:\/\/www.europesays.com\/afrika\/wp-json\/wp\/v2\/posts"}],"about":[{"href":"https:\/\/www.europesays.com\/afrika\/wp-json\/wp\/v2\/types\/post"}],"author":[{"embeddable":true,"href":"https:\/\/www.europesays.com\/afrika\/wp-json\/wp\/v2\/users\/2"}],"replies":[{"embeddable":true,"href":"https:\/\/www.europesays.com\/afrika\/wp-json\/wp\/v2\/comments?post=50432"}],"version-history":[{"count":0,"href":"https:\/\/www.europesays.com\/afrika\/wp-json\/wp\/v2\/posts\/50432\/revisions"}],"wp:featuredmedia":[{"embeddable":true,"href":"https:\/\/www.europesays.com\/afrika\/wp-json\/wp\/v2\/media\/50433"}],"wp:attachment":[{"href":"https:\/\/www.europesays.com\/afrika\/wp-json\/wp\/v2\/media?parent=50432"}],"wp:term":[{"taxonomy":"category","embeddable":true,"href":"https:\/\/www.europesays.com\/afrika\/wp-json\/wp\/v2\/categories?post=50432"},{"taxonomy":"post_tag","embeddable":true,"href":"https:\/\/www.europesays.com\/afrika\/wp-json\/wp\/v2\/tags?post=50432"}],"curies":[{"name":"wp","href":"https:\/\/api.w.org\/{rel}","templated":true}]}}