{"id":50434,"date":"2026-09-03T05:22:27","date_gmt":"2026-09-03T05:22:27","guid":{"rendered":"https:\/\/www.europesays.com\/afrika\/50434\/"},"modified":"2026-09-03T05:22:27","modified_gmt":"2026-09-03T05:22:27","slug":"treffen-in-marokko-wm-endspiel-2030-an-marokko-versprochen-fifa-dementiert-sport","status":"publish","type":"post","link":"https:\/\/www.europesays.com\/afrika\/50434\/","title":{"rendered":"Treffen in Marokko &#8211; WM-Endspiel 2030 an Marokko versprochen? &#8211; FIFA dementiert &#8211; Sport"},"content":{"rendered":"<p data-manual=\"paragraph\" data-schema-org-speakable=\"true\" class=\"css-1eosz7k\">Rabat (dpa) &#8211; Ein Bericht, wonach der umstrittene <a href=\"https:\/\/www.sueddeutsche.de\/thema\/Fifa\" rel=\"nofollow noopener\" target=\"_blank\">FIFA<\/a>-Pr\u00e4sident Gianni Infantino <a href=\"https:\/\/www.sueddeutsche.de\/thema\/Marokko\" rel=\"nofollow noopener\" target=\"_blank\">Marokko<\/a> die Austragung des WM-Endspiels 2030 versprochen habe, ist vom <a href=\"https:\/\/www.sueddeutsche.de\/thema\/Fu%C3%9Fball\" rel=\"nofollow noopener\" target=\"_blank\">Fu\u00dfball<\/a>-Weltverband zur\u00fcckgewiesen worden. Zuvor hatte die \u201eTimes\u201c berichtet, dass nach dem Willen des stark in der Kritik stehenden FIFA-Bosses das Finale im neuen Hassan II Stadium mit 115.000 Pl\u00e4tzen in Casablanca stattfinden solle.\u00a0<\/p>\n<p data-manual=\"paragraph\" data-schema-org-speakable=\"true\" class=\"css-1eosz7k\">Dies w\u00e4re ein gro\u00dfer Affront gegen Spanien und damit auch Europa, das in den letzten Tagen Infantino nach dem umstrittenen und inzwischen verworfenen Investorendeal harsch attackiert hatte. Spanien tr\u00e4gt zusammen mit Portugal und Marokko die WM 2030 aus. Dazu finden die ersten drei Spiele in S\u00fcdamerika (Uruguay, Argentinien und Paraguay) statt.<\/p>\n<p data-manual=\"paragraph\" data-schema-org-speakable=\"true\" class=\"css-1eosz7k\">\u201eEs ist falsch und irref\u00fchrend zu behaupten, der FIFA-Pr\u00e4sident habe irgendein Versprechen bez\u00fcglich der Austragung des Finales der FIFA-Fu\u00dfball-Weltmeisterschaft 2030 abgegeben. Eine Entscheidung wird von der FIFA zu gegebener Zeit getroffen\u201c, teilte der Weltverband auf dpa-Anfrage mit.<\/p>\n<p>Notfallsitzung in Rabat<\/p>\n<p data-manual=\"paragraph\" data-schema-org-speakable=\"true\" class=\"css-1eosz7k\">Infantino hatte am Mittwoch weitere FIFA-Spitzenvertreter zu einer Notfallsitzung in der marokkanische Hauptstadt Rabat einberufen. Wie die BBC berichtete, sollten unter anderem Generalsekret\u00e4r Mattias Grafstr\u00f6m und Finanzchef Thomas Peyer an der Sitzung teilnehmen.\u00a0<\/p>\n<p data-manual=\"paragraph\" data-schema-org-speakable=\"true\" class=\"css-1eosz7k\">Infantino hatte zuletzt mit seinen Pl\u00e4nen zum Verkauf von WM-Rechten an Investoren f\u00fcr eine Welle der Emp\u00f6rung in der Fu\u00dfball-Welt gesorgt. Der FIFA-Chef lenkte zwar ein und verwarf die Idee &#8211; dennoch formiert sich vor allem in Europa heftiger Widerstand gegen ihn.\u00a0<\/p>\n<p data-manual=\"paragraph\" data-schema-org-speakable=\"true\" class=\"css-1eosz7k\">Die aktuelle Krise k\u00f6nnte das Ende von Infantinos inzwischen zehnj\u00e4hriger Amtszeit als FIFA-Pr\u00e4sident bedeuten. Nach Abschluss der WM in den USA, Mexiko und Kanada vor zweieinhalb Wochen schien seine erneute Wiederwahl beim Kongress Mitte M\u00e4rz 2027 in Rabat noch alternativlos zu sein.<\/p>\n<p data-manual=\"paragraph\" data-schema-org-speakable=\"true\" class=\"css-1eosz7k\">\u00a9 dpa-infocom, dpa:260805-930-489426\/1<\/p>\n","protected":false},"excerpt":{"rendered":"Rabat (dpa) &#8211; Ein Bericht, wonach der umstrittene FIFA-Pr\u00e4sident Gianni Infantino Marokko die Austragung des WM-Endspiels 2030 versprochen&hellip;\n","protected":false},"author":2,"featured_media":50435,"comment_status":"","ping_status":"","sticky":false,"template":"","format":"standard","meta":{"footnotes":"","_share_on_mastodon":"0"},"categories":[10],"tags":[29,1995,2911,152,17398,1499,3353,95,96,2827,1360,412,284],"class_list":["post-50434","post","type-post","status-publish","format-standard","has-post-thumbnail","category-marokko","tag-afrika","tag-ausland","tag-fifa","tag-fussball","tag-home-of-fifa","tag-international","tag-jordanien","tag-marokko","tag-morocco","tag-nahost","tag-schweiz","tag-sport","tag-sueddeutsche-zeitung"],"share_on_mastodon":{"url":"https:\/\/pubeurope.com\/@afrika\/117205437189978503","error":""},"_links":{"self":[{"href":"https:\/\/www.europesays.com\/afrika\/wp-json\/wp\/v2\/posts\/50434","targetHints":{"allow":["GET"]}}],"collection":[{"href":"https:\/\/www.europesays.com\/afrika\/wp-json\/wp\/v2\/posts"}],"about":[{"href":"https:\/\/www.europesays.com\/afrika\/wp-json\/wp\/v2\/types\/post"}],"author":[{"embeddable":true,"href":"https:\/\/www.europesays.com\/afrika\/wp-json\/wp\/v2\/users\/2"}],"replies":[{"embeddable":true,"href":"https:\/\/www.europesays.com\/afrika\/wp-json\/wp\/v2\/comments?post=50434"}],"version-history":[{"count":0,"href":"https:\/\/www.europesays.com\/afrika\/wp-json\/wp\/v2\/posts\/50434\/revisions"}],"wp:featuredmedia":[{"embeddable":true,"href":"https:\/\/www.europesays.com\/afrika\/wp-json\/wp\/v2\/media\/50435"}],"wp:attachment":[{"href":"https:\/\/www.europesays.com\/afrika\/wp-json\/wp\/v2\/media?parent=50434"}],"wp:term":[{"taxonomy":"category","embeddable":true,"href":"https:\/\/www.europesays.com\/afrika\/wp-json\/wp\/v2\/categories?post=50434"},{"taxonomy":"post_tag","embeddable":true,"href":"https:\/\/www.europesays.com\/afrika\/wp-json\/wp\/v2\/tags?post=50434"}],"curies":[{"name":"wp","href":"https:\/\/api.w.org\/{rel}","templated":true}]}}