{"id":50474,"date":"2026-09-03T07:37:14","date_gmt":"2026-09-03T07:37:14","guid":{"rendered":"https:\/\/www.europesays.com\/afrika\/50474\/"},"modified":"2026-09-03T07:37:14","modified_gmt":"2026-09-03T07:37:14","slug":"ebola-ausbruch-im-kongo-who-fordert-mehr-internationale-hilfe-im-kampf-gegen-ebola","status":"publish","type":"post","link":"https:\/\/www.europesays.com\/afrika\/50474\/","title":{"rendered":"Ebola-Ausbruch im Kongo: WHO fordert mehr internationale Hilfe im Kampf gegen Ebola"},"content":{"rendered":"<p class=\"paragraph article__item\">Die <a href=\"https:\/\/www.zeit.de\/thema\/ebola\" target=\"_blank\" rel=\"nofollow noopener\">Weltgesundheitsorganisation<\/a> (<a class=\"rtr-entity\" href=\"https:\/\/www.zeit.de\/thema\/who\" rel=\"nofollow noopener\" target=\"_blank\">WHO<\/a>) fordert mehr Unterst\u00fctzung im Kampf gegen den Ebola-Ausbruch in der Demokratischen Republik Kongo. WHO-Chef Tedros Adhanom Ghebreyesus rief die internationale Gemeinschaft dazu auf, den 1,3 Milliarden Dollar teuren Hilfsplan der Regierung schneller zu finanzieren.\n<\/p>\n<p class=\"paragraph article__item\">Solange nicht alle Infektionsketten entdeckt und gestoppt seien, werde der Ausbruch andauern und eine Gefahr f\u00fcr die Demokratische Republik Kongo, die Nachbarl\u00e4nder und die gesamte Region bleiben, sagte Tedros.\u00a0Nach Angaben der Regierung sind inzwischen mehr als 3.000 Menschen an <a class=\"rtr-entity\" href=\"https:\/\/www.zeit.de\/thema\/ebola\" rel=\"nofollow noopener\" target=\"_blank\">Ebola<\/a> gestorben.\n<\/p>\n<p class=\"paragraph article__item\">Eine gro\u00dfe Schwierigkeit ist weiterhin, die Menschen zu finden, die Kontakt zu Infizierten hatten. Viele der Menschen, die an Ebola gestorben seien, h\u00e4tten zuvor nicht auf den Listen bekannter Kontaktpersonen gestanden, sagte Tedros. Das deute darauf hin, dass es noch unentdeckte Infektionsketten gebe.\u00a0Auch die Bestattung der Toten bereitet Sorgen. Viele Verstorbene w\u00fcrden weiterhin auf eine Weise beerdigt, bei der andere Menschen sich mit dem Virus anstecken k\u00f6nnten. Dadurch k\u00f6nne sich Ebola weiter ausbreiten.\n<\/p>\n<p>            Studien zu Impfstoffen und neue Medikamente            <\/p>\n<p class=\"paragraph article__item\"><a href=\"https:\/\/www.zeit.de\/gesundheit\/2026-07\/ebola-demokratische-republik-kongo-forschung-gegenmittel-impfstoff\" target=\"_blank\" rel=\"nofollow noopener\">Die WHO<\/a> hat nach eigenen Angaben bereits 320 Tonnen Hilfsg\u00fcter in das Land gebracht. Au\u00dferdem wurde die Zahl der m\u00f6glichen Tests auf 3.000 pro Tag erh\u00f6ht. Trotzdem werde dringend mehr Geld ben\u00f6tigt, unter anderem f\u00fcr zus\u00e4tzliche Betten in den Behandlungszentren. Der Betrieb eines Zentrums mit 1.500 Betten koste allein rund 15 Millionen Dollar im Monat.\n<\/p>\n<p class=\"paragraph article__item\">Hoffnung gibt es bei der medizinischen Behandlung. Die WHO will in den kommenden Monaten mit Studien zu m\u00f6glichen Impfstoffen gegen den derzeit verbreiteten Bundibugyo-Ebolastamm beginnen. Au\u00dferdem wird bereits das Medikament Obeldesivir an Menschen getestet, die nach einem Kontakt mit Infizierten ein besonders hohes Risiko haben.\n<\/p>\n<p class=\"paragraph article__item\">Der aktuelle Ausbruch ist der zweitschlimmste Ebola-Ausbruch bisher. Nur bei der Epidemie in Westafrika von 2014 bis 2016 starben noch mehr Menschen. Damals starben in Guinea, Liberia und Sierra Leone mehr als 11.000 Menschen.\n<\/p>\n<p>Ebola<\/p>\n<p>            Kongo        <\/p>\n<p>                <a href=\"https:\/\/www.zeit.de\/gesundheit\/2026-07\/ebola-demokratische-republik-kongo-forschung-gegenmittel-impfstoff\" data-ct-label=\"Ebola in der DR Kongo: Sie jagen das Virus schneller als je zuvor. Sind sie schnell genug?\" data-uuid=\"f21febb7-675f-408c-a0f3-17418a0a7f02\" rel=\"nofollow noopener\" target=\"_blank\"><\/p>\n<p>                        Ebola in der DR Kongo:<br \/>\n                        Sie jagen das Virus schneller als je zuvor. Sind sie schnell genug?<\/p>\n<p>                <\/a><\/p>\n","protected":false},"excerpt":{"rendered":"Die Weltgesundheitsorganisation (WHO) fordert mehr Unterst\u00fctzung im Kampf gegen den Ebola-Ausbruch in der Demokratischen Republik Kongo. WHO-Chef Tedros&hellip;\n","protected":false},"author":2,"featured_media":50475,"comment_status":"","ping_status":"","sticky":false,"template":"","format":"standard","meta":{"footnotes":"","_share_on_mastodon":"0"},"categories":[17],"tags":[192,194,190,188,193,191,462,461,2599,9065,335,189,3461],"class_list":["post-50474","post","type-post","status-publish","format-standard","has-post-thumbnail","category-demokratische-republik-kongo","tag-dem-rep-kongo","tag-democratic-republic-of-the-congo","tag-demokratische-republik","tag-demokratische-republik-kongo","tag-dr-congo","tag-dr-kongo","tag-drc","tag-drk","tag-ebola","tag-ebola-ausbruch-im-kongo","tag-gesundheit","tag-kongo","tag-who"],"share_on_mastodon":{"url":"https:\/\/pubeurope.com\/@afrika\/117205968172313710","error":""},"_links":{"self":[{"href":"https:\/\/www.europesays.com\/afrika\/wp-json\/wp\/v2\/posts\/50474","targetHints":{"allow":["GET"]}}],"collection":[{"href":"https:\/\/www.europesays.com\/afrika\/wp-json\/wp\/v2\/posts"}],"about":[{"href":"https:\/\/www.europesays.com\/afrika\/wp-json\/wp\/v2\/types\/post"}],"author":[{"embeddable":true,"href":"https:\/\/www.europesays.com\/afrika\/wp-json\/wp\/v2\/users\/2"}],"replies":[{"embeddable":true,"href":"https:\/\/www.europesays.com\/afrika\/wp-json\/wp\/v2\/comments?post=50474"}],"version-history":[{"count":0,"href":"https:\/\/www.europesays.com\/afrika\/wp-json\/wp\/v2\/posts\/50474\/revisions"}],"wp:featuredmedia":[{"embeddable":true,"href":"https:\/\/www.europesays.com\/afrika\/wp-json\/wp\/v2\/media\/50475"}],"wp:attachment":[{"href":"https:\/\/www.europesays.com\/afrika\/wp-json\/wp\/v2\/media?parent=50474"}],"wp:term":[{"taxonomy":"category","embeddable":true,"href":"https:\/\/www.europesays.com\/afrika\/wp-json\/wp\/v2\/categories?post=50474"},{"taxonomy":"post_tag","embeddable":true,"href":"https:\/\/www.europesays.com\/afrika\/wp-json\/wp\/v2\/tags?post=50474"}],"curies":[{"name":"wp","href":"https:\/\/api.w.org\/{rel}","templated":true}]}}