{"id":50476,"date":"2026-09-03T07:41:00","date_gmt":"2026-09-03T07:41:00","guid":{"rendered":"https:\/\/www.europesays.com\/afrika\/50476\/"},"modified":"2026-09-03T07:41:00","modified_gmt":"2026-09-03T07:41:00","slug":"treffer-in-der-nachspielzeit-ghana-feiert-last-minute-sieg-gegen-panama","status":"publish","type":"post","link":"https:\/\/www.europesays.com\/afrika\/50476\/","title":{"rendered":"Treffer in der Nachspielzeit! Ghana feiert Last-Minute-Sieg gegen Panama"},"content":{"rendered":"<p style=\"text-align:start\">Zumindest f\u00fcr den Moment d\u00fcrfen die Westafrikaner weiter auf eine Erfolgsstory wie beim Viertelfinal-Einzug 2010 in S\u00fcdafrika hoffen. Yirenkyi erzielte den umjubelten Siegtreffer in der kanadischen Millionenmetropole f\u00fcr Ghana erst kurz vor Schluss (90.+5) &#8211; und sorgte so f\u00fcr Ekstase auf der Trib\u00fcne.<\/p>\n<p style=\"text-align:start\">&#8222;Ich bin nach vorne gelaufen und habe geschaut, was passiert. Dann bekam ich den Ball im Strafraum und habe ihn verwertet&#8220;, sagte der erst 20-J\u00e4hrige Yirenkyi \u00fcber die entscheidende Szene des Spiel: &#8222;Genau das haben wir seit Beginn der Vorbereitung trainiert: Den Ball auf die Fl\u00fcgel zu bringen, dann in den Strafraum zu spielen und mit mehreren Leuten nachzur\u00fccken, um abzuschlie\u00dfen. Und genau das haben wir heute gemacht.&#8220;<\/p>\n<p style=\"text-align:start\">Die positiven sportlichen Schlagzeilen kommen f\u00fcr die &#8222;Black Stars&#8220; zum richtigen Zeitpunkt, nachdem die vergangenen Tage vom Rechtsstreit um Partey bestimmt worden waren, der wegen der Vergewaltigungsvorw\u00fcrfe gegen ihn nicht nach Kanada einreisen durfte.<\/p>\n<p style=\"text-align:start\">Beim zweiten Vorrundenspiel am kommenden Dienstag in Boston gegen England und vier Tage sp\u00e4ter in Philadelphia gegen Kroatien wird Partey wieder mit von der Partie sein.<\/p>\n<p style=\"text-align:start\">Panama, das vom fr\u00fcheren Bundesliga-Torsch\u00fctzenk\u00f6nig Thomas Christiansen trainiert wird, muss bei seiner zweiten WM-Teilnahme nach 2018 hingegen weiter auf seinen ersten Punkt warten. Zudem wird es in der Gruppe L mit den Engl\u00e4ndern und Kroaten nun ganz schwer mit dem Weiterkommen.<\/p>\n","protected":false},"excerpt":{"rendered":"Zumindest f\u00fcr den Moment d\u00fcrfen die Westafrikaner weiter auf eine Erfolgsstory wie beim Viertelfinal-Einzug 2010 in S\u00fcdafrika hoffen.&hellip;\n","protected":false},"author":2,"featured_media":50477,"comment_status":"","ping_status":"","sticky":false,"template":"","format":"standard","meta":{"footnotes":"","_share_on_mastodon":"0"},"categories":[13],"tags":[152,151,12855,2903,2778,1192,5566],"class_list":["post-50476","post","type-post","status-publish","format-standard","has-post-thumbnail","category-ghana","tag-fussball","tag-ghana","tag-ghana-vs-panama","tag-panama","tag-soccer","tag-weltmeisterschaft","tag-world-cup"],"share_on_mastodon":{"url":"https:\/\/pubeurope.com\/@afrika\/117205983759926749","error":""},"_links":{"self":[{"href":"https:\/\/www.europesays.com\/afrika\/wp-json\/wp\/v2\/posts\/50476","targetHints":{"allow":["GET"]}}],"collection":[{"href":"https:\/\/www.europesays.com\/afrika\/wp-json\/wp\/v2\/posts"}],"about":[{"href":"https:\/\/www.europesays.com\/afrika\/wp-json\/wp\/v2\/types\/post"}],"author":[{"embeddable":true,"href":"https:\/\/www.europesays.com\/afrika\/wp-json\/wp\/v2\/users\/2"}],"replies":[{"embeddable":true,"href":"https:\/\/www.europesays.com\/afrika\/wp-json\/wp\/v2\/comments?post=50476"}],"version-history":[{"count":0,"href":"https:\/\/www.europesays.com\/afrika\/wp-json\/wp\/v2\/posts\/50476\/revisions"}],"wp:featuredmedia":[{"embeddable":true,"href":"https:\/\/www.europesays.com\/afrika\/wp-json\/wp\/v2\/media\/50477"}],"wp:attachment":[{"href":"https:\/\/www.europesays.com\/afrika\/wp-json\/wp\/v2\/media?parent=50476"}],"wp:term":[{"taxonomy":"category","embeddable":true,"href":"https:\/\/www.europesays.com\/afrika\/wp-json\/wp\/v2\/categories?post=50476"},{"taxonomy":"post_tag","embeddable":true,"href":"https:\/\/www.europesays.com\/afrika\/wp-json\/wp\/v2\/tags?post=50476"}],"curies":[{"name":"wp","href":"https:\/\/api.w.org\/{rel}","templated":true}]}}