{"id":50504,"date":"2026-09-03T08:57:56","date_gmt":"2026-09-03T08:57:56","guid":{"rendered":"https:\/\/www.europesays.com\/afrika\/50504\/"},"modified":"2026-09-03T08:57:56","modified_gmt":"2026-09-03T08:57:56","slug":"ex-kaufland-chef-und-familie-sterben-bei-flugzeugabsturz-in-namibia-2","status":"publish","type":"post","link":"https:\/\/www.europesays.com\/afrika\/50504\/","title":{"rendered":"Ex\u2011Kaufland\u2011Chef und Familie sterben bei Flugzeugabsturz in Namibia"},"content":{"rendered":"<p class=\"m-0 text-lg font-normal leading-[30px] text-gray-800\">\n                Beim Absturz eines Kleinflugzeugs sind am Sonntag <a target=\"_blank\" href=\"https:\/\/www.berliner-kurier.de\/berlin\/berliner-familie-in-namibia-totgerast-wie-antonia-um-ihre-zukunft-kaempft-li.2276057\" rel=\"nofollow noopener\">in Namibia<\/a> alle vier Insassen ums Leben gekommen. Das best\u00e4tigte die namibische Charterfluggesellschaft Desert Air. An Bord der Maschine befanden sich ein Pilot und drei Passagiere, allesamt deutsche Staatsangeh\u00f6rige. Nach Angaben des Ausw\u00e4rtigen Amtes war auch der Pilot Deutscher.\n              <\/p>\n<p>              Ehepaar arbeitete jahrelang f\u00fcr die Schwarz\u2011Gruppe<\/p>\n<p class=\"m-0 text-lg font-normal leading-[30px] text-gray-800\">\n                Nach Informationen der \u201eHeilbronner Stimme\u201c handelt es sich bei den Opfern um Richard Lohmiller, einen langj\u00e4hrigen Topmanager von Kaufland, seine Ehefrau Silke Lohmiller sowie den gemeinsamen Sohn Henry. Die Familie lebte in Bad Rappenau bei Heilbronn.\n              <\/p>\n<p class=\"m-0 text-lg font-normal leading-[30px] text-gray-800\">\n                Silke Lohmiller war viele Jahre in verantwortlichen Positionen innerhalb der Schwarz\u2011Gruppe t\u00e4tig, zuletzt als Gesch\u00e4ftsf\u00fchrerin der Dieter\u2011Schwarz\u2011Stiftung. Zuvor hatte sie unter anderem den Aufbau von Bildungseinrichtungen wie den Josef\u2011Schwarz\u2011Schulen ma\u00dfgeblich begleitet.<\/p>\n<p>Ihr Ehemann Richard Lohmiller war fast 40 Jahre f\u00fcr Kaufland t\u00e4tig, zuletzt als Deutschlandchef und Vorstandsmitglied. Nach seinem Ausscheiden engagierte er sich stark in der regionalen Nachwuchsf\u00f6rderung, unter anderem als Leiter der Sporthilfe Unterland.\n              <\/p>\n<p>                  <img decoding=\"async\" src=\"https:\/\/www.europesays.com\/afrika\/wp-content\/uploads\/2026\/09\/21a3c109-3664-46dd-9ca0-3b7161f94c2d.jpg\"   alt=\"Eine Cessna 210 fliegt \u00fcber den Skeleton Coast Nationalpark. Viele Gegenden in Namibia sind nur mit einem Kleinflugzeug zu besuchen.  \" class=\"h-full w-full object-cover\" loading=\"lazy\" data-original-url=\"https:\/\/blzprod-endpoint-h3ajcyhfd4gsducd.a03.azurefd.net\/images\/2026\/05\/11\/21a3c109-3664-46dd-9ca0-3b7161f94c2d.jpg\" data-caption=\"Eine Cessna 210 fliegt \u00fcber den Skeleton Coast Nationalpark. Viele Gegenden in Namibia sind nur mit einem Kleinflugzeug zu besuchen.  \" data-source=\"IMAGEBROKER\/IMAGO\"\/><\/p>\n<p class=\"m-0 flex-[3] text-left text-xs font-normal leading-[18px] text-gray-650\">Eine Cessna 210 fliegt \u00fcber den Skeleton Coast Nationalpark. Viele Gegenden in Namibia sind nur mit einem Kleinflugzeug zu besuchen.  <\/p>\n<p class=\"m-0 mt-1 flex-1 text-left text-xs font-normal leading-[18px] text-gray-650 md:mt-0 md:text-right\">\n                        \u00a9 IMAGEBROKER\/IMAGO\n                      <\/p>\n<p class=\"m-0 text-lg font-normal leading-[30px] text-gray-800\">\n                Die Gruppe war mit einer Cessna 210 vom internationalen Flughafen Hosea Kutako nahe der Hauptstadt Windhuk gestartet. Ziel des Flugs war eine private Landebahn einer Lodge in der Region Sossusvlei im Namib\u2011Naukluft\u2011Nationalpark. Dort wollte die kleine Reisegruppe eines der bekanntesten Naturwahrzeichen des s\u00fcdwestafrikanischen Landes besuchen. Das Flugzeug h\u00e4tte etwa eine Stunde nach dem Start landen sollen, erreichte sein Ziel jedoch nicht.<\/p>\n<p>Als die Maschine nicht am Zielort eintraf, wurde noch am Sonntag eine Suchaktion eingeleitet. Am Montagmorgen entdeckten Rettungskr\u00e4fte schlie\u00dflich das Wrack in der N\u00e4he des geplanten Landeorts. F\u00fcr die Insassen kam jede Hilfe zu sp\u00e4t. Die namibischen Beh\u00f6rden haben Ermittlungen zur Ursache des Ungl\u00fccks aufgenommen.\n              <\/p>\n<p class=\"m-0 text-lg font-normal leading-[30px] text-gray-800\">\n                Sossusvlei z\u00e4hlt zu den bedeutendsten Touristenzielen <a target=\"_blank\" href=\"https:\/\/www.berliner-kurier.de\/panorama\/adolf-hitler-uunona-namibischer-politiker-aendert-seinen-namen-li.10007700\" rel=\"nofollow noopener\">Namibias<\/a>. Die bis zu 300 Meter hohen, rot schimmernden Sandd\u00fcnen geh\u00f6ren zu den h\u00f6chsten der Welt und ziehen j\u00e4hrlich Besucher aus aller Welt an. Charter\u2011 und Safarifl\u00fcge sind in der d\u00fcnn besiedelten Region ein g\u00e4ngiges Verkehrsmittel.<\/p>\n<p>Wie ist Ihre Meinung zum Thema? Haben Sie Ideen oder Informationen f\u00fcr die Redaktion? Bitte schreiben Sie uns:\u202f<a href=\"https:\/\/www.berliner-kurier.de\/article\/mailto:leser-bk@berlinerverlag.com\" target=\"_blank\" rel=\"nofollow noopener\">leser-bk@berlinerverlag.com<\/a><\/p>\n","protected":false},"excerpt":{"rendered":"Beim Absturz eines Kleinflugzeugs sind am Sonntag in Namibia alle vier Insassen ums Leben gekommen. Das best\u00e4tigte die&hellip;\n","protected":false},"author":2,"featured_media":50505,"comment_status":"","ping_status":"","sticky":false,"template":"","format":"standard","meta":{"footnotes":"","_share_on_mastodon":"0"},"categories":[16],"tags":[29,7343,7654,1102,414,7378,7352],"class_list":["post-50504","post","type-post","status-publish","format-standard","has-post-thumbnail","category-namibia","tag-afrika","tag-kaufland","tag-kleinflugzeug","tag-namib","tag-namibia","tag-richard-lohmiller","tag-silke-lohmiller"],"share_on_mastodon":{"url":"https:\/\/pubeurope.com\/@afrika\/117206286533131764","error":""},"_links":{"self":[{"href":"https:\/\/www.europesays.com\/afrika\/wp-json\/wp\/v2\/posts\/50504","targetHints":{"allow":["GET"]}}],"collection":[{"href":"https:\/\/www.europesays.com\/afrika\/wp-json\/wp\/v2\/posts"}],"about":[{"href":"https:\/\/www.europesays.com\/afrika\/wp-json\/wp\/v2\/types\/post"}],"author":[{"embeddable":true,"href":"https:\/\/www.europesays.com\/afrika\/wp-json\/wp\/v2\/users\/2"}],"replies":[{"embeddable":true,"href":"https:\/\/www.europesays.com\/afrika\/wp-json\/wp\/v2\/comments?post=50504"}],"version-history":[{"count":0,"href":"https:\/\/www.europesays.com\/afrika\/wp-json\/wp\/v2\/posts\/50504\/revisions"}],"wp:featuredmedia":[{"embeddable":true,"href":"https:\/\/www.europesays.com\/afrika\/wp-json\/wp\/v2\/media\/50505"}],"wp:attachment":[{"href":"https:\/\/www.europesays.com\/afrika\/wp-json\/wp\/v2\/media?parent=50504"}],"wp:term":[{"taxonomy":"category","embeddable":true,"href":"https:\/\/www.europesays.com\/afrika\/wp-json\/wp\/v2\/categories?post=50504"},{"taxonomy":"post_tag","embeddable":true,"href":"https:\/\/www.europesays.com\/afrika\/wp-json\/wp\/v2\/tags?post=50504"}],"curies":[{"name":"wp","href":"https:\/\/api.w.org\/{rel}","templated":true}]}}