{"id":50556,"date":"2026-09-03T11:04:16","date_gmt":"2026-09-03T11:04:16","guid":{"rendered":"https:\/\/www.europesays.com\/afrika\/50556\/"},"modified":"2026-09-03T11:04:16","modified_gmt":"2026-09-03T11:04:16","slug":"qatar-news-agency-45","status":"publish","type":"post","link":"https:\/\/www.europesays.com\/afrika\/50556\/","title":{"rendered":"Qatar news agency"},"content":{"rendered":"<p>Doha, den 14. August \/QNA\/ Im Anschluss an das sechste in Genf stattgefundene Treffen des Gemeinsamen Mechanismus zur Sicherheitskoordinierung f\u00fcr das Friedensabkommen zwischen der Demokratischen Republik Kongo und der Republik Ruanda gaben die Regierungen des Staates Katar, der Vereinigten Staaten von Amerika, der Demokratischen Republik Kongo, der Republik Ruanda, der Republik Togo (als Vermittler der Afrikanischen Union) und der Kommission der Afrikanischen Union die folgende Erkl\u00e4rung ab:<\/p>\n<p>Am 12. und 13. August 2026 trafen sich Vertreter der Demokratischen Republik Kongo (DRK) und Ruandas (die Vertragsparteien) gemeinsam mit Katar, den Vereinigten Staaten, Togo (als Vermittler der Afrikanischen Union) und der Kommission der Afrikanischen Union zum sechsten Treffen des Gemeinsamen Sicherheitskoordinierungsmechanismus (JSCM) in der US-Mission in Genf, der Schweiz.<\/p>\n<p>Die Demokratische Republik Kongo und Ruanda vereinbarten, zwei Initiativen voranzutreiben, die die \u00dcberwachung und Verifizierung der Umsetzung der Washingtoner Abkommen vor Ort st\u00e4rken sollen. Die Parteien baten die Vereinigten Staaten, diese beiden Initiativen zu pr\u00fcfen und auf der n\u00e4chsten Sitzung des Mechanismus R\u00fcckmeldung dazu zu geben. Die Parteien vereinbarten, im Oktober 2026 eine trilaterale Planungskonferenz abzuhalten, die zu einer \u00fcberarbeiteten Einsatzordnung f\u00fchren soll, welche ihre koordinierten Bem\u00fchungen leiten wird.<\/p>\n<p>Die Kommission der Afrikanischen Union pr\u00e4sentierte die Ergebnisse des hochrangigen Treffens der AU, das am 24. und 25. Juli 2026 in Gaborone, Botswana, stattfand.<\/p>\n<p>Die Demokratische Republik Kongo stellte ihren Plan zur Entwaffnung, Demobilisierung und Reintegration (DDR) der Demokratischen Kr\u00e4fte zur Befreiung Ruandas (FDLR) vor und beantwortete Fragen der Mitglieder des Mechanismus.<\/p>\n<p>Im Anschluss an die Pr\u00e4sentation der DRK f\u00fchrte der JSCM eine virtuelle Sitzung mit der Stabilisierungsmission der Vereinten Nationen in der DRK (MONUSCO) durch, um deren operative Erfahrungen im Bereich DDR (Entwaffnung, Demobilisierung und Reintegration) in der Region zu nutzen.<\/p>\n<p>Die Regierungen der Demokratischen Republik Kongo und Ruandas brachten Katar, den Vereinigten Staaten, Togo und der AU-Kommission ihren tiefen Dank f\u00fcr ihre Unterst\u00fctzung w\u00e4hrend des gesamten Friedensprozesses zum Ausdruck und vereinbarten, sich beim n\u00e4chsten Treffen des Mechanismus f\u00fcr Sicherheit-Koordinierung (JSCM) am 16. und 17. September in Genf wieder zu treffen.<\/p>\n","protected":false},"excerpt":{"rendered":"Doha, den 14. August \/QNA\/ Im Anschluss an das sechste in Genf stattgefundene Treffen des Gemeinsamen Mechanismus zur&hellip;\n","protected":false},"author":2,"featured_media":50557,"comment_status":"","ping_status":"","sticky":false,"template":"","format":"standard","meta":{"footnotes":"","_share_on_mastodon":"0"},"categories":[17],"tags":[1535,277,192,194,190,188,193,191,462,461,19364,4263,5002,19363,139,189,5691,403,318,287,3387],"class_list":["post-50556","post","type-post","status-publish","format-standard","has-post-thumbnail","category-demokratische-republik-kongo","tag-afrikanische-union","tag-ddr","tag-dem-rep-kongo","tag-democratic-republic-of-the-congo","tag-demokratische-republik","tag-demokratische-republik-kongo","tag-dr-congo","tag-dr-kongo","tag-drc","tag-drk","tag-fdlr","tag-friedensabkommen","tag-genf","tag-jscm","tag-katar","tag-kongo","tag-monusco","tag-ruanda","tag-togo","tag-usa","tag-washington"],"share_on_mastodon":{"url":"https:\/\/pubeurope.com\/@afrika\/117206781896801604","error":""},"_links":{"self":[{"href":"https:\/\/www.europesays.com\/afrika\/wp-json\/wp\/v2\/posts\/50556","targetHints":{"allow":["GET"]}}],"collection":[{"href":"https:\/\/www.europesays.com\/afrika\/wp-json\/wp\/v2\/posts"}],"about":[{"href":"https:\/\/www.europesays.com\/afrika\/wp-json\/wp\/v2\/types\/post"}],"author":[{"embeddable":true,"href":"https:\/\/www.europesays.com\/afrika\/wp-json\/wp\/v2\/users\/2"}],"replies":[{"embeddable":true,"href":"https:\/\/www.europesays.com\/afrika\/wp-json\/wp\/v2\/comments?post=50556"}],"version-history":[{"count":0,"href":"https:\/\/www.europesays.com\/afrika\/wp-json\/wp\/v2\/posts\/50556\/revisions"}],"wp:featuredmedia":[{"embeddable":true,"href":"https:\/\/www.europesays.com\/afrika\/wp-json\/wp\/v2\/media\/50557"}],"wp:attachment":[{"href":"https:\/\/www.europesays.com\/afrika\/wp-json\/wp\/v2\/media?parent=50556"}],"wp:term":[{"taxonomy":"category","embeddable":true,"href":"https:\/\/www.europesays.com\/afrika\/wp-json\/wp\/v2\/categories?post=50556"},{"taxonomy":"post_tag","embeddable":true,"href":"https:\/\/www.europesays.com\/afrika\/wp-json\/wp\/v2\/tags?post=50556"}],"curies":[{"name":"wp","href":"https:\/\/api.w.org\/{rel}","templated":true}]}}