{"id":50558,"date":"2026-09-03T11:07:12","date_gmt":"2026-09-03T11:07:12","guid":{"rendered":"https:\/\/www.europesays.com\/afrika\/50558\/"},"modified":"2026-09-03T11:07:12","modified_gmt":"2026-09-03T11:07:12","slug":"kehrtwende-in-ghana-queiroz-nun-doch-wieder-nationalcoach","status":"publish","type":"post","link":"https:\/\/www.europesays.com\/afrika\/50558\/","title":{"rendered":"Kehrtwende in Ghana: Queiroz nun doch wieder Nationalcoach"},"content":{"rendered":"<p>Fu\u00dfball <\/p>\n<p>Kehrtwende in Ghana: Queiroz nun doch wieder Nationalcoach<\/p>\n<p>Aktualisiert am 03.09.2026 &#8211; 10:25 UhrLesedauer: 1 Min.<\/p>\n<p><a href=\"#focus-0\" class=\"transition-colors block text-current relative\" data-sctrack=\"FocusGalleryImage.Reference\"><img fetchpriority=\"high\" data-testid=\"Opener.Image\"   loading=\"eager\" src=\"https:\/\/www.europesays.com\/afrika\/wp-content\/uploads\/2026\/09\/erst-schon-weg-nun-wieder-da-als-nationalcoach-von-ghana-carlos-queiroz-archivbild.jpg\" alt=\"Carlos Queiroz\" title=\"Carlos Queiroz\" width=\"2048\" height=\"1152\" class=\"bg-[url:var(--lqipURL)] bg-cover bg-center flex h-full w-full max-w-full\" style=\"--lqipURL:url('https:\/\/images.t-online.de\/2026\/09\/pjem01us2cy6\/0x107:2048x1152\/fit-in\/150x0\/filters:blur(25)\/erst-schon-weg-nun-wieder-da-als-nationalcoach-von-ghana-carlos-queiroz-archivbild.jpg')\" decoding=\"async\"\/><img loading=\"lazy\" src=\"https:\/\/www.t-online.de\/s\/paper\/_next\/static\/media\/zoom-in.f7dae02f.svg\" alt=\"Vergr\u00f6\u00dfern des Bildes\" title=\"Vergr\u00f6\u00dfern des Bildes\" class=\"block h-[calc(var(--height)_\/_16_*_1rem)] w-[calc(var(--width)_\/_16_*_1rem)] max-w-none absolute right-8 bottom-8 rounded-4 bg-snow p-8\" style=\"--width:32;--height:32\" decoding=\"async\"\/><\/a><\/p>\n<p>Erst schon weg, nun wieder da als Nationalcoach von Ghana: Carlos Queiroz. (Archivbild) (Quelle: Tom Weller\/dpa\/dpa-bilder)<\/p>\n<p><img loading=\"lazy\" src=\"https:\/\/www.t-online.de\/s\/paper\/_next\/static\/media\/audio-volume.6689034c.svg\" alt=\"\" title=\"\" class=\"block h-[calc(var(--height)_\/_16_*_1rem)] w-[calc(var(--width)_\/_16_*_1rem)] max-w-none group-hover:brightness-0 group-hover:invert\" style=\"--width:16;--height:16\" decoding=\"async\"\/>Vorlesen<\/p>\n<p>Aktuelle Zeit:0:00Gesamtdauer:0:00<\/p>\n<p>1x<img loading=\"lazy\" src=\"https:\/\/www.t-online.de\/s\/paper\/_next\/static\/media\/font-sizes.32942e33.svg\" alt=\"\" title=\"\" class=\"block h-[calc(var(--height)_\/_16_*_1rem)] w-[calc(var(--width)_\/_16_*_1rem)] max-w-none group-hover:hidden group-aria-expanded:hidden\" style=\"--width:16;--height:16\" decoding=\"async\"\/><img loading=\"lazy\" src=\"https:\/\/www.t-online.de\/s\/paper\/_next\/static\/media\/font-sizes-dark-mode.e382645c.svg\" alt=\"\" title=\"\" class=\"block h-[calc(var(--height)_\/_16_*_1rem)] w-[calc(var(--width)_\/_16_*_1rem)] max-w-none hidden group-hover:block group-aria-expanded:block\" style=\"--width:16;--height:16\" decoding=\"async\"\/><img loading=\"lazy\" src=\"https:\/\/www.t-online.de\/s\/paper\/_next\/static\/media\/sharing-menu-icon.1eb71368.svg\" alt=\"\" title=\"\" class=\"block h-[calc(var(--height)_\/_16_*_1rem)] w-[calc(var(--width)_\/_16_*_1rem)] max-w-none group-hover:brightness-0 group-hover:invert\" style=\"--width:16;--height:16\" decoding=\"async\"\/>Artikel teilen<\/p>\n<p class=\"font-bold text-18 leading-17 user-text-lg:text-22 user-text-xl:text-24\">Eigentlich hatte Carlos Queiroz nach dem WM-Aus auch sein Aus als Trainer der Nationalmannschaft von Ghana erkl\u00e4rt. Nun hat er seine Meinung ge\u00e4ndert.<\/p>\n<p class=\"text-18 leading-17 user-text-lg:text-22 user-text-xl:text-24\">Carlos Queiroz hat es sich noch mal anders \u00fcberlegt. Nachdem er sein Ende als Fu\u00dfball-Nationaltrainer Ghanas nach dem WM-Aus im Sechzehntelfinale gegen Kolumbien erkl\u00e4rt hatte, verk\u00fcndete der Verband nun die R\u00fcckkehr des 73 Jahre alten Portugiesen. <\/p>\n<p class=\"text-18 leading-17 user-text-lg:text-22 user-text-xl:text-24\">&#8222;Der ghanaische Fu\u00dfballverband freut sich bekannt zu geben, dass er mit Carlos Queiroz eine Einigung \u00fcber dessen Ernennung zum Cheftrainer der &#8218;Black Stars&#8216; f\u00fcr die n\u00e4chste Phase (&#8230;.) erzielt hat&#8220;, hie\u00df es in einer Mitteilung. \u00dcber die Laufzeit des neuen Vertrages machte der Verband keine Angaben. Der n\u00e4chste Afrika-Cup steht in knapp einem Jahr an. <\/p>\n<p>Kritik am Verband nach WM-Aus<\/p>\n<p class=\"text-18 leading-17 user-text-lg:text-22 user-text-xl:text-24\">Queiroz hatte den Posten erst im April nach einer Testspiel-Niederlage in Deutschland von Otto Addo \u00fcbernommen. Das XXL-Turnier in den USA, Kanada und Mexiko war seine f\u00fcnfte WM als Coach in Serie.<\/p>\n<p class=\"text-18 leading-17 user-text-lg:text-22 user-text-xl:text-24\">Er hatte bei seinem vermeintlichen Abschied den Verband kritisiert und gesagt: &#8222;Die Zukunft der Black Stars wird nicht allein auf dem Platz gebaut, der Erfolg der Black Stars muss au\u00dferhalb des Platzes beginnen, indem man die bestm\u00f6glichen Bedingungen schafft, um das au\u00dfergew\u00f6hnliche Fu\u00dfball-Talent Ghanas vorzubereiten, zu sch\u00fctzen und zu entwickeln.&#8220;<\/p>\n","protected":false},"excerpt":{"rendered":"Fu\u00dfball Kehrtwende in Ghana: Queiroz nun doch wieder Nationalcoach Aktualisiert am 03.09.2026 &#8211; 10:25 UhrLesedauer: 1 Min. Erst&hellip;\n","protected":false},"author":2,"featured_media":50559,"comment_status":"","ping_status":"","sticky":false,"template":"","format":"standard","meta":{"footnotes":"","_share_on_mastodon":"0"},"categories":[13],"tags":[9751,152,151,19354,4598,160],"class_list":["post-50558","post","type-post","status-publish","format-standard","has-post-thumbnail","category-ghana","tag-carlos-queiroz","tag-fussball","tag-ghana","tag-kehrtwende","tag-kolumbien","tag-nationalmannschaft-ghana"],"share_on_mastodon":{"url":"https:\/\/pubeurope.com\/@afrika\/117206793922504408","error":""},"_links":{"self":[{"href":"https:\/\/www.europesays.com\/afrika\/wp-json\/wp\/v2\/posts\/50558","targetHints":{"allow":["GET"]}}],"collection":[{"href":"https:\/\/www.europesays.com\/afrika\/wp-json\/wp\/v2\/posts"}],"about":[{"href":"https:\/\/www.europesays.com\/afrika\/wp-json\/wp\/v2\/types\/post"}],"author":[{"embeddable":true,"href":"https:\/\/www.europesays.com\/afrika\/wp-json\/wp\/v2\/users\/2"}],"replies":[{"embeddable":true,"href":"https:\/\/www.europesays.com\/afrika\/wp-json\/wp\/v2\/comments?post=50558"}],"version-history":[{"count":0,"href":"https:\/\/www.europesays.com\/afrika\/wp-json\/wp\/v2\/posts\/50558\/revisions"}],"wp:featuredmedia":[{"embeddable":true,"href":"https:\/\/www.europesays.com\/afrika\/wp-json\/wp\/v2\/media\/50559"}],"wp:attachment":[{"href":"https:\/\/www.europesays.com\/afrika\/wp-json\/wp\/v2\/media?parent=50558"}],"wp:term":[{"taxonomy":"category","embeddable":true,"href":"https:\/\/www.europesays.com\/afrika\/wp-json\/wp\/v2\/categories?post=50558"},{"taxonomy":"post_tag","embeddable":true,"href":"https:\/\/www.europesays.com\/afrika\/wp-json\/wp\/v2\/tags?post=50558"}],"curies":[{"name":"wp","href":"https:\/\/api.w.org\/{rel}","templated":true}]}}